{"id":78552,"date":"2021-11-03T12:37:33","date_gmt":"2021-11-03T12:37:33","guid":{"rendered":"http:\/\/folhadosudeste.com\/site\/?p=78552"},"modified":"2021-11-03T12:54:21","modified_gmt":"2021-11-03T12:54:21","slug":"acao-conjunta-da-policia-civil-prende-trio-suspeito-de-homicidio-em-muriae","status":"publish","type":"post","link":"https:\/\/folhadosudeste.com\/site\/?p=78552","title":{"rendered":"A\u00e7\u00e3o conjunta da Pol\u00edcia Civil prende trio suspeito de homic\u00eddio em Muria\u00e9"},"content":{"rendered":"<h4 class=\"content-head__subtitle\" style=\"text-align: justify;\"><em>A opera\u00e7\u00e3o entre policiais civis do Rio de Janeiro e Muria\u00e9 deteve envolvidos no crime ocorrido em julho de 2021.<\/em><\/h4>\n<p><a href=\"http:\/\/folhadosudeste.com\/site\/wp-content\/uploads\/2021\/11\/whatsapp-image-2021-11-01-at-10.02.50-1-.jpeg\"><img loading=\"lazy\" decoding=\"async\" class=\"alignnone size-full wp-image-78554\" src=\"http:\/\/folhadosudeste.com\/site\/wp-content\/uploads\/2021\/11\/whatsapp-image-2021-11-01-at-10.02.50-1-.jpeg\" alt=\"\" width=\"1000\" height=\"750\" srcset=\"https:\/\/folhadosudeste.com\/site\/wp-content\/uploads\/2021\/11\/whatsapp-image-2021-11-01-at-10.02.50-1-.jpeg 1000w, https:\/\/folhadosudeste.com\/site\/wp-content\/uploads\/2021\/11\/whatsapp-image-2021-11-01-at-10.02.50-1--300x225.jpeg 300w, https:\/\/folhadosudeste.com\/site\/wp-content\/uploads\/2021\/11\/whatsapp-image-2021-11-01-at-10.02.50-1--768x576.jpeg 768w\" sizes=\"auto, (max-width: 1000px) 100vw, 1000px\" \/><\/a><\/p>\n<p>A\u00e7\u00e3o da Pol\u00edcia Civil prende suspeitos em Muria\u00e9 e Rio das Ostras \u2014 Foto: Pol\u00edcia Civil\/Divulga\u00e7\u00e3o<\/p>\n<p>&nbsp;<\/p>\n<div class=\"mc-column content-text active-extra-styles \" style=\"text-align: justify;\" data-block-type=\"unstyled\" data-block-weight=\"37\" data-block-id=\"2\">\n<p class=\"content-text__container \" data-track-category=\"Link no Texto\" data-track-links=\"\">Tr\u00eas pessoas foram presas na manh\u00e3 de domingo (31), nos munic\u00edpios de Muria\u00e9 e Rio das Ostras (RJ), investigados por envolvimento em um homic\u00eddio ocorrido em julho de 2021 em Muria\u00e9, na Zona da Mata mineira.<\/p>\n<\/div>\n<div class=\"wall protected-content\" style=\"text-align: justify;\">\n<div class=\"mc-column content-text active-extra-styles \" style=\"text-align: justify;\" data-block-type=\"unstyled\" data-block-weight=\"22\" data-block-id=\"3\">\n<p class=\"content-text__container \" data-track-category=\"Link no Texto\" data-track-links=\"\">De acordo com a Pol\u00edcia Civil, h\u00e1 fortes ind\u00edcios de que a motiva\u00e7\u00e3o esteja relacionada ao tr\u00e1fico de drogas.<\/p>\n<\/div>\n<div class=\"mc-column content-text active-extra-styles \" style=\"text-align: justify;\" data-block-type=\"unstyled\" data-block-weight=\"34\" data-block-id=\"4\">\n<p class=\"content-text__container \" data-track-category=\"Link no Texto\" data-track-links=\"\">A opera\u00e7\u00e3o conjunta entre as pol\u00edcias civis de Minas Gerais e do Rio de Janeiro prendeu o principal suspeito, um homem de 31 anos, na casa dele, no Bairro Porto Belo, em Muria\u00e9.<\/p>\n<\/div>\n<div class=\"mc-column content-text active-extra-styles \" style=\"text-align: justify;\" data-block-type=\"unstyled\" data-block-weight=\"12\" data-block-id=\"5\">\n<p class=\"content-text__container \" data-track-category=\"Link no Texto\" data-track-links=\"\">No Bairro Marambaia, um jovem de 20 anos tamb\u00e9m foi preso.<\/p>\n<\/div>\n<div class=\"mc-column content-text active-extra-styles \" style=\"text-align: justify;\" data-block-type=\"unstyled\" data-block-weight=\"32\" data-block-id=\"6\">\n<p class=\"content-text__container \" data-track-category=\"Link no Texto\" data-track-links=\"\">As investiga\u00e7\u00f5es tamb\u00e9m apontaram que o homem tinha um im\u00f3vel na cidade de Rio das Ostras (RJ). No local, uma jovem de 24 anos, identificada como namorada do suspeito, foi presa.<\/p>\n<\/div>\n<div class=\"mc-column content-text active-extra-styles \" data-block-type=\"unstyled\" data-block-weight=\"21\" data-block-id=\"7\">\n<p class=\"content-text__container \" style=\"text-align: justify;\" data-track-category=\"Link no Texto\" data-track-links=\"\">Tamb\u00e9m em Rio das Ostras (RJ), os policiais apreenderam um ve\u00edculo de luxo, avaliado em cerca de R$ 150 mil.<\/p>\n<\/div>\n<\/div>\n<p style=\"text-align: justify;\"><!--more--><\/p>\n<div class=\"row medium-uncollapsed content-media content-photo\" style=\"text-align: justify;\" data-block-type=\"backstage-photo\" data-block-id=\"8\">\n<div class=\"mc-column content-media__container\">\n<p><a href=\"http:\/\/folhadosudeste.com\/site\/wp-content\/uploads\/2021\/11\/whatsapp-image-2021-11-01-at-10.02.50.jpeg\"><img loading=\"lazy\" decoding=\"async\" class=\"alignnone size-full wp-image-78553\" src=\"http:\/\/folhadosudeste.com\/site\/wp-content\/uploads\/2021\/11\/whatsapp-image-2021-11-01-at-10.02.50.jpeg\" alt=\"\" width=\"984\" height=\"689\" srcset=\"https:\/\/folhadosudeste.com\/site\/wp-content\/uploads\/2021\/11\/whatsapp-image-2021-11-01-at-10.02.50.jpeg 984w, https:\/\/folhadosudeste.com\/site\/wp-content\/uploads\/2021\/11\/whatsapp-image-2021-11-01-at-10.02.50-300x210.jpeg 300w, https:\/\/folhadosudeste.com\/site\/wp-content\/uploads\/2021\/11\/whatsapp-image-2021-11-01-at-10.02.50-768x538.jpeg 768w\" sizes=\"auto, (max-width: 984px) 100vw, 984px\" \/><\/a><\/p>\n<p class=\"content-media__description \">Carro apreendido em Rio das Ostras \u2014 Foto: Pol\u00edcia Civil\/Divulga\u00e7\u00e3o<\/p>\n<\/div>\n<\/div>\n<div class=\"content-ads content-ads--reveal\" data-block-type=\"ads\" data-block-id=\"9\">\n<div id=\"banner_materia2\" class=\"tag-manager-publicidade-container mc-has-reveal mc-has-ad-lazyload tag-manager-publicidade-banner_materia2 tag-manager-publicidade-container--carregado tag-manager-publicidade-container--visivel\" data-id=\"banner_materia2\" data-req=\"true\" data-google-query-id=\"CML2rc6Z_PMCFcqZlQIdePAJsw\" data-cid=\"138369461501\" data-lid=\"5806780524\">\n<div class=\"mc-column content-text active-extra-styles \" style=\"text-align: justify;\" data-block-type=\"unstyled\" data-block-weight=\"33\" data-block-id=\"10\">\n<p class=\"content-text__container \" data-track-category=\"Link no Texto\" data-track-links=\"\">Segundo a Pol\u00edcia, esta \u00e9 a quinta vez que o homem de 31 anos \u00e9 preso. Ele j\u00e1 responde na Justi\u00e7a por crimes como homic\u00eddio, tr\u00e1fico de drogas e lavagem de dinheiro.<\/p>\n<\/div>\n<div class=\"mc-column content-text active-extra-styles\" style=\"text-align: justify;\" data-block-type=\"raw\" data-block-weight=\"2\" data-block-id=\"11\">\n<div class=\"content-intertitle\">\n<h2>O crime<\/h2>\n<\/div>\n<\/div>\n<div class=\"mc-column content-text active-extra-styles \" style=\"text-align: justify;\" data-block-type=\"unstyled\" data-block-weight=\"20\" data-block-id=\"12\">\n<p class=\"content-text__container \" data-track-category=\"Link no Texto\" data-track-links=\"\">O crime investigado pela Pol\u00edcia Civil&nbsp;<a href=\"https:\/\/g1.globo.com\/mg\/zona-da-mata\/noticia\/2021\/07\/08\/homem-morre-baleado-no-bairro-encoberta-em-muriae.ghtml\">ocorreu no dia 7 de julho de 2021, no Bairro Encoberta em Muria\u00e9.<\/a><\/p>\n<\/div>\n<div class=\"mc-column content-text active-extra-styles \" style=\"text-align: justify;\" data-block-type=\"unstyled\" data-block-weight=\"26\" data-block-id=\"13\">\n<p class=\"content-text__container \" data-track-category=\"Link no Texto\" data-track-links=\"\">Na ocasi\u00e3o, conforme publicado pelo&nbsp;<a href=\"https:\/\/g1.globo.com\/mg\/zona-da-mata\/\">g1<\/a>, um homem de 47 anos foi morto a tiros em via p\u00fablica. Ele foi baleado mais de 15 vezes.<\/p>\n<\/div>\n<div class=\"mc-column content-text active-extra-styles \" data-block-type=\"unstyled\" data-block-weight=\"24\" data-block-id=\"14\">\n<p class=\"content-text__container \" style=\"text-align: justify;\" data-track-category=\"Link no Texto\" data-track-links=\"\">As apura\u00e7\u00f5es da pol\u00edcia apontam que a motiva\u00e7\u00e3o est\u00e1 relacionada a disputa e controle de territ\u00f3rios da cidade para o com\u00e9rcio de drogas.<\/p>\n<p data-track-category=\"Link no Texto\" data-track-links=\"\">Fonte: G1\/Zona Da Mata<\/p>\n<\/div>\n<\/div>\n<\/div>\n","protected":false},"excerpt":{"rendered":"<p>A opera\u00e7\u00e3o entre policiais civis do Rio de Janeiro e Muria\u00e9 deteve envolvidos no crime ocorrido em julho de 2021. A\u00e7\u00e3o da Pol\u00edcia Civil prende suspeitos em Muria\u00e9 e Rio das Ostras \u2014 Foto: Pol\u00edcia Civil\/Divulga\u00e7\u00e3o &nbsp; Tr\u00eas pessoas foram presas na manh\u00e3 de domingo (31), nos munic\u00edpios de Muria\u00e9 e Rio das Ostras (RJ), [&hellip;]<\/p>\n","protected":false},"author":6,"featured_media":0,"comment_status":"open","ping_status":"closed","sticky":false,"template":"","format":"standard","meta":{"_joinchat":[],"footnotes":""},"categories":[1],"tags":[],"class_list":["post-78552","post","type-post","status-publish","format-standard","hentry","category-sem-categoria"],"_links":{"self":[{"href":"https:\/\/folhadosudeste.com\/site\/index.php?rest_route=\/wp\/v2\/posts\/78552","targetHints":{"allow":["GET"]}}],"collection":[{"href":"https:\/\/folhadosudeste.com\/site\/index.php?rest_route=\/wp\/v2\/posts"}],"about":[{"href":"https:\/\/folhadosudeste.com\/site\/index.php?rest_route=\/wp\/v2\/types\/post"}],"author":[{"embeddable":true,"href":"https:\/\/folhadosudeste.com\/site\/index.php?rest_route=\/wp\/v2\/users\/6"}],"replies":[{"embeddable":true,"href":"https:\/\/folhadosudeste.com\/site\/index.php?rest_route=%2Fwp%2Fv2%2Fcomments&post=78552"}],"version-history":[{"count":2,"href":"https:\/\/folhadosudeste.com\/site\/index.php?rest_route=\/wp\/v2\/posts\/78552\/revisions"}],"predecessor-version":[{"id":78561,"href":"https:\/\/folhadosudeste.com\/site\/index.php?rest_route=\/wp\/v2\/posts\/78552\/revisions\/78561"}],"wp:attachment":[{"href":"https:\/\/folhadosudeste.com\/site\/index.php?rest_route=%2Fwp%2Fv2%2Fmedia&parent=78552"}],"wp:term":[{"taxonomy":"category","embeddable":true,"href":"https:\/\/folhadosudeste.com\/site\/index.php?rest_route=%2Fwp%2Fv2%2Fcategories&post=78552"},{"taxonomy":"post_tag","embeddable":true,"href":"https:\/\/folhadosudeste.com\/site\/index.php?rest_route=%2Fwp%2Fv2%2Ftags&post=78552"}],"curies":[{"name":"wp","href":"https:\/\/api.w.org\/{rel}","templated":true}]}}