{"id":78562,"date":"2021-11-03T12:58:13","date_gmt":"2021-11-03T12:58:13","guid":{"rendered":"http:\/\/folhadosudeste.com\/site\/?p=78562"},"modified":"2021-11-03T12:58:13","modified_gmt":"2021-11-03T12:58:13","slug":"escolas-municipais-retomam-aulas-presenciais-obrigatorias-nesta-quarta-feira-03","status":"publish","type":"post","link":"https:\/\/folhadosudeste.com\/site\/?p=78562","title":{"rendered":"Escolas municipais retomam aulas presenciais obrigat\u00f3rias nesta quarta-feira (03)"},"content":{"rendered":"<p><a href=\"http:\/\/folhadosudeste.com\/site\/wp-content\/uploads\/2021\/11\/WhatsApp-Image-2021-11-03-at-09.56.17.jpeg\"><img loading=\"lazy\" decoding=\"async\" class=\"alignnone size-full wp-image-78563\" src=\"http:\/\/folhadosudeste.com\/site\/wp-content\/uploads\/2021\/11\/WhatsApp-Image-2021-11-03-at-09.56.17.jpeg\" alt=\"\" width=\"1242\" height=\"645\" srcset=\"https:\/\/folhadosudeste.com\/site\/wp-content\/uploads\/2021\/11\/WhatsApp-Image-2021-11-03-at-09.56.17.jpeg 1242w, https:\/\/folhadosudeste.com\/site\/wp-content\/uploads\/2021\/11\/WhatsApp-Image-2021-11-03-at-09.56.17-300x156.jpeg 300w, https:\/\/folhadosudeste.com\/site\/wp-content\/uploads\/2021\/11\/WhatsApp-Image-2021-11-03-at-09.56.17-768x399.jpeg 768w, https:\/\/folhadosudeste.com\/site\/wp-content\/uploads\/2021\/11\/WhatsApp-Image-2021-11-03-at-09.56.17-1024x532.jpeg 1024w\" sizes=\"auto, (max-width: 1242px) 100vw, 1242px\" \/><\/a><\/p>\n<p style=\"text-align: justify;\">Escolas municipais retomam aulas presenciais obrigat\u00f3rias nesta quarta-feira (03); veja regras e exce\u00e7\u00f5es:<\/p>\n<p>A exemplo da rede estadual, o retorno \u00e0s aulas presenciais nas escolas do munic\u00edpio tamb\u00e9m ser\u00e1 obrigat\u00f3rio a partir de hoje, logo ap\u00f3s o feriado de Finados.<\/p>\n<p>Mas existem exce\u00e7\u00f5es. Estudantes cujas condi\u00e7\u00f5es de sa\u00fade sejam de fragilidade \u00e0 covid-19 poder\u00e3o permanecer em atividades escolares \u00e0 dist\u00e2ncia mesmo se j\u00e1 estiverem com o ciclo vacinal completo. Ser\u00e1 necess\u00e1rio, por\u00e9m, comprovar a situa\u00e7\u00e3o atrav\u00e9s de relat\u00f3rio m\u00e9dico.<\/p>\n<p>As exce\u00e7\u00f5es valem somente para os seguintes casos:<\/p>\n<p>\u2013 pessoas com HIV \/ AIDS;<br \/>\n\u2013 pessoas recebendo quimioterapia para tratamento de c\u00e2ncer;<br \/>\n\u2013 pessoas com algum tipo de c\u00e2ncer hematol\u00f3gico;<br \/>\n\u2013 pessoas transplantadas ou que estejam recebendo c\u00e9lulas-tronco;<br \/>\n\u2013 pessoas que passam por hemodi\u00e1lise;<br \/>\n\u2013 pessoas que fazem uso de medicamentos que podem minimizar a resposta imune \u00e0 vacina\u00e7\u00e3o.<\/p>\n<p style=\"text-align: justify;\"><!--more--><\/p>\n<p>Outras situa\u00e7\u00f5es \u2013 As crian\u00e7as que t\u00eam alguma das comorbidades listadas abaixo e ainda n\u00e3o est\u00e3o vacinadas precisam apresentar relat\u00f3rio m\u00e9dico aconselhando que n\u00e3o retornem \u00e0s atividades presenciais. S\u00e3o elas:<\/p>\n<p>\u2013 obesidade;<br \/>\n\u2013 diabetes;<br \/>\n\u2013 asma;<br \/>\n\u2013 doen\u00e7a pulmonar cr\u00f4nica;<br \/>\n\u2013 doen\u00e7a falciforme;<br \/>\n\u2013 doen\u00e7a card\u00edaca cong\u00eanita.<\/p>\n<p>J\u00e1 as crian\u00e7as e os adolescentes que estiverem vacinados e com as complexidades m\u00e9dicas devidamente controladas dever\u00e3o retornar \u00e0s aulas presenciais.<\/p>\n<p>Por fim, os estudantes com alguma situa\u00e7\u00e3o de sa\u00fade que n\u00e3o foi mencionada devem, se for o caso, apresentar \u00e0 dire\u00e7\u00e3o da escola o relat\u00f3rio m\u00e9dico orientando que n\u00e3o retornem \u00e0s atividades presenciais no momento.<\/p>\n<p>As regras para a retomada das aulas presenciais est\u00e3o listadas na resolu\u00e7\u00e3o n\u00famero 56 do Comit\u00ea Municipal da Covid-19, cuja publica\u00e7\u00e3o ocorreu na quarta-feira (27).<\/p>\n<p>Fonte: Prefeitura De Muria\u00e9<\/p>\n","protected":false},"excerpt":{"rendered":"<p>Escolas municipais retomam aulas presenciais obrigat\u00f3rias nesta quarta-feira (03); veja regras e exce\u00e7\u00f5es: A exemplo da rede estadual, o retorno \u00e0s aulas presenciais nas escolas do munic\u00edpio tamb\u00e9m ser\u00e1 obrigat\u00f3rio a partir de hoje, logo ap\u00f3s o feriado de Finados. Mas existem exce\u00e7\u00f5es. Estudantes cujas condi\u00e7\u00f5es de sa\u00fade sejam de fragilidade \u00e0 covid-19 poder\u00e3o permanecer [&hellip;]<\/p>\n","protected":false},"author":6,"featured_media":0,"comment_status":"open","ping_status":"closed","sticky":false,"template":"","format":"standard","meta":{"_joinchat":[],"footnotes":""},"categories":[1],"tags":[],"class_list":["post-78562","post","type-post","status-publish","format-standard","hentry","category-sem-categoria"],"_links":{"self":[{"href":"https:\/\/folhadosudeste.com\/site\/index.php?rest_route=\/wp\/v2\/posts\/78562","targetHints":{"allow":["GET"]}}],"collection":[{"href":"https:\/\/folhadosudeste.com\/site\/index.php?rest_route=\/wp\/v2\/posts"}],"about":[{"href":"https:\/\/folhadosudeste.com\/site\/index.php?rest_route=\/wp\/v2\/types\/post"}],"author":[{"embeddable":true,"href":"https:\/\/folhadosudeste.com\/site\/index.php?rest_route=\/wp\/v2\/users\/6"}],"replies":[{"embeddable":true,"href":"https:\/\/folhadosudeste.com\/site\/index.php?rest_route=%2Fwp%2Fv2%2Fcomments&post=78562"}],"version-history":[{"count":1,"href":"https:\/\/folhadosudeste.com\/site\/index.php?rest_route=\/wp\/v2\/posts\/78562\/revisions"}],"predecessor-version":[{"id":78564,"href":"https:\/\/folhadosudeste.com\/site\/index.php?rest_route=\/wp\/v2\/posts\/78562\/revisions\/78564"}],"wp:attachment":[{"href":"https:\/\/folhadosudeste.com\/site\/index.php?rest_route=%2Fwp%2Fv2%2Fmedia&parent=78562"}],"wp:term":[{"taxonomy":"category","embeddable":true,"href":"https:\/\/folhadosudeste.com\/site\/index.php?rest_route=%2Fwp%2Fv2%2Fcategories&post=78562"},{"taxonomy":"post_tag","embeddable":true,"href":"https:\/\/folhadosudeste.com\/site\/index.php?rest_route=%2Fwp%2Fv2%2Ftags&post=78562"}],"curies":[{"name":"wp","href":"https:\/\/api.w.org\/{rel}","templated":true}]}}