{"id":78566,"date":"2021-11-04T00:20:02","date_gmt":"2021-11-04T00:20:02","guid":{"rendered":"http:\/\/folhadosudeste.com\/site\/?p=78566"},"modified":"2021-11-04T00:20:02","modified_gmt":"2021-11-04T00:20:02","slug":"apenas-um-caso-de-covid-19-foi-lancado-no-sistema-de-registros-da-secretaria-municipal-de-saude-desde-a-ultima-sexta-feira","status":"publish","type":"post","link":"https:\/\/folhadosudeste.com\/site\/?p=78566","title":{"rendered":"Apenas um caso de covid-19 foi lan\u00e7ado no sistema de registros da Secretaria Municipal de Sa\u00fade desde a \u00faltima sexta-feira"},"content":{"rendered":"<div><a href=\"http:\/\/folhadosudeste.com\/site\/wp-content\/uploads\/2021\/11\/03112021.jpg\"><img loading=\"lazy\" decoding=\"async\" class=\"alignnone size-full wp-image-78567\" src=\"http:\/\/folhadosudeste.com\/site\/wp-content\/uploads\/2021\/11\/03112021.jpg\" alt=\"\" width=\"1080\" height=\"1080\" srcset=\"https:\/\/folhadosudeste.com\/site\/wp-content\/uploads\/2021\/11\/03112021.jpg 1080w, https:\/\/folhadosudeste.com\/site\/wp-content\/uploads\/2021\/11\/03112021-150x150.jpg 150w, https:\/\/folhadosudeste.com\/site\/wp-content\/uploads\/2021\/11\/03112021-300x300.jpg 300w, https:\/\/folhadosudeste.com\/site\/wp-content\/uploads\/2021\/11\/03112021-768x768.jpg 768w, https:\/\/folhadosudeste.com\/site\/wp-content\/uploads\/2021\/11\/03112021-1024x1024.jpg 1024w\" sizes=\"auto, (max-width: 1080px) 100vw, 1080px\" \/><\/a><\/div>\n<div style=\"text-align: justify;\">O n\u00famero de pacientes ativos caiu para quatro, dos quais dois est\u00e3o internados &#8211; ambos em UTIs.<\/div>\n<div style=\"text-align: justify;\">&nbsp;<\/div>\n<div style=\"text-align: justify;\">A m\u00e9dia m\u00f3vel atual (que considera apenas os n\u00fameros das \u00faltimas duas semanas) \u00e9 de 1,07 casos por dia. O \u00edndice \u00e9 32% mais baixo que o do per\u00edodo anterior.<\/div>\n<div style=\"text-align: justify;\">&nbsp;<\/div>\n<div style=\"text-align: justify;\">Veja os n\u00fameros completos de hoje (03\/11\/2021):<\/div>\n<div style=\"text-align: justify;\">&nbsp;<\/div>\n<div style=\"text-align: justify;\">VACINA\u00c7\u00c3O (at\u00e9 29\/10)<\/div>\n<div style=\"text-align: justify;\">Parcialmente vacinados: 84.332 pessoas (77,09%)<\/div>\n<div style=\"text-align: justify;\">Totalmente vacinados: 60.060 pessoas (54,90%)<\/div>\n<div style=\"text-align: justify;\">Dose de refor\u00e7o \/ adicional: 5.771 pessoas (5,28%)<\/div>\n<div style=\"text-align: justify;\">&nbsp;<\/div>\n<div style=\"text-align: justify;\">CASOS<\/div>\n<div style=\"text-align: justify;\">Total de casos confirmados: 11.875 (+01)<\/div>\n<div style=\"text-align: justify;\">Pacientes ativos: 04<\/div>\n<div style=\"text-align: justify;\">Pacientes curados: 11.555<\/div>\n<div style=\"text-align: justify;\">\u00d3bitos: 316<\/div>\n<div style=\"text-align: justify;\">Investigados \/ Monitorados: 67<\/div>\n<div style=\"text-align: justify;\">Negativos: 15.123<\/div>\n","protected":false},"excerpt":{"rendered":"<p>O n\u00famero de pacientes ativos caiu para quatro, dos quais dois est\u00e3o internados &#8211; ambos em UTIs. &nbsp; A m\u00e9dia m\u00f3vel atual (que considera apenas os n\u00fameros das \u00faltimas duas semanas) \u00e9 de 1,07 casos por dia. O \u00edndice \u00e9 32% mais baixo que o do per\u00edodo anterior. &nbsp; Veja os n\u00fameros completos de hoje [&hellip;]<\/p>\n","protected":false},"author":6,"featured_media":0,"comment_status":"open","ping_status":"closed","sticky":false,"template":"","format":"standard","meta":{"_joinchat":[],"footnotes":""},"categories":[1],"tags":[],"class_list":["post-78566","post","type-post","status-publish","format-standard","hentry","category-sem-categoria"],"_links":{"self":[{"href":"https:\/\/folhadosudeste.com\/site\/index.php?rest_route=\/wp\/v2\/posts\/78566","targetHints":{"allow":["GET"]}}],"collection":[{"href":"https:\/\/folhadosudeste.com\/site\/index.php?rest_route=\/wp\/v2\/posts"}],"about":[{"href":"https:\/\/folhadosudeste.com\/site\/index.php?rest_route=\/wp\/v2\/types\/post"}],"author":[{"embeddable":true,"href":"https:\/\/folhadosudeste.com\/site\/index.php?rest_route=\/wp\/v2\/users\/6"}],"replies":[{"embeddable":true,"href":"https:\/\/folhadosudeste.com\/site\/index.php?rest_route=%2Fwp%2Fv2%2Fcomments&post=78566"}],"version-history":[{"count":1,"href":"https:\/\/folhadosudeste.com\/site\/index.php?rest_route=\/wp\/v2\/posts\/78566\/revisions"}],"predecessor-version":[{"id":78568,"href":"https:\/\/folhadosudeste.com\/site\/index.php?rest_route=\/wp\/v2\/posts\/78566\/revisions\/78568"}],"wp:attachment":[{"href":"https:\/\/folhadosudeste.com\/site\/index.php?rest_route=%2Fwp%2Fv2%2Fmedia&parent=78566"}],"wp:term":[{"taxonomy":"category","embeddable":true,"href":"https:\/\/folhadosudeste.com\/site\/index.php?rest_route=%2Fwp%2Fv2%2Fcategories&post=78566"},{"taxonomy":"post_tag","embeddable":true,"href":"https:\/\/folhadosudeste.com\/site\/index.php?rest_route=%2Fwp%2Fv2%2Ftags&post=78566"}],"curies":[{"name":"wp","href":"https:\/\/api.w.org\/{rel}","templated":true}]}}