{"id":78609,"date":"2021-11-05T13:54:50","date_gmt":"2021-11-05T13:54:50","guid":{"rendered":"http:\/\/folhadosudeste.com\/site\/?p=78609"},"modified":"2021-11-05T13:54:50","modified_gmt":"2021-11-05T13:54:50","slug":"publicados-os-editais-do-processo-seletivo-2022-1-do-if-sudeste-mg-no-campus-muriae-sao-mais-de-400-vagas-ofertadas","status":"publish","type":"post","link":"https:\/\/folhadosudeste.com\/site\/?p=78609","title":{"rendered":"Publicados os editais do Processo Seletivo 2022\/1 do IF Sudeste MG. No Campus Muria\u00e9, s\u00e3o mais de 400 vagas ofertadas"},"content":{"rendered":"<div>\n<p><a href=\"http:\/\/folhadosudeste.com\/site\/wp-content\/uploads\/2021\/11\/Destaque-PS2022.jpeg\"><img loading=\"lazy\" decoding=\"async\" class=\"alignnone size-full wp-image-78610\" src=\"http:\/\/folhadosudeste.com\/site\/wp-content\/uploads\/2021\/11\/Destaque-PS2022.jpeg\" alt=\"\" width=\"748\" height=\"420\" srcset=\"https:\/\/folhadosudeste.com\/site\/wp-content\/uploads\/2021\/11\/Destaque-PS2022.jpeg 748w, https:\/\/folhadosudeste.com\/site\/wp-content\/uploads\/2021\/11\/Destaque-PS2022-300x168.jpeg 300w\" sizes=\"auto, (max-width: 748px) 100vw, 748px\" \/><\/a><\/p>\n<p style=\"text-align: justify;\">Os editais do Processo Seletivo do IF Sudeste MG para ingresso no primeiro semestre de 2022 foram publicados e encontram-se dispon\u00edveis atrav\u00e9s do link:&nbsp;<a href=\"https:\/\/www.ifsudestemg.edu.br\/hotsites\/processo-seletivo-2022-1\/editais\" target=\"_blank\" rel=\"noopener\" data-saferedirecturl=\"https:\/\/www.google.com\/url?q=https:\/\/www.ifsudestemg.edu.br\/hotsites\/processo-seletivo-2022-1\/editais&amp;source=gmail&amp;ust=1636206559809000&amp;usg=AFQjCNHV-QWcfDWDFoNO8JXrJr6nYpYtgA\"><i>https:\/\/www.ifsudestemg.edu.<wbr>br\/hotsites\/processo-seletivo-<wbr>2022-1\/editais<\/i><\/a><\/p>\n<p style=\"text-align: justify;\">As inscri\u00e7\u00f5es s\u00e3o gratuitas e ocorrem entre os dias 19 de novembro e 20 de dezembro de 2021. Para o Campus Muria\u00e9, ser\u00e3o 407 vagas distribu\u00eddas em 13 cursos das modalidades T\u00e9cnico Integrado, T\u00e9cnico Concomitante\/Subsequente, Gradua\u00e7\u00e3o e P\u00f3s-Gradua\u00e7\u00e3o&nbsp;<i>Lato Sensu<\/i>:<\/p>\n<p style=\"text-align: justify;\"><b>T\u00e9cnico Integrado ao Ensino M\u00e9dio<\/b><\/p>\n<p style=\"text-align: justify;\">&#8211; Agroecologia<\/p>\n<p style=\"text-align: justify;\">&#8211; Eletrot\u00e9cnica<\/p>\n<p style=\"text-align: justify;\">&#8211; Inform\u00e1tica<\/p>\n<p style=\"text-align: justify;\">&#8211; Mec\u00e2nica<\/p>\n<p style=\"text-align: justify;\">&#8211; Meio Ambiente<\/p>\n<p style=\"text-align: justify;\"><b>T\u00e9cnico Concomitante\/Subsequente<\/b><\/p>\n<p style=\"text-align: justify;\">&#8211; Eletromec\u00e2nica<\/p>\n<p style=\"text-align: justify;\">&#8211; Secretariado<\/p>\n<p style=\"text-align: justify;\">&#8211; Vestu\u00e1rio<\/p>\n<p style=\"text-align: justify;\"><b>Gradua\u00e7\u00e3o<\/b><\/p>\n<p style=\"text-align: justify;\">&#8211; Administra\u00e7\u00e3o<\/p>\n<p style=\"text-align: justify;\">&#8211; Licenciatura em Ci\u00eancias Biol\u00f3gicas<\/p>\n<p style=\"text-align: justify;\">&#8211; Tecnologia em Design de Moda<\/p>\n<p style=\"text-align: justify;\">&#8211; Tecnologia em Gest\u00e3o da Tecnologia da Informa\u00e7\u00e3o<\/p>\n<p style=\"text-align: justify;\"><b>P\u00f3s-Gradua\u00e7\u00e3o<\/b><\/p>\n<p style=\"text-align: justify;\">&#8211; Ensino da L\u00edngua Portuguesa e suas Literaturas<\/p>\n<p style=\"text-align: justify;\">Assim como no \u00faltimo Processo Seletivo, n\u00e3o haver\u00e1 provas e a sele\u00e7\u00e3o se dar\u00e1 atrav\u00e9s de an\u00e1lise curricular.&nbsp;&nbsp;<\/p>\n<\/div>\n<div style=\"text-align: justify;\">&nbsp;<\/div>\n","protected":false},"excerpt":{"rendered":"<p>Os editais do Processo Seletivo do IF Sudeste MG para ingresso no primeiro semestre de 2022 foram publicados e encontram-se dispon\u00edveis atrav\u00e9s do link:&nbsp;https:\/\/www.ifsudestemg.edu.br\/hotsites\/processo-seletivo-2022-1\/editais As inscri\u00e7\u00f5es s\u00e3o gratuitas e ocorrem entre os dias 19 de novembro e 20 de dezembro de 2021. Para o Campus Muria\u00e9, ser\u00e3o 407 vagas distribu\u00eddas em 13 cursos das modalidades [&hellip;]<\/p>\n","protected":false},"author":6,"featured_media":0,"comment_status":"open","ping_status":"closed","sticky":false,"template":"","format":"standard","meta":{"_joinchat":[],"footnotes":""},"categories":[1],"tags":[],"class_list":["post-78609","post","type-post","status-publish","format-standard","hentry","category-sem-categoria"],"_links":{"self":[{"href":"https:\/\/folhadosudeste.com\/site\/index.php?rest_route=\/wp\/v2\/posts\/78609","targetHints":{"allow":["GET"]}}],"collection":[{"href":"https:\/\/folhadosudeste.com\/site\/index.php?rest_route=\/wp\/v2\/posts"}],"about":[{"href":"https:\/\/folhadosudeste.com\/site\/index.php?rest_route=\/wp\/v2\/types\/post"}],"author":[{"embeddable":true,"href":"https:\/\/folhadosudeste.com\/site\/index.php?rest_route=\/wp\/v2\/users\/6"}],"replies":[{"embeddable":true,"href":"https:\/\/folhadosudeste.com\/site\/index.php?rest_route=%2Fwp%2Fv2%2Fcomments&post=78609"}],"version-history":[{"count":1,"href":"https:\/\/folhadosudeste.com\/site\/index.php?rest_route=\/wp\/v2\/posts\/78609\/revisions"}],"predecessor-version":[{"id":78611,"href":"https:\/\/folhadosudeste.com\/site\/index.php?rest_route=\/wp\/v2\/posts\/78609\/revisions\/78611"}],"wp:attachment":[{"href":"https:\/\/folhadosudeste.com\/site\/index.php?rest_route=%2Fwp%2Fv2%2Fmedia&parent=78609"}],"wp:term":[{"taxonomy":"category","embeddable":true,"href":"https:\/\/folhadosudeste.com\/site\/index.php?rest_route=%2Fwp%2Fv2%2Fcategories&post=78609"},{"taxonomy":"post_tag","embeddable":true,"href":"https:\/\/folhadosudeste.com\/site\/index.php?rest_route=%2Fwp%2Fv2%2Ftags&post=78609"}],"curies":[{"name":"wp","href":"https:\/\/api.w.org\/{rel}","templated":true}]}}