{"id":78614,"date":"2021-11-05T21:26:14","date_gmt":"2021-11-05T21:26:14","guid":{"rendered":"http:\/\/folhadosudeste.com\/site\/?p=78614"},"modified":"2021-11-05T21:26:14","modified_gmt":"2021-11-05T21:26:14","slug":"marilia-mendonca-morre-em-queda-de-aviao-em-minas-gerais","status":"publish","type":"post","link":"https:\/\/folhadosudeste.com\/site\/?p=78614","title":{"rendered":"Mar\u00edlia Mendon\u00e7a morre em queda de avi\u00e3o em Minas Gerais"},"content":{"rendered":"<div class=\"row content-head non-featured \">\n<div class=\"medium-centered subtitle\">\n<h2><a href=\"http:\/\/folhadosudeste.com\/site\/wp-content\/uploads\/2021\/11\/aviao-que-levava-marilia-mendonca-logo-apos-queda_0.jpg\"><img loading=\"lazy\" decoding=\"async\" class=\"alignnone  wp-image-78615\" src=\"http:\/\/folhadosudeste.com\/site\/wp-content\/uploads\/2021\/11\/aviao-que-levava-marilia-mendonca-logo-apos-queda_0.jpg\" alt=\"\" width=\"778\" height=\"467\" srcset=\"https:\/\/folhadosudeste.com\/site\/wp-content\/uploads\/2021\/11\/aviao-que-levava-marilia-mendonca-logo-apos-queda_0.jpg 675w, https:\/\/folhadosudeste.com\/site\/wp-content\/uploads\/2021\/11\/aviao-que-levava-marilia-mendonca-logo-apos-queda_0-300x180.jpg 300w\" sizes=\"auto, (max-width: 778px) 100vw, 778px\" \/><\/a><\/h2>\n<h4 class=\"content-head__subtitle\" style=\"text-align: justify;\">Mais quatro pessoas morreram na queda: o produtor Henrique Ribeiro, o tio e assessor da cantora Abicieli Silveira Dias Filho, o piloto e o co-pilto do avi\u00e3o.<\/h4>\n<\/div>\n<\/div>\n<div class=\"content__signa-share\">\n<div class=\"content__signature\">\n<div class=\"content-publication-data\">\n<div class=\"content-publication-data__text\">\n<div class=\"mc-column content-text active-extra-styles \" style=\"text-align: justify;\" data-block-type=\"unstyled\" data-block-weight=\"38\" data-block-id=\"2\">\n<p class=\"content-text__container \" data-track-category=\"Link no Texto\" data-track-links=\"\">A cantora Mar\u00edlia Mendon\u00e7a, de 26 anos, e mais quatro pessoas morreram na tarde desta sexta-feira (5) ap\u00f3s a queda de um avi\u00e3o de pequeno porte perto de uma cachoeira na serra de Caratinga, interior de Minas Gerais.<\/p>\n<\/div>\n<div class=\"wall protected-content\">\n<div class=\"mc-column content-text active-extra-styles \" style=\"text-align: justify;\" data-block-type=\"unstyled\" data-block-weight=\"68\" data-block-id=\"3\">\n<p class=\"content-text__container \" data-track-category=\"Link no Texto\" data-track-links=\"\">&#8220;Com imenso pesar, confirmamos a morte da cantora Mar\u00edlia Mendon\u00e7a, seu produtor Henrique Ribeiro, seu tio e assessor Abicieli Silveira Dias Filho, do piloto e copiloto do avi\u00e3o, os quais iremos preservar os nomes neste momento. O avi\u00e3o decolou de Goi\u00e2nia com destino a Caratinga\/MG, onde Mar\u00edlia teria uma apresenta\u00e7\u00e3o esta noite. De momento, s\u00e3o estas as informa\u00e7\u00f5es que temos.&#8221;, informou em nota a assessoria da cantora.<\/p>\n<\/div>\n<div class=\"mc-column content-text active-extra-styles \" data-block-type=\"unstyled\" data-block-weight=\"61\" data-block-id=\"4\">\n<p class=\"content-text__container \" style=\"text-align: justify;\" data-track-category=\"Link no Texto\" data-track-links=\"\">Os bombeiros tamb\u00e9m confirmaram a morte atrav\u00e9s da seguinte nota: &#8220;O Corpo de Bombeiros Militar de Minas Gerais informa que nesta sexta (5), ocorreu a queda de uma aeronave de pequeno porte, modelo Beech Aircraft, na zona rural de Piedade de Caratinga. O CBMMG confirma que a aeronave transportava a cantora Mar\u00edlia Mendon\u00e7a e que ela est\u00e1 entre as v\u00edtimas fatais.&#8221;<\/p>\n<\/div>\n<\/div>\n<\/div>\n<\/div>\n<\/div>\n<\/div>\n<p><!--more--><\/p>\n<div class=\"mc-column content-text active-extra-styles \" style=\"text-align: justify;\" data-block-type=\"unstyled\" data-block-weight=\"36\" data-block-id=\"8\">\n<p class=\"content-text__container \" data-track-category=\"Link no Texto\" data-track-links=\"\">A aeronave era um bimotor Beech Aircraft, da PEC T\u00e1xi A\u00e9reo, de Goi\u00e1s, prefixo PT-ONJ, com capacidade para seis passageiros. Segundo a Anac, o avi\u00e3o est\u00e1 em situa\u00e7\u00e3o regular e tem autoriza\u00e7\u00e3o para fazer t\u00e1xi a\u00e9reo.<\/p>\n<\/div>\n<div class=\"mc-column content-text active-extra-styles \" style=\"text-align: justify;\" data-block-type=\"unstyled\" data-block-weight=\"26\" data-block-id=\"9\">\n<p class=\"content-text__container \" data-track-category=\"Link no Texto\" data-track-links=\"\">Ainda n\u00e3o h\u00e1 informa\u00e7\u00f5es sobre o motivo da queda do avi\u00e3o. A Aeron\u00e1utica vai apurar as causas do acidente. Investigadores foram enviados para o local.<\/p>\n<\/div>\n<div class=\"mc-column content-text active-extra-styles \" style=\"text-align: justify;\" data-block-type=\"unstyled\" data-block-weight=\"24\" data-block-id=\"10\">\n<p class=\"content-text__container \" data-track-category=\"Link no Texto\" data-track-links=\"\">A Pol\u00edcia Civil de Minas Gerais tamb\u00e9m confirmou as mortes e disse que enviou equipes de per\u00edcia criminal, investigadores e delegados ao local.<\/p>\n<\/div>\n<div class=\"mc-column content-text active-extra-styles \" style=\"text-align: justify;\" data-block-type=\"unstyled\" data-block-weight=\"16\" data-block-id=\"11\">\n<p class=\"content-text__container \" data-track-category=\"Link no Texto\" data-track-links=\"\">Antes de embarcar fez um v\u00eddeo em que aparecia entrando no avi\u00e3o e publicou no Twitter.<\/p>\n<\/div>\n<div class=\"mc-column content-text active-extra-styles\" style=\"text-align: justify;\" data-block-type=\"raw\" data-block-weight=\"5\" data-block-id=\"12\">\n<div class=\"content-intertitle\">\n<h2>Informa\u00e7\u00f5es da assessoria de imprensa<\/h2>\n<\/div>\n<\/div>\n<div class=\"mc-column content-text active-extra-styles \" data-block-type=\"unstyled\" data-block-weight=\"81\" data-block-id=\"13\">\n<p class=\"content-text__container \" style=\"text-align: justify;\" data-track-category=\"Link no Texto\" data-track-links=\"\">Por volta das16h30, a assessora de imprensa de Mar\u00edlia Mendon\u00e7a informou ao g1 que a cantora e todos que estavam no avi\u00e3o j\u00e1 teriam sido resgatados e estavam bem. A assessora voltou a confirmar a informa\u00e7\u00e3o \u00e0s 16h50, mas, por volta das 17h15 disse que havia perdido o contato com o empres\u00e1rio da cantora e que n\u00e3o podia mais confirmar a informa\u00e7\u00e3o de que ela estava bem. \u00c0s 17h45, a assessoria informou em nota oficial que a cantora havia morrido.<\/p>\n<\/div>\n<div class=\"row medium-uncollapsed content-media content-photo\" data-block-type=\"backstage-photo\" data-block-id=\"14\">\n<div class=\"column medium-22 large-20 medium-centered content-media__container\">\n<div class=\"content-media-container glb-skeleton-box\">Fonte: G1\/globo<\/div>\n<\/div>\n<\/div>\n","protected":false},"excerpt":{"rendered":"<p>Mais quatro pessoas morreram na queda: o produtor Henrique Ribeiro, o tio e assessor da cantora Abicieli Silveira Dias Filho, o piloto e o co-pilto do avi\u00e3o. A cantora Mar\u00edlia Mendon\u00e7a, de 26 anos, e mais quatro pessoas morreram na tarde desta sexta-feira (5) ap\u00f3s a queda de um avi\u00e3o de pequeno porte perto de [&hellip;]<\/p>\n","protected":false},"author":6,"featured_media":0,"comment_status":"open","ping_status":"closed","sticky":false,"template":"","format":"standard","meta":{"_joinchat":[],"footnotes":""},"categories":[1],"tags":[],"class_list":["post-78614","post","type-post","status-publish","format-standard","hentry","category-sem-categoria"],"_links":{"self":[{"href":"https:\/\/folhadosudeste.com\/site\/index.php?rest_route=\/wp\/v2\/posts\/78614","targetHints":{"allow":["GET"]}}],"collection":[{"href":"https:\/\/folhadosudeste.com\/site\/index.php?rest_route=\/wp\/v2\/posts"}],"about":[{"href":"https:\/\/folhadosudeste.com\/site\/index.php?rest_route=\/wp\/v2\/types\/post"}],"author":[{"embeddable":true,"href":"https:\/\/folhadosudeste.com\/site\/index.php?rest_route=\/wp\/v2\/users\/6"}],"replies":[{"embeddable":true,"href":"https:\/\/folhadosudeste.com\/site\/index.php?rest_route=%2Fwp%2Fv2%2Fcomments&post=78614"}],"version-history":[{"count":1,"href":"https:\/\/folhadosudeste.com\/site\/index.php?rest_route=\/wp\/v2\/posts\/78614\/revisions"}],"predecessor-version":[{"id":78616,"href":"https:\/\/folhadosudeste.com\/site\/index.php?rest_route=\/wp\/v2\/posts\/78614\/revisions\/78616"}],"wp:attachment":[{"href":"https:\/\/folhadosudeste.com\/site\/index.php?rest_route=%2Fwp%2Fv2%2Fmedia&parent=78614"}],"wp:term":[{"taxonomy":"category","embeddable":true,"href":"https:\/\/folhadosudeste.com\/site\/index.php?rest_route=%2Fwp%2Fv2%2Fcategories&post=78614"},{"taxonomy":"post_tag","embeddable":true,"href":"https:\/\/folhadosudeste.com\/site\/index.php?rest_route=%2Fwp%2Fv2%2Ftags&post=78614"}],"curies":[{"name":"wp","href":"https:\/\/api.w.org\/{rel}","templated":true}]}}