{"id":78708,"date":"2021-11-08T13:19:23","date_gmt":"2021-11-08T13:19:23","guid":{"rendered":"http:\/\/folhadosudeste.com\/site\/?p=78708"},"modified":"2021-11-08T13:19:23","modified_gmt":"2021-11-08T13:19:23","slug":"avenida-jk-tera-feira-livre-as-quartas-e-sabados","status":"publish","type":"post","link":"https:\/\/folhadosudeste.com\/site\/?p=78708","title":{"rendered":"Avenida JK ter\u00e1 feira livre \u00e0s quartas e s\u00e1bados"},"content":{"rendered":"<p><a href=\"http:\/\/folhadosudeste.com\/site\/wp-content\/uploads\/2021\/11\/IMG_0028.jpg\"><img loading=\"lazy\" decoding=\"async\" class=\"alignnone size-full wp-image-78709\" src=\"http:\/\/folhadosudeste.com\/site\/wp-content\/uploads\/2021\/11\/IMG_0028.jpg\" alt=\"\" width=\"2048\" height=\"1365\" srcset=\"https:\/\/folhadosudeste.com\/site\/wp-content\/uploads\/2021\/11\/IMG_0028.jpg 2048w, https:\/\/folhadosudeste.com\/site\/wp-content\/uploads\/2021\/11\/IMG_0028-300x200.jpg 300w, https:\/\/folhadosudeste.com\/site\/wp-content\/uploads\/2021\/11\/IMG_0028-768x512.jpg 768w, https:\/\/folhadosudeste.com\/site\/wp-content\/uploads\/2021\/11\/IMG_0028-1024x683.jpg 1024w, https:\/\/folhadosudeste.com\/site\/wp-content\/uploads\/2021\/11\/IMG_0028-120x80.jpg 120w, https:\/\/folhadosudeste.com\/site\/wp-content\/uploads\/2021\/11\/IMG_0028-345x230.jpg 345w\" sizes=\"auto, (max-width: 2048px) 100vw, 2048px\" \/><\/a><\/p>\n<p style=\"text-align: justify;\">\u00c0 partir do dia 13 de novembro, a Prefeitura de Muria\u00e9 vai realizar a \u2018Feira Livre\u2019 da Avenida JK, bairro do Ros\u00e1rio, duas vezes por semana (quartas e s\u00e1bados), entre 07h e 12h.<\/p>\n<p style=\"text-align: justify;\" align=\"justify\">Produtores rurais e microempreendedores do setor agr\u00edcola disponibilizam produtos hortifrutigranjeiros, frutas, doces de compotas e em barras, geleias, dentre outros, com pre\u00e7os acess\u00edveis \u00e0 popula\u00e7\u00e3o. \u201cVamos vender mais com mais dias de feira. Estamos oferecendo produtos de qualidade para que todos possam comprar mais, al\u00e9m de rever os clientes\u201d, disse Claudimar Oliveira, que vende a\u00e7\u00facar mascavo, mel e pimentas.<\/p>\n<p style=\"text-align: justify;\" align=\"justify\">A Secretaria de Agricultura e Meio Ambiente da Prefeitura de Muria\u00e9, respons\u00e1vel por organizar e disciplinar a comercializa\u00e7\u00e3o nas feiras livres explicou que o objetivo \u00e9 levar feiras livres para outros pontos da cidade. Para isso, juntamente com a Secretaria de Desenvolvimento Econ\u00f4mico, est\u00e1 realizando reuni\u00f5es e buscando consenso junto aos feirantes. \u201cVamos criar uma din\u00e2mica do servi\u00e7o nos diversos bairros de Muria\u00e9 e esperamos alcan\u00e7ar nossos objetivos, pois a amplia\u00e7\u00e3o auxiliar\u00e1 a venda de produtos hortifrutigranjeiros e de outros g\u00eaneros\u201d, pontuou o secret\u00e1rio de Agricultura, Carlos Kneip.<\/p>\n<p style=\"text-align: justify;\" align=\"justify\">As feiras livres possuem em sua estrutura banheiros qu\u00edmicos para os feirantes e o p\u00fablico em geral.<\/p>\n<p align=\"justify\"><!--more--><\/p>\n<p style=\"text-align: justify;\"><b>Amplia\u00e7\u00e3o<\/b><\/p>\n<p style=\"text-align: justify;\" align=\"justify\">Por conta da Pandemia e das obras na chamada \u201cFeira Coberta\u201d, os produtores passaram a trabalhar somente aos domingos, o que dificultava a venda de mercadorias. \u201cOs agricultores pediam uma feira na \u00e1rea central da cidade e decidimos experimentar esta regi\u00e3o da JK. Estamos mantendo o distanciamento entre barracas e respeitando as pr\u00e1ticas de preven\u00e7\u00e3o, mas colocando o homem do campo para vender, ao menos tr\u00eas vezes por semana, produtos frescos e de qualidade, a baixo pre\u00e7o\u201d, esclareceu o secret\u00e1rio adjunto de Agricultura e Meio Ambiente, Fernando Levati.<\/p>\n<p style=\"text-align: justify;\"><b>Feira Livre, Agroec\u00f3logica e Centro de Distribui\u00e7\u00e3o de Alimentos (CDA)<\/b><\/p>\n<p style=\"text-align: justify;\">Atualmente, Muria\u00e9 est\u00e1 com tr\u00eas frentes de trabalho junto aos produtores rurais. Por isso, a prefeitura e os comerciantes se uniram para melhorar a economia no campo, ofertar produtos de primeira qualidade e diversificar a pr\u00e1tica.<\/p>\n<p style=\"text-align: justify;\">Aos domingos, a \u2018Feira Livre\u2019 acontece nas proximidades Avenida Alfredo Pedro Carneiro, viaduto da G\u00e1vea. \u00c1s quartas-feiras e s\u00e1bados, na Avenida JK.<\/p>\n<p style=\"text-align: justify;\">Nas quartas (Pra\u00e7a do Trabalhador) e sextas (Pra\u00e7a S\u00e3o Paulo), a Feira Agroecol\u00f3gica acontece das 07h \u00e0s 10h.<\/p>\n<p style=\"text-align: justify;\">Tamb\u00e9m \u00e0s quartas-feiras e aos s\u00e1bados, no Tatersal do Parque de Exposi\u00e7\u00f5es, Centro de Distribui\u00e7\u00e3o de Alimentos (CDA) propicia a comercializa\u00e7\u00e3o de hortifrutigranjeiros no atacado para comerciantes e donos de restaurantes, lanchonete, mercearias e quitandas.<\/p>\n<p><a href=\"http:\/\/folhadosudeste.com\/site\/wp-content\/uploads\/2021\/11\/IMG_0022.jpg\"><img loading=\"lazy\" decoding=\"async\" class=\"alignnone size-full wp-image-78710\" src=\"http:\/\/folhadosudeste.com\/site\/wp-content\/uploads\/2021\/11\/IMG_0022.jpg\" alt=\"\" width=\"2048\" height=\"1365\" srcset=\"https:\/\/folhadosudeste.com\/site\/wp-content\/uploads\/2021\/11\/IMG_0022.jpg 2048w, https:\/\/folhadosudeste.com\/site\/wp-content\/uploads\/2021\/11\/IMG_0022-300x200.jpg 300w, https:\/\/folhadosudeste.com\/site\/wp-content\/uploads\/2021\/11\/IMG_0022-768x512.jpg 768w, https:\/\/folhadosudeste.com\/site\/wp-content\/uploads\/2021\/11\/IMG_0022-1024x683.jpg 1024w, https:\/\/folhadosudeste.com\/site\/wp-content\/uploads\/2021\/11\/IMG_0022-120x80.jpg 120w, https:\/\/folhadosudeste.com\/site\/wp-content\/uploads\/2021\/11\/IMG_0022-345x230.jpg 345w\" sizes=\"auto, (max-width: 2048px) 100vw, 2048px\" \/><\/a> <a href=\"http:\/\/folhadosudeste.com\/site\/wp-content\/uploads\/2021\/11\/IMG_0015.jpg\"><img loading=\"lazy\" decoding=\"async\" class=\"alignnone size-full wp-image-78711\" src=\"http:\/\/folhadosudeste.com\/site\/wp-content\/uploads\/2021\/11\/IMG_0015.jpg\" alt=\"\" width=\"2048\" height=\"1460\" srcset=\"https:\/\/folhadosudeste.com\/site\/wp-content\/uploads\/2021\/11\/IMG_0015.jpg 2048w, https:\/\/folhadosudeste.com\/site\/wp-content\/uploads\/2021\/11\/IMG_0015-300x214.jpg 300w, https:\/\/folhadosudeste.com\/site\/wp-content\/uploads\/2021\/11\/IMG_0015-768x547.jpg 768w, https:\/\/folhadosudeste.com\/site\/wp-content\/uploads\/2021\/11\/IMG_0015-1024x730.jpg 1024w\" sizes=\"auto, (max-width: 2048px) 100vw, 2048px\" \/><\/a> <a href=\"http:\/\/folhadosudeste.com\/site\/wp-content\/uploads\/2021\/11\/IMG_0023.jpg\"><img loading=\"lazy\" decoding=\"async\" class=\"alignnone size-full wp-image-78712\" src=\"http:\/\/folhadosudeste.com\/site\/wp-content\/uploads\/2021\/11\/IMG_0023.jpg\" alt=\"\" width=\"2048\" height=\"1365\" srcset=\"https:\/\/folhadosudeste.com\/site\/wp-content\/uploads\/2021\/11\/IMG_0023.jpg 2048w, https:\/\/folhadosudeste.com\/site\/wp-content\/uploads\/2021\/11\/IMG_0023-300x200.jpg 300w, https:\/\/folhadosudeste.com\/site\/wp-content\/uploads\/2021\/11\/IMG_0023-768x512.jpg 768w, https:\/\/folhadosudeste.com\/site\/wp-content\/uploads\/2021\/11\/IMG_0023-1024x683.jpg 1024w, https:\/\/folhadosudeste.com\/site\/wp-content\/uploads\/2021\/11\/IMG_0023-120x80.jpg 120w, https:\/\/folhadosudeste.com\/site\/wp-content\/uploads\/2021\/11\/IMG_0023-345x230.jpg 345w\" sizes=\"auto, (max-width: 2048px) 100vw, 2048px\" \/><\/a><\/p>\n","protected":false},"excerpt":{"rendered":"<p>\u00c0 partir do dia 13 de novembro, a Prefeitura de Muria\u00e9 vai realizar a \u2018Feira Livre\u2019 da Avenida JK, bairro do Ros\u00e1rio, duas vezes por semana (quartas e s\u00e1bados), entre 07h e 12h. Produtores rurais e microempreendedores do setor agr\u00edcola disponibilizam produtos hortifrutigranjeiros, frutas, doces de compotas e em barras, geleias, dentre outros, com pre\u00e7os [&hellip;]<\/p>\n","protected":false},"author":6,"featured_media":0,"comment_status":"open","ping_status":"closed","sticky":false,"template":"","format":"standard","meta":{"_joinchat":[],"footnotes":""},"categories":[1],"tags":[],"class_list":["post-78708","post","type-post","status-publish","format-standard","hentry","category-sem-categoria"],"_links":{"self":[{"href":"https:\/\/folhadosudeste.com\/site\/index.php?rest_route=\/wp\/v2\/posts\/78708","targetHints":{"allow":["GET"]}}],"collection":[{"href":"https:\/\/folhadosudeste.com\/site\/index.php?rest_route=\/wp\/v2\/posts"}],"about":[{"href":"https:\/\/folhadosudeste.com\/site\/index.php?rest_route=\/wp\/v2\/types\/post"}],"author":[{"embeddable":true,"href":"https:\/\/folhadosudeste.com\/site\/index.php?rest_route=\/wp\/v2\/users\/6"}],"replies":[{"embeddable":true,"href":"https:\/\/folhadosudeste.com\/site\/index.php?rest_route=%2Fwp%2Fv2%2Fcomments&post=78708"}],"version-history":[{"count":1,"href":"https:\/\/folhadosudeste.com\/site\/index.php?rest_route=\/wp\/v2\/posts\/78708\/revisions"}],"predecessor-version":[{"id":78713,"href":"https:\/\/folhadosudeste.com\/site\/index.php?rest_route=\/wp\/v2\/posts\/78708\/revisions\/78713"}],"wp:attachment":[{"href":"https:\/\/folhadosudeste.com\/site\/index.php?rest_route=%2Fwp%2Fv2%2Fmedia&parent=78708"}],"wp:term":[{"taxonomy":"category","embeddable":true,"href":"https:\/\/folhadosudeste.com\/site\/index.php?rest_route=%2Fwp%2Fv2%2Fcategories&post=78708"},{"taxonomy":"post_tag","embeddable":true,"href":"https:\/\/folhadosudeste.com\/site\/index.php?rest_route=%2Fwp%2Fv2%2Ftags&post=78708"}],"curies":[{"name":"wp","href":"https:\/\/api.w.org\/{rel}","templated":true}]}}