{"id":78714,"date":"2021-11-09T12:49:59","date_gmt":"2021-11-09T12:49:59","guid":{"rendered":"http:\/\/folhadosudeste.com\/site\/?p=78714"},"modified":"2021-11-09T12:49:59","modified_gmt":"2021-11-09T12:49:59","slug":"prefeitura-renova-passarelas-de-pedestres-e-via-saude","status":"publish","type":"post","link":"https:\/\/folhadosudeste.com\/site\/?p=78714","title":{"rendered":"Prefeitura renova passarelas de pedestres e \u2018Via Sa\u00fade\u2019"},"content":{"rendered":"<div id=\":1hr\" class=\"ii gt\">\n<div id=\":1hq\" class=\"a3s aiL \">\n<div>\n<div>\n<div>\n<p align=\"justify\"><a href=\"http:\/\/folhadosudeste.com\/site\/wp-content\/uploads\/2021\/11\/DSC_4396.jpg\"><img loading=\"lazy\" decoding=\"async\" class=\"alignnone size-full wp-image-78715\" src=\"http:\/\/folhadosudeste.com\/site\/wp-content\/uploads\/2021\/11\/DSC_4396.jpg\" alt=\"\" width=\"2048\" height=\"1362\" srcset=\"https:\/\/folhadosudeste.com\/site\/wp-content\/uploads\/2021\/11\/DSC_4396.jpg 2048w, https:\/\/folhadosudeste.com\/site\/wp-content\/uploads\/2021\/11\/DSC_4396-300x199.jpg 300w, https:\/\/folhadosudeste.com\/site\/wp-content\/uploads\/2021\/11\/DSC_4396-768x511.jpg 768w, https:\/\/folhadosudeste.com\/site\/wp-content\/uploads\/2021\/11\/DSC_4396-1024x681.jpg 1024w, https:\/\/folhadosudeste.com\/site\/wp-content\/uploads\/2021\/11\/DSC_4396-120x80.jpg 120w, https:\/\/folhadosudeste.com\/site\/wp-content\/uploads\/2021\/11\/DSC_4396-345x230.jpg 345w\" sizes=\"auto, (max-width: 2048px) 100vw, 2048px\" \/><\/a><\/p>\n<p style=\"text-align: justify;\" align=\"justify\">A Secretaria de Obras P\u00fablicas e Urbanismo est\u00e1 recuperando as passarelas de pedestres as margens da BR-356 (proximidades da AABB) e nas imedia\u00e7\u00f5es do viaduto da G\u00e1vea, assim como refor\u00e7ando as&nbsp;prote\u00e7\u00f5es,&nbsp;que&nbsp;ficam&nbsp;nas&nbsp;beiradas&nbsp;das&nbsp;pistas&nbsp;(defensas met\u00e1licas), que t\u00eam o objetivo de evitar colis\u00f5es de ve\u00edculos. O servi\u00e7o \u00e9 imprescind\u00edvel para a preserva\u00e7\u00e3o do bem p\u00fablico, ampliando o per\u00edodo de vida das pontes de treli\u00e7as e grades de preven\u00e7\u00e3o contra acidentes de tr\u00e2nsito.<\/p>\n<p style=\"text-align: justify;\" align=\"justify\">As travessias s\u00e3o utilizadas para deslocamentos diariamente. \u201c\u00c9 necess\u00e1rio fazer a recupera\u00e7\u00e3o das passarelas para que as estruturas estejam protegidas, pois elas ficam expostas ao tempo e a chuva e o sol provocam ferrugem. Precisamos conservar o patrim\u00f4nio p\u00fablico, refazendo a pintura periodicamente, para que n\u00e3o se deteriorem com as corros\u00f5es\u201d, esclareceu o coordenador de manuten\u00e7\u00f5es da Secret\u00e1ria de Obras P\u00fablicas, Adriano Figueiredo.<\/p>\n<p style=\"text-align: justify;\" align=\"justify\">A ponte que liga a Avenida Juscelino Kubitschek \u00e0 BR-356, altura do bairro Ros\u00e1rio, ser\u00e1 a pr\u00f3xima passagem a ser reestruturada. A ponte de treli\u00e7a est\u00e1 com o piso desgastado e necessita de camadas de tinta espec\u00edfica para que ganhe maior resist\u00eancia e durabilidade.<\/p>\n<\/div>\n<\/div>\n<\/div>\n<\/div>\n<\/div>\n<p><!--more--><\/p>\n<div id=\":1hq\" class=\"a3s aiL \">\n<div>\n<div>\n<div>\n<p style=\"text-align: justify;\"><b>Cal\u00e7ad\u00e3o da \u2018Via Sa\u00fade\u2019 passa por reforma<\/b><\/p>\n<p style=\"text-align: justify;\" align=\"justify\">O guarda-corpo ao longo do cal\u00e7ad\u00e3o da \u2018Via Sa\u00fade\u2019 (rodovia BR-356) est\u00e1 revitalizado.<\/p>\n<p style=\"text-align: justify;\" align=\"justify\">O piso sofreu muitas&nbsp;eros\u00f5es,&nbsp;buracos e imperfei\u00e7\u00f5es de todos os tipos&nbsp;e a&nbsp;prote\u00e7\u00e3o a meia altura, em gradil,&nbsp;que&nbsp;resguarda as faces laterais das&nbsp;cal\u00e7adas,&nbsp;estava&nbsp;deteriorada pelas mudan\u00e7as clim\u00e1ticas.&nbsp;Ambos precisavam de&nbsp;manuten\u00e7\u00e3o&nbsp;urgente, j\u00e1 que o local e utilizado para caminhadas&nbsp;esportivas&nbsp;nas&nbsp;manh\u00e3s&nbsp;e&nbsp;finais de tarde.<\/p>\n<p style=\"text-align: justify;\" align=\"justify\">A&nbsp;Secretaria de Obras P\u00fablicas e Urbanismo&nbsp;e&nbsp;o&nbsp;Departamento Municipal de Transporte e Tr\u00e2nsito (Demuttram) realizaram&nbsp;a&nbsp;restaura\u00e7\u00e3o do pavimento em toda a extens\u00e3o&nbsp;e fizeram a&nbsp;pintura das&nbsp;cal\u00e7adas e guarda-corpo, deixando o trajeto adequado&nbsp;para&nbsp;ser utilizado com seguran\u00e7a por&nbsp;moradores&nbsp;e&nbsp;transeuntes.<\/p>\n<\/div>\n<\/div>\n<\/div>\n<\/div>\n<div id=\":1jy\" class=\"hq gt\" style=\"text-align: justify;\"><a href=\"http:\/\/folhadosudeste.com\/site\/wp-content\/uploads\/2021\/11\/travessia-1.jpg\"><img loading=\"lazy\" decoding=\"async\" class=\"alignnone size-full wp-image-78716\" src=\"http:\/\/folhadosudeste.com\/site\/wp-content\/uploads\/2021\/11\/travessia-1.jpg\" alt=\"\" width=\"1600\" height=\"900\" srcset=\"https:\/\/folhadosudeste.com\/site\/wp-content\/uploads\/2021\/11\/travessia-1.jpg 1600w, https:\/\/folhadosudeste.com\/site\/wp-content\/uploads\/2021\/11\/travessia-1-300x169.jpg 300w, https:\/\/folhadosudeste.com\/site\/wp-content\/uploads\/2021\/11\/travessia-1-768x432.jpg 768w, https:\/\/folhadosudeste.com\/site\/wp-content\/uploads\/2021\/11\/travessia-1-1024x576.jpg 1024w\" sizes=\"auto, (max-width: 1600px) 100vw, 1600px\" \/><\/a> <a href=\"http:\/\/folhadosudeste.com\/site\/wp-content\/uploads\/2021\/11\/DSC_4393.jpg\"><img loading=\"lazy\" decoding=\"async\" class=\"alignnone size-full wp-image-78717\" src=\"http:\/\/folhadosudeste.com\/site\/wp-content\/uploads\/2021\/11\/DSC_4393.jpg\" alt=\"\" width=\"2048\" height=\"1362\" srcset=\"https:\/\/folhadosudeste.com\/site\/wp-content\/uploads\/2021\/11\/DSC_4393.jpg 2048w, https:\/\/folhadosudeste.com\/site\/wp-content\/uploads\/2021\/11\/DSC_4393-300x199.jpg 300w, https:\/\/folhadosudeste.com\/site\/wp-content\/uploads\/2021\/11\/DSC_4393-768x511.jpg 768w, https:\/\/folhadosudeste.com\/site\/wp-content\/uploads\/2021\/11\/DSC_4393-1024x681.jpg 1024w, https:\/\/folhadosudeste.com\/site\/wp-content\/uploads\/2021\/11\/DSC_4393-120x80.jpg 120w, https:\/\/folhadosudeste.com\/site\/wp-content\/uploads\/2021\/11\/DSC_4393-345x230.jpg 345w\" sizes=\"auto, (max-width: 2048px) 100vw, 2048px\" \/><\/a> <a href=\"http:\/\/folhadosudeste.com\/site\/wp-content\/uploads\/2021\/11\/Eros\u00e3o-Via-Sa\u00fade.jpeg\"><img loading=\"lazy\" decoding=\"async\" class=\"alignnone size-full wp-image-78718\" src=\"http:\/\/folhadosudeste.com\/site\/wp-content\/uploads\/2021\/11\/Eros\u00e3o-Via-Sa\u00fade.jpeg\" alt=\"\" width=\"720\" height=\"622\" srcset=\"https:\/\/folhadosudeste.com\/site\/wp-content\/uploads\/2021\/11\/Eros\u00e3o-Via-Sa\u00fade.jpeg 720w, https:\/\/folhadosudeste.com\/site\/wp-content\/uploads\/2021\/11\/Eros\u00e3o-Via-Sa\u00fade-300x259.jpeg 300w\" sizes=\"auto, (max-width: 720px) 100vw, 720px\" \/><\/a><\/div>\n","protected":false},"excerpt":{"rendered":"<p>A Secretaria de Obras P\u00fablicas e Urbanismo est\u00e1 recuperando as passarelas de pedestres as margens da BR-356 (proximidades da AABB) e nas imedia\u00e7\u00f5es do viaduto da G\u00e1vea, assim como refor\u00e7ando as&nbsp;prote\u00e7\u00f5es,&nbsp;que&nbsp;ficam&nbsp;nas&nbsp;beiradas&nbsp;das&nbsp;pistas&nbsp;(defensas met\u00e1licas), que t\u00eam o objetivo de evitar colis\u00f5es de ve\u00edculos. O servi\u00e7o \u00e9 imprescind\u00edvel para a preserva\u00e7\u00e3o do bem p\u00fablico, ampliando o per\u00edodo de [&hellip;]<\/p>\n","protected":false},"author":6,"featured_media":0,"comment_status":"open","ping_status":"closed","sticky":false,"template":"","format":"standard","meta":{"_joinchat":[],"footnotes":""},"categories":[1],"tags":[],"class_list":["post-78714","post","type-post","status-publish","format-standard","hentry","category-sem-categoria"],"_links":{"self":[{"href":"https:\/\/folhadosudeste.com\/site\/index.php?rest_route=\/wp\/v2\/posts\/78714","targetHints":{"allow":["GET"]}}],"collection":[{"href":"https:\/\/folhadosudeste.com\/site\/index.php?rest_route=\/wp\/v2\/posts"}],"about":[{"href":"https:\/\/folhadosudeste.com\/site\/index.php?rest_route=\/wp\/v2\/types\/post"}],"author":[{"embeddable":true,"href":"https:\/\/folhadosudeste.com\/site\/index.php?rest_route=\/wp\/v2\/users\/6"}],"replies":[{"embeddable":true,"href":"https:\/\/folhadosudeste.com\/site\/index.php?rest_route=%2Fwp%2Fv2%2Fcomments&post=78714"}],"version-history":[{"count":1,"href":"https:\/\/folhadosudeste.com\/site\/index.php?rest_route=\/wp\/v2\/posts\/78714\/revisions"}],"predecessor-version":[{"id":78719,"href":"https:\/\/folhadosudeste.com\/site\/index.php?rest_route=\/wp\/v2\/posts\/78714\/revisions\/78719"}],"wp:attachment":[{"href":"https:\/\/folhadosudeste.com\/site\/index.php?rest_route=%2Fwp%2Fv2%2Fmedia&parent=78714"}],"wp:term":[{"taxonomy":"category","embeddable":true,"href":"https:\/\/folhadosudeste.com\/site\/index.php?rest_route=%2Fwp%2Fv2%2Fcategories&post=78714"},{"taxonomy":"post_tag","embeddable":true,"href":"https:\/\/folhadosudeste.com\/site\/index.php?rest_route=%2Fwp%2Fv2%2Ftags&post=78714"}],"curies":[{"name":"wp","href":"https:\/\/api.w.org\/{rel}","templated":true}]}}