{"id":78732,"date":"2021-11-09T13:57:12","date_gmt":"2021-11-09T13:57:12","guid":{"rendered":"http:\/\/folhadosudeste.com\/site\/?p=78732"},"modified":"2021-11-09T14:06:24","modified_gmt":"2021-11-09T14:06:24","slug":"ex-prefeito-e-candidato-a-vice-de-muriae-sao-absolvidos-pela-justica-eleitoral","status":"publish","type":"post","link":"https:\/\/folhadosudeste.com\/site\/?p=78732","title":{"rendered":"Ex-prefeito e candidato a vice de Muria\u00e9 s\u00e3o absolvidos pela Justi\u00e7a Eleitoral"},"content":{"rendered":"<div class=\"row content-head non-featured \">\n<div class=\"medium-centered subtitle\">\n<h4><a href=\"http:\/\/folhadosudeste.com\/site\/wp-content\/uploads\/2021\/11\/grego_ok.jpg\"><img loading=\"lazy\" decoding=\"async\" class=\"alignnone size-full wp-image-78733\" src=\"http:\/\/folhadosudeste.com\/site\/wp-content\/uploads\/2021\/11\/grego_ok.jpg\" alt=\"\" width=\"984\" height=\"847\" srcset=\"https:\/\/folhadosudeste.com\/site\/wp-content\/uploads\/2021\/11\/grego_ok.jpg 984w, https:\/\/folhadosudeste.com\/site\/wp-content\/uploads\/2021\/11\/grego_ok-300x258.jpg 300w, https:\/\/folhadosudeste.com\/site\/wp-content\/uploads\/2021\/11\/grego_ok-768x661.jpg 768w\" sizes=\"auto, (max-width: 984px) 100vw, 984px\" \/><\/a><\/h4>\n<h4 class=\"content-head__subtitle\" style=\"text-align: justify;\">Ioannis konstantinos Grammatikopoulos, conhecido como Grego (PSD), e Alex Reis Pedrosa foram acusados de abuso de poder pol\u00edtico e econ\u00f4mico. Entenda o caso.<\/h4>\n<\/div>\n<\/div>\n<div class=\"content__signa-share\">\n<div class=\"content__signature\">\n<div class=\"content-publication-data\">\n<div class=\"content-publication-data__text\">\n<div class=\"mc-column content-text active-extra-styles \" style=\"text-align: justify;\" data-block-type=\"unstyled\" data-block-weight=\"50\" data-block-id=\"2\">\n<p class=\"content-text__container \" data-track-category=\"Link no Texto\" data-track-links=\"\">O Tribunal Regional Eleitoral (TRE) de Muria\u00e9 deferiu, na \u00faltima sexta-feira (5), uma decis\u00e3o judicial que&nbsp;<span class=\"highlight highlighted\">absolve o ex-prefeito de Muria\u00e9 e candidato a reelei\u00e7\u00e3o de 2020, Ioannis konstantinos Grammatikopoulos, conhecido como Grego (PSD), e o candidato a vice-prefeito, Alex Reis Pedrosa (PSD)<\/span>. O processo segue em 2\u00aa inst\u00e2ncia.<\/p>\n<\/div>\n<div class=\"wall protected-content\">\n<div class=\"mc-column content-text active-extra-styles \" style=\"text-align: justify;\" data-block-type=\"unstyled\" data-block-weight=\"45\" data-block-id=\"3\">\n<p class=\"content-text__container \" data-track-category=\"Link no Texto\" data-track-links=\"\">Em novembro do ano passado, o Minist\u00e9rio P\u00fablico Eleitoral (MPE) entrou com uma A\u00e7\u00e3o de Investiga\u00e7\u00e3o Judicial Eleitoral (AIJE) contra os pol\u00edticos sob acusa\u00e7\u00e3o de suposta pr\u00e1tica de abuso de poder pol\u00edtico e econ\u00f4mico. Caso condenados, os acusados deveriam ficar eleg\u00edveis por 8 anos.<\/p>\n<\/div>\n<div class=\"mc-column content-text active-extra-styles \" style=\"text-align: justify;\" data-block-type=\"unstyled\" data-block-weight=\"33\" data-block-id=\"4\">\n<p class=\"content-text__container \" data-track-category=\"Link no Texto\" data-track-links=\"\">Entretanto, na \u00faltima semana a ju\u00edza Patr\u00edcia Henriques, relatora da senten\u00e7a, julgou a acusa\u00e7\u00e3o como improcedente, e acatou o recurso dos acusados. Agora, eles tornaram-se eleg\u00edveis e poder\u00e3o voltar a disputar elei\u00e7\u00f5es.<\/p>\n<\/div>\n<div class=\"mc-column content-text active-extra-styles \" style=\"text-align: justify;\" data-block-type=\"unstyled\" data-block-weight=\"8\" data-block-id=\"5\">\n<p class=\"content-text__container \" data-track-category=\"Link no Texto\" data-track-links=\"\">Pelas redes sociais, o ex-prefeito comemorou a decis\u00e3o:<\/p>\n<\/div>\n<div class=\"mc-column content-text active-extra-styles \" style=\"text-align: justify;\" data-block-type=\"unstyled\" data-block-weight=\"114\" data-block-id=\"6\">\n<p class=\"content-text__container \" data-track-category=\"Link no Texto\" data-track-links=\"\">&#8220;Para manter todos voc\u00eas bem informados, compartilho com muita alegria a decis\u00e3o do Tribunal Regional Eleitoral de Minas Gerais que, por unanimidade, julgou improcedente o pedido de inelegibilidade por 8 anos. Os magistrados entenderam que n\u00e3o houve irregularidade. Gratid\u00e3o imensa a todos que me apoiaram e me encheram de esperan\u00e7a. Com a gra\u00e7a de Deus e o apoio de todos voc\u00eas, sigo firme no prop\u00f3sito de defender os interesses da nossa cidade, vencendo cada desafio com honra e honestidade. Agrade\u00e7o aos 22.837 muriaeenses que confiaram em nosso trabalho e reafirmo o compromisso com a transpar\u00eancia e uma nova pol\u00edtica em nossa cidade e em nosso estado&#8221;, cita a nota emitida por Grego.<\/p>\n<\/div>\n<\/div>\n<\/div>\n<\/div>\n<\/div>\n<\/div>\n<p><!--more--><\/p>\n<div class=\"content__signa-share\">\n<div class=\"content__signature\">\n<div class=\"content-publication-data\">\n<div class=\"content-publication-data__text\">\n<div class=\"wall protected-content\">\n<div class=\"content-ads content-ads--reveal\" data-block-type=\"ads\" data-block-id=\"7\">\n<div id=\"banner_materia2\" class=\"tag-manager-publicidade-container mc-has-reveal mc-has-ad-lazyload tag-manager-publicidade-banner_materia2 tag-manager-publicidade-container--carregado tag-manager-publicidade-container--visivel\" data-id=\"banner_materia2\" data-req=\"true\" data-cid=\"138370184584\" data-lid=\"5821906480\" data-google-query-id=\"CJ2akZi3i_QCFecDuQYd3ckEsQ\">\n<div class=\"mc-column content-text active-extra-styles \" style=\"text-align: justify;\" data-block-type=\"unstyled\" data-block-weight=\"24\" data-block-id=\"9\">\n<p class=\"content-text__container \" data-track-category=\"Link no Texto\" data-track-links=\"\">Grego e Alex Pedrosa ficaram na 2\u00aa coloca\u00e7\u00e3o nas elei\u00e7\u00f5es municipais de 2020 com 22.837 votos, o que corresponde a 41,14% dos votos v\u00e1lidos.<\/p>\n<\/div>\n<div class=\"mc-column content-text active-extra-styles \" style=\"text-align: justify;\" data-block-type=\"unstyled\" data-block-weight=\"18\" data-block-id=\"10\">\n<p class=\"content-text__container \" data-track-category=\"Link no Texto\" data-track-links=\"\">O&nbsp;<a href=\"https:\/\/g1.globo.com\/mg\/zona-da-mata\/\">g1<\/a>&nbsp;entrou em contato com o MPE para saber se vai recorrer da decis\u00e3o e aguarda retorno.<\/p>\n<\/div>\n<div class=\"mc-column content-text active-extra-styles\" style=\"text-align: justify;\" data-block-type=\"raw\" data-block-weight=\"1\" data-block-id=\"11\">\n<div class=\"content-intertitle\">\n<h2>Acusa\u00e7\u00e3o<\/h2>\n<\/div>\n<\/div>\n<div class=\"mc-column content-text active-extra-styles \" style=\"text-align: justify;\" data-block-type=\"unstyled\" data-block-weight=\"37\" data-block-id=\"12\">\n<p class=\"content-text__container \" data-track-category=\"Link no Texto\" data-track-links=\"\">Em novembro do ano passado, o MPE entrou com uma AIJE contra os pol\u00edticos sob acusa\u00e7\u00e3o de suposta pr\u00e1tica de abuso de poder pol\u00edtico e econ\u00f4mico. Caso condenados, os acusados deveriam ficar ineleg\u00edveis por 8 anos.<\/p>\n<\/div>\n<div class=\"mc-column content-text active-extra-styles \" style=\"text-align: justify;\" data-block-type=\"unstyled\" data-block-weight=\"22\" data-block-id=\"13\">\n<p class=\"content-text__container \" data-track-category=\"Link no Texto\" data-track-links=\"\">No processo, a acusa\u00e7\u00e3o alegou que os investigados teriam feito uso da Administra\u00e7\u00e3o Municipal para a obten\u00e7\u00e3o de vantagem eleitoral.<\/p>\n<\/div>\n<div class=\"mc-column content-text active-extra-styles\" data-block-type=\"raw\" data-block-weight=\"44\" data-block-id=\"14\">\n<div class=\"mc-column content-text active-extra-styles \" style=\"text-align: justify;\" data-block-type=\"unstyled\" data-block-weight=\"36\" data-block-id=\"15\">\n<p class=\"content-text__container \" data-track-category=\"Link no Texto\" data-track-links=\"\">A den\u00fancia apresentada foi pelo elevado volume de obras p\u00fablicas realizadas \u00e0s v\u00e9speras das elei\u00e7\u00f5es e apontou que o objetivo foi desequilibrar a campanha eleitoral de 2020 e beneficiar a candidatura \u00e0 reelei\u00e7\u00e3o do ent\u00e3o prefeito.<\/p>\n<\/div>\n<div class=\"mc-column content-text active-extra-styles \" data-block-type=\"unstyled\" data-block-weight=\"55\" data-block-id=\"16\">\n<p class=\"content-text__container \" style=\"text-align: justify;\" data-track-category=\"Link no Texto\" data-track-links=\"\">A partir da\u00ed, o ex-prefeito e o candidato a vice foram condenados em 1\u00aa inst\u00e2ncia. A senten\u00e7a julgou procedente a a\u00e7\u00e3o,<strong>&nbsp;&#8220;reconhecendo que houve a transforma\u00e7\u00e3o da cidade de Muria\u00e9 em um verdadeiro canteiro de obras, \u00e0s v\u00e9speras das elei\u00e7\u00f5es municipais, com o fim puramente pol\u00edtico eleitoreiro. Aplicou a san\u00e7\u00e3o de inelegibilidade aos investigados<\/strong>&#8220;.<\/p>\n<div class=\"mc-column content-text active-extra-styles\" style=\"text-align: justify;\" data-block-type=\"raw\" data-block-weight=\"1\" data-block-id=\"18\">\n<div class=\"content-intertitle\">\n<h2>Recurso<\/h2>\n<\/div>\n<\/div>\n<div class=\"mc-column content-text active-extra-styles \" style=\"text-align: justify;\" data-block-type=\"unstyled\" data-block-weight=\"52\" data-block-id=\"19\">\n<p class=\"content-text__container \" data-track-category=\"Link no Texto\" data-track-links=\"\">Em mar\u00e7o deste ano, os investigados entraram com recurso da decis\u00e3o. Entre as alega\u00e7\u00f5es, foi citado que &#8220;n\u00e3o teria sido comprovado que a realiza\u00e7\u00e3o das obras p\u00fablicas, asfaltamento de vias p\u00fablicas, reforma, amplia\u00e7\u00e3o e\/ou constru\u00e7\u00e3o de pra\u00e7as p\u00fablicas, tenha se dado em desvio de finalidade, caracterizador do abuso do poder pol\u00edtico&#8221;.<\/p>\n<\/div>\n<div class=\"mc-column content-text active-extra-styles \" style=\"text-align: justify;\" data-block-type=\"unstyled\" data-block-weight=\"20\" data-block-id=\"20\">\n<p class=\"content-text__container \" data-track-category=\"Link no Texto\" data-track-links=\"\">Na \u00faltima sexta-feira, a ju\u00edza Patr\u00edcia Henriques, relatora da senten\u00e7a, acatou o recurso e julgou a acusa\u00e7\u00e3o como improcedente.<\/p>\n<\/div>\n<div class=\"mc-column content-text active-extra-styles \" data-block-type=\"unstyled\" data-block-weight=\"25\" data-block-id=\"21\">\n<p class=\"content-text__container \" style=\"text-align: justify;\" data-track-category=\"Link no Texto\" data-track-links=\"\">Segundo a relatora, o conjunto probat\u00f3rio foi fr\u00e1gil, e que meras conjecturas n\u00e3o podem ser usadas para fundamentar uma a\u00e7\u00e3o por abuso de poder pol\u00edtico.<\/p>\n<\/div>\n<\/div>\n<\/div>\n<\/div>\n<\/div>\n<\/div>\n<\/div>\n<\/div>\n<\/div>\n<\/div>\n<p>Fonte: G1\/Zona Da Mata<\/p>\n<p>Foto: Silvan Alves<\/p>\n","protected":false},"excerpt":{"rendered":"<p>Ioannis konstantinos Grammatikopoulos, conhecido como Grego (PSD), e Alex Reis Pedrosa foram acusados de abuso de poder pol\u00edtico e econ\u00f4mico. Entenda o caso. O Tribunal Regional Eleitoral (TRE) de Muria\u00e9 deferiu, na \u00faltima sexta-feira (5), uma decis\u00e3o judicial que&nbsp;absolve o ex-prefeito de Muria\u00e9 e candidato a reelei\u00e7\u00e3o de 2020, Ioannis konstantinos Grammatikopoulos, conhecido como Grego [&hellip;]<\/p>\n","protected":false},"author":6,"featured_media":0,"comment_status":"open","ping_status":"closed","sticky":false,"template":"","format":"standard","meta":{"_joinchat":[],"footnotes":""},"categories":[1],"tags":[],"class_list":["post-78732","post","type-post","status-publish","format-standard","hentry","category-sem-categoria"],"_links":{"self":[{"href":"https:\/\/folhadosudeste.com\/site\/index.php?rest_route=\/wp\/v2\/posts\/78732","targetHints":{"allow":["GET"]}}],"collection":[{"href":"https:\/\/folhadosudeste.com\/site\/index.php?rest_route=\/wp\/v2\/posts"}],"about":[{"href":"https:\/\/folhadosudeste.com\/site\/index.php?rest_route=\/wp\/v2\/types\/post"}],"author":[{"embeddable":true,"href":"https:\/\/folhadosudeste.com\/site\/index.php?rest_route=\/wp\/v2\/users\/6"}],"replies":[{"embeddable":true,"href":"https:\/\/folhadosudeste.com\/site\/index.php?rest_route=%2Fwp%2Fv2%2Fcomments&post=78732"}],"version-history":[{"count":2,"href":"https:\/\/folhadosudeste.com\/site\/index.php?rest_route=\/wp\/v2\/posts\/78732\/revisions"}],"predecessor-version":[{"id":78741,"href":"https:\/\/folhadosudeste.com\/site\/index.php?rest_route=\/wp\/v2\/posts\/78732\/revisions\/78741"}],"wp:attachment":[{"href":"https:\/\/folhadosudeste.com\/site\/index.php?rest_route=%2Fwp%2Fv2%2Fmedia&parent=78732"}],"wp:term":[{"taxonomy":"category","embeddable":true,"href":"https:\/\/folhadosudeste.com\/site\/index.php?rest_route=%2Fwp%2Fv2%2Fcategories&post=78732"},{"taxonomy":"post_tag","embeddable":true,"href":"https:\/\/folhadosudeste.com\/site\/index.php?rest_route=%2Fwp%2Fv2%2Ftags&post=78732"}],"curies":[{"name":"wp","href":"https:\/\/api.w.org\/{rel}","templated":true}]}}