{"id":78737,"date":"2021-11-09T14:04:47","date_gmt":"2021-11-09T14:04:47","guid":{"rendered":"http:\/\/folhadosudeste.com\/site\/?p=78737"},"modified":"2021-11-09T14:04:47","modified_gmt":"2021-11-09T14:04:47","slug":"jovem-se-exibe-com-arma-de-fogo-nas-redes-sociais-e-acaba-preso-em-muriae","status":"publish","type":"post","link":"https:\/\/folhadosudeste.com\/site\/?p=78737","title":{"rendered":"Jovem se exibe com arma de fogo nas redes sociais e acaba preso em Muria\u00e9"},"content":{"rendered":"<h4 style=\"text-align: justify;\"><a href=\"http:\/\/folhadosudeste.com\/site\/wp-content\/uploads\/2021\/11\/arma-muriae.jpeg\"><img loading=\"lazy\" decoding=\"async\" class=\"alignnone size-full wp-image-78738\" src=\"http:\/\/folhadosudeste.com\/site\/wp-content\/uploads\/2021\/11\/arma-muriae.jpeg\" alt=\"\" width=\"984\" height=\"674\" srcset=\"https:\/\/folhadosudeste.com\/site\/wp-content\/uploads\/2021\/11\/arma-muriae.jpeg 984w, https:\/\/folhadosudeste.com\/site\/wp-content\/uploads\/2021\/11\/arma-muriae-300x205.jpeg 300w, https:\/\/folhadosudeste.com\/site\/wp-content\/uploads\/2021\/11\/arma-muriae-768x526.jpeg 768w, https:\/\/folhadosudeste.com\/site\/wp-content\/uploads\/2021\/11\/arma-muriae-220x150.jpeg 220w\" sizes=\"auto, (max-width: 984px) 100vw, 984px\" \/><\/a><\/h4>\n<h4 class=\"content-head__subtitle\" style=\"text-align: justify;\">O suspeito j\u00e1 era conhecido no meio policial por tr\u00e1fico de drogas e por\u00e7\u00f5es de maconha foram apreendidas com ele.<\/h4>\n<div class=\"mc-column content-text active-extra-styles \" style=\"text-align: justify;\" data-block-type=\"unstyled\" data-block-weight=\"32\" data-block-id=\"2\">\n<p class=\"content-text__container \" data-track-category=\"Link no Texto\" data-track-links=\"\">A Pol\u00edcia Militar (PM) de Muria\u00e9 prendeu um jovem de 26 anos, no \u00faltimo s\u00e1bado (6), ap\u00f3s o suspeito publicar nas redes sociais um v\u00eddeo em que exibia uma arma de fogo.<\/p>\n<\/div>\n<div class=\"wall protected-content\">\n<div class=\"mc-column content-text active-extra-styles \" style=\"text-align: justify;\" data-block-type=\"unstyled\" data-block-weight=\"32\" data-block-id=\"3\">\n<p class=\"content-text__container \" data-track-category=\"Link no Texto\" data-track-links=\"\">De acordo com os militares, o indiv\u00edduo j\u00e1 era conhecido no meio policial por tr\u00e1fico de drogas, e um mandado de busca e apreens\u00e3o foi cumprido na casa dele ap\u00f3s a publica\u00e7\u00e3o.<\/p>\n<\/div>\n<div class=\"mc-column content-text active-extra-styles \" style=\"text-align: justify;\" data-block-type=\"unstyled\" data-block-weight=\"40\" data-block-id=\"4\">\n<p class=\"content-text__container \" data-track-category=\"Link no Texto\" data-track-links=\"\">Segundo a PM, a postagem mostrava o suspeito e outros indiv\u00edduos em amea\u00e7as a rivais de outras comunidades da cidade. As outras pessoas presentes no v\u00eddeo j\u00e1 foram identificadas, mas n\u00e3o foram presas at\u00e9 a \u00faltima atualiza\u00e7\u00e3o desta mat\u00e9ria.<\/p>\n<\/div>\n<\/div>\n<p><!--more--><\/p>\n<div class=\"mc-column content-text active-extra-styles \" style=\"text-align: justify;\" data-block-type=\"unstyled\" data-block-weight=\"21\" data-block-id=\"5\">\n<p class=\"content-text__container \" data-track-category=\"Link no Texto\" data-track-links=\"\">O rev\u00f3lver de calibre .32 exibido no v\u00eddeo foi apreendido na casa do suspeito, junto com por\u00e7\u00f5es de maconha fracionada.<\/p>\n<\/div>\n<div class=\"mc-column content-text active-extra-styles \" style=\"text-align: justify;\" data-block-type=\"unstyled\" data-block-weight=\"21\" data-block-id=\"6\">\n<p class=\"content-text__container \" data-track-category=\"Link no Texto\" data-track-links=\"\">O jovem foi preso por posse ilegal de arma de fogo e tr\u00e1fico de drogas, e foi levado \u00e0 delegacia.<\/p>\n<\/div>\n<div class=\"mc-column content-text active-extra-styles \" style=\"text-align: justify;\" data-block-type=\"unstyled\" data-block-weight=\"25\" data-block-id=\"7\">\n<p class=\"content-text__container \" data-track-category=\"Link no Texto\" data-track-links=\"\">A PM alertou a popula\u00e7\u00e3o que, caso sejam vistas publica\u00e7\u00f5es parecidas nas redes sociais, o contato deve ser feito pelos n\u00fameros 181 e 190.<\/p>\n<\/div>\n<div class=\"mc-column content-text active-extra-styles\" data-block-type=\"raw\" data-block-weight=\"12\" data-block-id=\"8\">\n<div class=\"content-intertitle\" style=\"text-align: justify;\">Fonte: G1\/ Zona Da Mata<\/div>\n<div>Foto: R\u00e1dio Muria\u00e9<\/div>\n<\/div>\n","protected":false},"excerpt":{"rendered":"<p>O suspeito j\u00e1 era conhecido no meio policial por tr\u00e1fico de drogas e por\u00e7\u00f5es de maconha foram apreendidas com ele. A Pol\u00edcia Militar (PM) de Muria\u00e9 prendeu um jovem de 26 anos, no \u00faltimo s\u00e1bado (6), ap\u00f3s o suspeito publicar nas redes sociais um v\u00eddeo em que exibia uma arma de fogo. De acordo com [&hellip;]<\/p>\n","protected":false},"author":6,"featured_media":0,"comment_status":"open","ping_status":"closed","sticky":false,"template":"","format":"standard","meta":{"_joinchat":[],"footnotes":""},"categories":[1],"tags":[],"class_list":["post-78737","post","type-post","status-publish","format-standard","hentry","category-sem-categoria"],"_links":{"self":[{"href":"https:\/\/folhadosudeste.com\/site\/index.php?rest_route=\/wp\/v2\/posts\/78737","targetHints":{"allow":["GET"]}}],"collection":[{"href":"https:\/\/folhadosudeste.com\/site\/index.php?rest_route=\/wp\/v2\/posts"}],"about":[{"href":"https:\/\/folhadosudeste.com\/site\/index.php?rest_route=\/wp\/v2\/types\/post"}],"author":[{"embeddable":true,"href":"https:\/\/folhadosudeste.com\/site\/index.php?rest_route=\/wp\/v2\/users\/6"}],"replies":[{"embeddable":true,"href":"https:\/\/folhadosudeste.com\/site\/index.php?rest_route=%2Fwp%2Fv2%2Fcomments&post=78737"}],"version-history":[{"count":1,"href":"https:\/\/folhadosudeste.com\/site\/index.php?rest_route=\/wp\/v2\/posts\/78737\/revisions"}],"predecessor-version":[{"id":78739,"href":"https:\/\/folhadosudeste.com\/site\/index.php?rest_route=\/wp\/v2\/posts\/78737\/revisions\/78739"}],"wp:attachment":[{"href":"https:\/\/folhadosudeste.com\/site\/index.php?rest_route=%2Fwp%2Fv2%2Fmedia&parent=78737"}],"wp:term":[{"taxonomy":"category","embeddable":true,"href":"https:\/\/folhadosudeste.com\/site\/index.php?rest_route=%2Fwp%2Fv2%2Fcategories&post=78737"},{"taxonomy":"post_tag","embeddable":true,"href":"https:\/\/folhadosudeste.com\/site\/index.php?rest_route=%2Fwp%2Fv2%2Ftags&post=78737"}],"curies":[{"name":"wp","href":"https:\/\/api.w.org\/{rel}","templated":true}]}}