{"id":78759,"date":"2021-11-10T14:41:25","date_gmt":"2021-11-10T14:41:25","guid":{"rendered":"http:\/\/folhadosudeste.com\/site\/?p=78759"},"modified":"2021-11-10T14:41:25","modified_gmt":"2021-11-10T14:41:25","slug":"policia-civil-inaugura-sede-da-delegacia-especializada-de-atendimento-a-mulher-em-muriae","status":"publish","type":"post","link":"https:\/\/folhadosudeste.com\/site\/?p=78759","title":{"rendered":"Pol\u00edcia Civil inaugura sede da Delegacia Especializada de Atendimento \u00e0 Mulher em Muria\u00e9"},"content":{"rendered":"<p style=\"text-align: justify;\"><em>A unidade policial funcionar\u00e1 na Casa da Mulher, na \u00e1rea central da cidade. A solenidade de inaugura\u00e7\u00e3o acontece na pr\u00f3xima ter\u00e7a-feira (16\/11), \u00e0s 9h, e poder\u00e1 ser prestigiada ao vivo pelo Instagram da PCMG.<\/em><\/p>\n<p>Na pr\u00f3xima ter\u00e7a-feira (16\/11), no m\u00eas em que foi institu\u00eddo o Dia Internacional pela Elimina\u00e7\u00e3o da Viol\u00eancia contra a Mulher, a Pol\u00edcia Civil de Minas Gerais (PCMG) inaugura a sede da Delegacia Especializada de Atendimento \u00e0 Mulher em Muria\u00e9. A unidade policial funcionar\u00e1 na Casa da Mulher, situada na Pra\u00e7a Jo\u00e3o Pinheiro, s\/n, na \u00e1rea central da cidade. A solenidade acontece \u00e0s 9h e poder\u00e1 ser prestigiada ao vivo pelo Instagram da PCMG.<\/p>\n<p>Na ocasi\u00e3o, tamb\u00e9m ser\u00e3o inauguradas as instala\u00e7\u00f5es da Casa da Mulher- por meio de iniciativa da Prefeitura de Muria\u00e9- e uma brinquedoteca no local &#8211; espa\u00e7o planejado com apoio da Funda\u00e7\u00e3o da C\u00e2mara dos Dirigentes Lojistas (FCDL).<\/p>\n<p><img decoding=\"async\" class=\"an1\" src=\"https:\/\/fonts.gstatic.com\/s\/e\/notoemoji\/13.1.1\/1f4cc\/32.png\" alt=\"&#x1f4cc;\" data-emoji=\"&#x1f4cc;\" aria-label=\"&#x1f4cc;\"><strong>DATA<\/strong>: 16 DE NOVEMBRO DE 2021<br \/>\n<img decoding=\"async\" class=\"an1\" src=\"https:\/\/fonts.gstatic.com\/s\/e\/notoemoji\/13.1.1\/1f4cd\/32.png\" alt=\"&#x1f4cd;\" data-emoji=\"&#x1f4cd;\" aria-label=\"&#x1f4cd;\"><strong>LOCAL:<\/strong>&nbsp;PRA\u00c7A JO\u00c3O PINHEIRO, S\/N, CENTRO<br \/>\n<img decoding=\"async\" class=\"an1\" src=\"https:\/\/fonts.gstatic.com\/s\/e\/notoemoji\/13.1.1\/1f558\/32.png\" alt=\"&#x1f558;\" data-emoji=\"&#x1f558;\" aria-label=\"&#x1f558;\"><strong>HOR\u00c1RIO:<\/strong>&nbsp;9H<\/p>\n","protected":false},"excerpt":{"rendered":"<p>A unidade policial funcionar\u00e1 na Casa da Mulher, na \u00e1rea central da cidade. A solenidade de inaugura\u00e7\u00e3o acontece na pr\u00f3xima ter\u00e7a-feira (16\/11), \u00e0s 9h, e poder\u00e1 ser prestigiada ao vivo pelo Instagram da PCMG. Na pr\u00f3xima ter\u00e7a-feira (16\/11), no m\u00eas em que foi institu\u00eddo o Dia Internacional pela Elimina\u00e7\u00e3o da Viol\u00eancia contra a Mulher, a [&hellip;]<\/p>\n","protected":false},"author":6,"featured_media":0,"comment_status":"open","ping_status":"closed","sticky":false,"template":"","format":"standard","meta":{"_joinchat":[],"footnotes":""},"categories":[1],"tags":[],"class_list":["post-78759","post","type-post","status-publish","format-standard","hentry","category-sem-categoria"],"_links":{"self":[{"href":"https:\/\/folhadosudeste.com\/site\/index.php?rest_route=\/wp\/v2\/posts\/78759","targetHints":{"allow":["GET"]}}],"collection":[{"href":"https:\/\/folhadosudeste.com\/site\/index.php?rest_route=\/wp\/v2\/posts"}],"about":[{"href":"https:\/\/folhadosudeste.com\/site\/index.php?rest_route=\/wp\/v2\/types\/post"}],"author":[{"embeddable":true,"href":"https:\/\/folhadosudeste.com\/site\/index.php?rest_route=\/wp\/v2\/users\/6"}],"replies":[{"embeddable":true,"href":"https:\/\/folhadosudeste.com\/site\/index.php?rest_route=%2Fwp%2Fv2%2Fcomments&post=78759"}],"version-history":[{"count":1,"href":"https:\/\/folhadosudeste.com\/site\/index.php?rest_route=\/wp\/v2\/posts\/78759\/revisions"}],"predecessor-version":[{"id":78760,"href":"https:\/\/folhadosudeste.com\/site\/index.php?rest_route=\/wp\/v2\/posts\/78759\/revisions\/78760"}],"wp:attachment":[{"href":"https:\/\/folhadosudeste.com\/site\/index.php?rest_route=%2Fwp%2Fv2%2Fmedia&parent=78759"}],"wp:term":[{"taxonomy":"category","embeddable":true,"href":"https:\/\/folhadosudeste.com\/site\/index.php?rest_route=%2Fwp%2Fv2%2Fcategories&post=78759"},{"taxonomy":"post_tag","embeddable":true,"href":"https:\/\/folhadosudeste.com\/site\/index.php?rest_route=%2Fwp%2Fv2%2Ftags&post=78759"}],"curies":[{"name":"wp","href":"https:\/\/api.w.org\/{rel}","templated":true}]}}