{"id":78761,"date":"2021-11-10T14:45:07","date_gmt":"2021-11-10T14:45:07","guid":{"rendered":"http:\/\/folhadosudeste.com\/site\/?p=78761"},"modified":"2021-11-10T14:45:07","modified_gmt":"2021-11-10T14:45:07","slug":"riquezas-de-belisario-serao-lancadas-em-video-dia-25-nas-redes-sociais-e-youtube","status":"publish","type":"post","link":"https:\/\/folhadosudeste.com\/site\/?p=78761","title":{"rendered":"Riquezas de Belis\u00e1rio ser\u00e3o lan\u00e7adas em v\u00eddeo dia 25 nas redes sociais e YouTube"},"content":{"rendered":"<p align=\"justify\"><a href=\"http:\/\/folhadosudeste.com\/site\/wp-content\/uploads\/2021\/11\/Capa-DOC-Belis\u00e1rio.jpg\">&nbsp; &nbsp; &nbsp; &nbsp; &nbsp; &nbsp; &nbsp; &nbsp; &nbsp; &nbsp; &nbsp; &nbsp; &nbsp; &nbsp; &nbsp; &nbsp;&nbsp;<img loading=\"lazy\" decoding=\"async\" class=\"alignnone size-full wp-image-78762\" src=\"http:\/\/folhadosudeste.com\/site\/wp-content\/uploads\/2021\/11\/Capa-DOC-Belis\u00e1rio.jpg\" alt=\"\" width=\"544\" height=\"680\" srcset=\"https:\/\/folhadosudeste.com\/site\/wp-content\/uploads\/2021\/11\/Capa-DOC-Belis\u00e1rio.jpg 544w, https:\/\/folhadosudeste.com\/site\/wp-content\/uploads\/2021\/11\/Capa-DOC-Belis\u00e1rio-240x300.jpg 240w\" sizes=\"auto, (max-width: 544px) 100vw, 544px\" \/><\/a><\/p>\n<p style=\"text-align: justify;\" align=\"justify\">\u201cBelis\u00e1rio &#8211; M\u00e3e d\u2019\u00e1gua\u201d \u00e9 um document\u00e1rio aprovado pela Lei Municipal Alcyr Pires Vermelho (Fundarte) que apresenta entrevistas e reflex\u00e3o em imagens do cotidiano dos moradores do distrito, ressaltando a riqueza h\u00eddrica existente no munic\u00edpio. O material que narra todo o comportamento de um povo e vislumbra riquezas naturais da terra ser\u00e1 lan\u00e7ado no pr\u00f3ximo dia 25 nos canais do YouTube e em redes sociais, a partir de 17h.<\/p>\n<p style=\"text-align: justify;\" align=\"justify\">O curta-metragem dirigido por Fernanda de Paula e Euler Luz reproduz cenas de imensas montanhas, envoltas por densas florestas tropicais do Parque Estadual da Serra do Brigadeiro \u2013 Pico do Itajur\u00fa. \u201cValorizamos as coisas mais simples que os moradores da \u00e1rea rural possuem. Gravamos imagens de fog\u00e3o a lenha, cachoeiras e p\u00e1ssaros at\u00e9 da consistente camada de neblina que passeia entre o mar de relevos\u201d, detalhou a diretora de arte.<\/p>\n<p style=\"text-align: justify;\" align=\"justify\">No contexto, Frei Gilberto Teixeira vai dando orienta\u00e7\u00f5es sobre os recursos h\u00eddricos existentes na regi\u00e3o e conduz as informa\u00e7\u00f5es, esclarecendo sobre experi\u00eancias desenvolvidas no distrito e as constantes preocupa\u00e7\u00f5es em rela\u00e7\u00e3o ao meio ambiente, visando um desenvolvimento sustent\u00e1vel e o incentivo \u00e0 agricultura familiar. Fala ainda de atividades agroecol\u00f3gicas e da import\u00e2ncia da preserva\u00e7\u00e3o de nascentes.<\/p>\n<p style=\"text-align: justify;\" align=\"justify\"><!--more--><\/p>\n<p style=\"text-align: justify;\" align=\"justify\">O cineasta Euler Luz posiciona o foco das filmagens no exemplo de vida do homem do campo. \u201c\u00c9 um document\u00e1rio de percep\u00e7\u00f5es. Um jogo de imagens que retrata a forma como vivem as pessoas na regi\u00e3o da Serra do Brigadeiro. Eles acordam antes do sol nascer e dormem ao entardecer. Tudo isto em perfeita conson\u00e2ncia de que no dia seguinte ter\u00e3o de acordar cedo para dar conta das atividades do campo\u201d, salientou o diretor.<\/p>\n<p style=\"text-align: justify;\" align=\"justify\">Entre os acontecimentos gravados no document\u00e1rio, o ambientalista Renato Sigiliano apresenta um parecer sobre a import\u00e2ncia da voca\u00e7\u00e3o de Belis\u00e1rio na produ\u00e7\u00e3o de \u00e1gua. As imagens apresentadas oferecem a certeza de que a natureza \u00e9 preservada na comunidade. Rica em cachoeiras e com os mais diversos mananciais de \u00e1gua, a localidade mais distante do munic\u00edpio, localizada a 33Km da \u00e1rea urbana, \u00e9 um patrim\u00f4nio ecol\u00f3gico dos muriaeenses.<\/p>\n<p align=\"justify\"><a href=\"http:\/\/folhadosudeste.com\/site\/wp-content\/uploads\/2021\/11\/Belis\u00e1rio-M\u00e3e-d-agua.jpg\"><img loading=\"lazy\" decoding=\"async\" class=\"alignnone size-full wp-image-78763\" src=\"http:\/\/folhadosudeste.com\/site\/wp-content\/uploads\/2021\/11\/Belis\u00e1rio-M\u00e3e-d-agua.jpg\" alt=\"\" width=\"682\" height=\"510\" srcset=\"https:\/\/folhadosudeste.com\/site\/wp-content\/uploads\/2021\/11\/Belis\u00e1rio-M\u00e3e-d-agua.jpg 682w, https:\/\/folhadosudeste.com\/site\/wp-content\/uploads\/2021\/11\/Belis\u00e1rio-M\u00e3e-d-agua-300x224.jpg 300w\" sizes=\"auto, (max-width: 682px) 100vw, 682px\" \/><\/a> <a href=\"http:\/\/folhadosudeste.com\/site\/wp-content\/uploads\/2021\/11\/Belis\u00e1rio-Frei.jpg\"><img loading=\"lazy\" decoding=\"async\" class=\"alignnone size-full wp-image-78764\" src=\"http:\/\/folhadosudeste.com\/site\/wp-content\/uploads\/2021\/11\/Belis\u00e1rio-Frei.jpg\" alt=\"\" width=\"680\" height=\"510\" srcset=\"https:\/\/folhadosudeste.com\/site\/wp-content\/uploads\/2021\/11\/Belis\u00e1rio-Frei.jpg 680w, https:\/\/folhadosudeste.com\/site\/wp-content\/uploads\/2021\/11\/Belis\u00e1rio-Frei-300x225.jpg 300w\" sizes=\"auto, (max-width: 680px) 100vw, 680px\" \/><\/a> <a href=\"http:\/\/folhadosudeste.com\/site\/wp-content\/uploads\/2021\/11\/Belis\u00e1rio-video1.jpg\"><img loading=\"lazy\" decoding=\"async\" class=\"alignnone size-full wp-image-78765\" src=\"http:\/\/folhadosudeste.com\/site\/wp-content\/uploads\/2021\/11\/Belis\u00e1rio-video1.jpg\" alt=\"\" width=\"682\" height=\"510\" srcset=\"https:\/\/folhadosudeste.com\/site\/wp-content\/uploads\/2021\/11\/Belis\u00e1rio-video1.jpg 682w, https:\/\/folhadosudeste.com\/site\/wp-content\/uploads\/2021\/11\/Belis\u00e1rio-video1-300x224.jpg 300w\" sizes=\"auto, (max-width: 682px) 100vw, 682px\" \/><\/a> <a href=\"http:\/\/folhadosudeste.com\/site\/wp-content\/uploads\/2021\/11\/Frei-Beto-Belis\u00e1rio.jpg\"><img loading=\"lazy\" decoding=\"async\" class=\"alignnone size-full wp-image-78766\" src=\"http:\/\/folhadosudeste.com\/site\/wp-content\/uploads\/2021\/11\/Frei-Beto-Belis\u00e1rio.jpg\" alt=\"\" width=\"680\" height=\"510\" srcset=\"https:\/\/folhadosudeste.com\/site\/wp-content\/uploads\/2021\/11\/Frei-Beto-Belis\u00e1rio.jpg 680w, https:\/\/folhadosudeste.com\/site\/wp-content\/uploads\/2021\/11\/Frei-Beto-Belis\u00e1rio-300x225.jpg 300w\" sizes=\"auto, (max-width: 680px) 100vw, 680px\" \/><\/a><\/p>\n","protected":false},"excerpt":{"rendered":"<p>&nbsp; &nbsp; &nbsp; &nbsp; &nbsp; &nbsp; &nbsp; &nbsp; &nbsp; &nbsp; &nbsp; &nbsp; &nbsp; &nbsp; &nbsp; &nbsp;&nbsp; \u201cBelis\u00e1rio &#8211; M\u00e3e d\u2019\u00e1gua\u201d \u00e9 um document\u00e1rio aprovado pela Lei Municipal Alcyr Pires Vermelho (Fundarte) que apresenta entrevistas e reflex\u00e3o em imagens do cotidiano dos moradores do distrito, ressaltando a riqueza h\u00eddrica existente no munic\u00edpio. O material que narra [&hellip;]<\/p>\n","protected":false},"author":6,"featured_media":0,"comment_status":"open","ping_status":"closed","sticky":false,"template":"","format":"standard","meta":{"_joinchat":[],"footnotes":""},"categories":[1],"tags":[],"class_list":["post-78761","post","type-post","status-publish","format-standard","hentry","category-sem-categoria"],"_links":{"self":[{"href":"https:\/\/folhadosudeste.com\/site\/index.php?rest_route=\/wp\/v2\/posts\/78761","targetHints":{"allow":["GET"]}}],"collection":[{"href":"https:\/\/folhadosudeste.com\/site\/index.php?rest_route=\/wp\/v2\/posts"}],"about":[{"href":"https:\/\/folhadosudeste.com\/site\/index.php?rest_route=\/wp\/v2\/types\/post"}],"author":[{"embeddable":true,"href":"https:\/\/folhadosudeste.com\/site\/index.php?rest_route=\/wp\/v2\/users\/6"}],"replies":[{"embeddable":true,"href":"https:\/\/folhadosudeste.com\/site\/index.php?rest_route=%2Fwp%2Fv2%2Fcomments&post=78761"}],"version-history":[{"count":1,"href":"https:\/\/folhadosudeste.com\/site\/index.php?rest_route=\/wp\/v2\/posts\/78761\/revisions"}],"predecessor-version":[{"id":78767,"href":"https:\/\/folhadosudeste.com\/site\/index.php?rest_route=\/wp\/v2\/posts\/78761\/revisions\/78767"}],"wp:attachment":[{"href":"https:\/\/folhadosudeste.com\/site\/index.php?rest_route=%2Fwp%2Fv2%2Fmedia&parent=78761"}],"wp:term":[{"taxonomy":"category","embeddable":true,"href":"https:\/\/folhadosudeste.com\/site\/index.php?rest_route=%2Fwp%2Fv2%2Fcategories&post=78761"},{"taxonomy":"post_tag","embeddable":true,"href":"https:\/\/folhadosudeste.com\/site\/index.php?rest_route=%2Fwp%2Fv2%2Ftags&post=78761"}],"curies":[{"name":"wp","href":"https:\/\/api.w.org\/{rel}","templated":true}]}}