{"id":78768,"date":"2021-11-10T14:51:22","date_gmt":"2021-11-10T14:51:22","guid":{"rendered":"http:\/\/folhadosudeste.com\/site\/?p=78768"},"modified":"2021-11-10T14:51:22","modified_gmt":"2021-11-10T14:51:22","slug":"muriae-ganhara-nova-casa-do-artesao","status":"publish","type":"post","link":"https:\/\/folhadosudeste.com\/site\/?p=78768","title":{"rendered":"Muria\u00e9 ganhar\u00e1 nova \u2018Casa do Artes\u00e3o\u2019"},"content":{"rendered":"<p><a href=\"http:\/\/folhadosudeste.com\/site\/wp-content\/uploads\/2021\/11\/IMG_0004.jpg\"><img loading=\"lazy\" decoding=\"async\" class=\"alignnone size-full wp-image-78769\" src=\"http:\/\/folhadosudeste.com\/site\/wp-content\/uploads\/2021\/11\/IMG_0004.jpg\" alt=\"\" width=\"2048\" height=\"1537\" srcset=\"https:\/\/folhadosudeste.com\/site\/wp-content\/uploads\/2021\/11\/IMG_0004.jpg 2048w, https:\/\/folhadosudeste.com\/site\/wp-content\/uploads\/2021\/11\/IMG_0004-300x225.jpg 300w, https:\/\/folhadosudeste.com\/site\/wp-content\/uploads\/2021\/11\/IMG_0004-768x576.jpg 768w, https:\/\/folhadosudeste.com\/site\/wp-content\/uploads\/2021\/11\/IMG_0004-1024x769.jpg 1024w\" sizes=\"auto, (max-width: 2048px) 100vw, 2048px\" \/><\/a><\/p>\n<p style=\"text-align: justify;\">Os artes\u00e3os de Muria\u00e9 v\u00e3o ganhar em breve um novo local para exposi\u00e7\u00e3o e venda de suas produ\u00e7\u00f5es. O &#8220;Centro Municipal de Artesanato Ant\u00f4nio Moreira&#8221; ser\u00e1 inaugurado pela Prefeitura, atrav\u00e9s da Fundarte, por volta de 8h, no dia 16 de novembro.<\/p>\n<p style=\"text-align: justify;\" align=\"justify\">O local ficar\u00e1 situado no pr\u00e9dio hist\u00f3rico da primeira rodovi\u00e1ria de Muria\u00e9, na Pra\u00e7a Jo\u00e3o Pinheiro, cora\u00e7\u00e3o comercial da cidade. A proposta \u00e9 abrigar os trabalhos produzidos pelos artes\u00e3os do munic\u00edpio, gerando renda, valorizando a economia criativa e facilitando o acesso de moradores e turistas ao artesanato muriaeense.<\/p>\n<p style=\"text-align: justify;\" align=\"justify\">O nome do centro \u00e9 uma homenagem ao artes\u00e3o Ant\u00f4nio Moreira, do distrito de Belis\u00e1rio que, por anos, encantava visitantes e cidad\u00e3os muriaeenses com seu trabalho. Pessoa querida no meio art\u00edstico da cidade, emprestar\u00e1 seu nome ao espa\u00e7o que era reivindicado h\u00e1 tempos pelos artes\u00e3os do munic\u00edpio.<\/p>\n<p style=\"text-align: justify;\" align=\"justify\">Segundo a diretora da Fundarte, Gilca Napier, o local ainda vai resgatar a hist\u00f3ria do munic\u00edpio, uma vez que o pr\u00e9dio onde a unidade ser\u00e1 instalada foi, no passado, a primeira rodovi\u00e1ria de Muria\u00e9.<\/p>\n<p style=\"text-align: justify;\" align=\"justify\">\u201cEla foi inaugurada em 1949 pelo ent\u00e3o prefeito C\u00e2ndido Jos\u00e9 Monteiro de Castro e, al\u00e9m de conservar este patrim\u00f4nio, ainda resgatamos e manteremos o estilo construtivo inicial. A popula\u00e7\u00e3o e os turistas poder\u00e3o encontrar uma variedade de produtos artesanais ali\u201d, explicou.<\/p>\n<p style=\"text-align: justify;\" align=\"justify\">A gest\u00e3o ficar\u00e1 por conta da Prefeitura, atrav\u00e9s da Fundarte, em parceria com a Associa\u00e7\u00e3o dos Artes\u00e3os de Muria\u00e9.<\/p>\n<p align=\"justify\"><!--more--><\/p>\n<p style=\"text-align: justify;\" align=\"justify\"><b>Escada de Acesso<\/b><\/p>\n<p style=\"text-align: justify;\" align=\"justify\">Outro resgate para a cidade \u00e9 a Escada de Acesso \u00e0 Pra\u00e7a Jo\u00e3o Pinheiro, situada bem ao lado do pr\u00e9dio da antiga rodovi\u00e1ria. Ela contar\u00e1 com ladrilhos doados pela fam\u00edlia Galv\u00e3o e ter\u00e1 ainda a instala\u00e7\u00e3o de dois bancos r\u00fasticos.<\/p>\n<p style=\"text-align: justify;\" align=\"justify\">\u201cO complexo da antiga rodovi\u00e1ria vai abrigar a Casa da Mulher, a Delegacia da Mulher, o Centro de Artesanato de Muria\u00e9 \u2018Ant\u00f4nio Moreira\u2019 e, para permitir um acesso mais humanizado, restauramos esta escada que far\u00e1 parte do complexo\u201d, disse Gilca Napier.<\/p>\n","protected":false},"excerpt":{"rendered":"<p>Os artes\u00e3os de Muria\u00e9 v\u00e3o ganhar em breve um novo local para exposi\u00e7\u00e3o e venda de suas produ\u00e7\u00f5es. O &#8220;Centro Municipal de Artesanato Ant\u00f4nio Moreira&#8221; ser\u00e1 inaugurado pela Prefeitura, atrav\u00e9s da Fundarte, por volta de 8h, no dia 16 de novembro. O local ficar\u00e1 situado no pr\u00e9dio hist\u00f3rico da primeira rodovi\u00e1ria de Muria\u00e9, na Pra\u00e7a [&hellip;]<\/p>\n","protected":false},"author":6,"featured_media":0,"comment_status":"open","ping_status":"closed","sticky":false,"template":"","format":"standard","meta":{"_joinchat":[],"footnotes":""},"categories":[1],"tags":[],"class_list":["post-78768","post","type-post","status-publish","format-standard","hentry","category-sem-categoria"],"_links":{"self":[{"href":"https:\/\/folhadosudeste.com\/site\/index.php?rest_route=\/wp\/v2\/posts\/78768","targetHints":{"allow":["GET"]}}],"collection":[{"href":"https:\/\/folhadosudeste.com\/site\/index.php?rest_route=\/wp\/v2\/posts"}],"about":[{"href":"https:\/\/folhadosudeste.com\/site\/index.php?rest_route=\/wp\/v2\/types\/post"}],"author":[{"embeddable":true,"href":"https:\/\/folhadosudeste.com\/site\/index.php?rest_route=\/wp\/v2\/users\/6"}],"replies":[{"embeddable":true,"href":"https:\/\/folhadosudeste.com\/site\/index.php?rest_route=%2Fwp%2Fv2%2Fcomments&post=78768"}],"version-history":[{"count":1,"href":"https:\/\/folhadosudeste.com\/site\/index.php?rest_route=\/wp\/v2\/posts\/78768\/revisions"}],"predecessor-version":[{"id":78770,"href":"https:\/\/folhadosudeste.com\/site\/index.php?rest_route=\/wp\/v2\/posts\/78768\/revisions\/78770"}],"wp:attachment":[{"href":"https:\/\/folhadosudeste.com\/site\/index.php?rest_route=%2Fwp%2Fv2%2Fmedia&parent=78768"}],"wp:term":[{"taxonomy":"category","embeddable":true,"href":"https:\/\/folhadosudeste.com\/site\/index.php?rest_route=%2Fwp%2Fv2%2Fcategories&post=78768"},{"taxonomy":"post_tag","embeddable":true,"href":"https:\/\/folhadosudeste.com\/site\/index.php?rest_route=%2Fwp%2Fv2%2Ftags&post=78768"}],"curies":[{"name":"wp","href":"https:\/\/api.w.org\/{rel}","templated":true}]}}