{"id":78805,"date":"2021-11-11T12:48:16","date_gmt":"2021-11-11T12:48:16","guid":{"rendered":"http:\/\/folhadosudeste.com\/site\/?p=78805"},"modified":"2021-11-11T12:48:16","modified_gmt":"2021-11-11T12:48:16","slug":"dia-da-consciencia-negra-e-comemorado-com-arte-em-muriae","status":"publish","type":"post","link":"https:\/\/folhadosudeste.com\/site\/?p=78805","title":{"rendered":"Dia da Consci\u00eancia Negra \u00e9 comemorado com arte em Muria\u00e9"},"content":{"rendered":"<div id=\":om\" class=\"ii gt\">\n<div id=\":on\" class=\"a3s aiL \">\n<div>\n<div>\n<div>\n<p align=\"justify\"><a href=\"http:\/\/folhadosudeste.com\/site\/wp-content\/uploads\/2021\/11\/negros-5.jpg\"><img loading=\"lazy\" decoding=\"async\" class=\"alignnone size-full wp-image-78806\" src=\"http:\/\/folhadosudeste.com\/site\/wp-content\/uploads\/2021\/11\/negros-5.jpg\" alt=\"\" width=\"1280\" height=\"854\" srcset=\"https:\/\/folhadosudeste.com\/site\/wp-content\/uploads\/2021\/11\/negros-5.jpg 1280w, https:\/\/folhadosudeste.com\/site\/wp-content\/uploads\/2021\/11\/negros-5-300x200.jpg 300w, https:\/\/folhadosudeste.com\/site\/wp-content\/uploads\/2021\/11\/negros-5-768x512.jpg 768w, https:\/\/folhadosudeste.com\/site\/wp-content\/uploads\/2021\/11\/negros-5-1024x683.jpg 1024w, https:\/\/folhadosudeste.com\/site\/wp-content\/uploads\/2021\/11\/negros-5-120x80.jpg 120w, https:\/\/folhadosudeste.com\/site\/wp-content\/uploads\/2021\/11\/negros-5-345x230.jpg 345w\" sizes=\"auto, (max-width: 1280px) 100vw, 1280px\" \/><\/a><\/p>\n<p align=\"justify\">No dia 20 de novembro, Dia da Consci\u00eancia Negra em todo o pa\u00eds, ser\u00e3o oferecidos espet\u00e1culos, palestras e muita dan\u00e7a para os muriaeenses. O Setor de Juventude da Fundarte (Prefeitura de Muria\u00e9) apresentar\u00e1 o \u2018Projeto Africanize\u2019 com homenagens em dois dias consecutivos. Na sexta-feira (19), as atividades acontecer\u00e3o no Teatro Greg\u00f3rio de Matos Guerra, \u00e0s 19h e, no s\u00e1bado (20), a programa\u00e7\u00e3o ser\u00e1 na Pra\u00e7a do Trabalhador, na Barra, a partir de 14h.<\/p>\n<p align=\"justify\">O evento promover\u00e1 a realiza\u00e7\u00e3o de pe\u00e7a teatral, grupos de dan\u00e7a e exposi\u00e7\u00e3o da artista Olivia Souza, sob a dire\u00e7\u00e3o de Marina Morena e Jhonatan Fragoso. As palestrantes Sandra Franklin, Nathaly Souza e Deize Camilo abordar\u00e3o temas relacionados \u00e0 igualdade social e racial.<\/p>\n<p align=\"justify\">No segundo dia ser\u00e3o as exposi\u00e7\u00f5es de artes e fotografias de grupos que trabalham em prol da cultura, associando a mostra aos assuntos ligados ao movimento afrodescendente na cidade. Os organizadores esperam o comparecimento de uma grande n\u00famero de pessoas para confraternizarem e discutirem quest\u00f5es sobre o Dia da Consci\u00eancia Negra, assim como suas quest\u00f5es e evolu\u00e7\u00f5es no cen\u00e1rio do Brasil e do mundo.<\/p>\n<p align=\"justify\">Ao entardecer, o DJ Zulu Rodrigues e Marina Morena apresentar\u00e3o os shows ao vivo, levando m\u00fasica, dan\u00e7a e exibi\u00e7\u00f5es art\u00edsticas para o p\u00fablico. Para completar estar\u00e3o presentes as bandas Choupana Hap, Blacoout Rap e For\u00e7a da Ra\u00e7a, al\u00e9m do grupo de Capoeira do Babinha e as Escolas de Samba do Papagaio e Unidos do Santa Terezinha.<\/p>\n<\/div>\n<\/div>\n<\/div>\n<\/div>\n<div class=\"yj6qo\">&nbsp;<\/div>\n<div class=\"yj6qo\">&nbsp;<\/div>\n<\/div>\n<div id=\":pc\" class=\"hq gt a10\">&nbsp;<\/div>\n","protected":false},"excerpt":{"rendered":"<p>No dia 20 de novembro, Dia da Consci\u00eancia Negra em todo o pa\u00eds, ser\u00e3o oferecidos espet\u00e1culos, palestras e muita dan\u00e7a para os muriaeenses. O Setor de Juventude da Fundarte (Prefeitura de Muria\u00e9) apresentar\u00e1 o \u2018Projeto Africanize\u2019 com homenagens em dois dias consecutivos. Na sexta-feira (19), as atividades acontecer\u00e3o no Teatro Greg\u00f3rio de Matos Guerra, \u00e0s [&hellip;]<\/p>\n","protected":false},"author":6,"featured_media":0,"comment_status":"open","ping_status":"closed","sticky":false,"template":"","format":"standard","meta":{"_joinchat":[],"footnotes":""},"categories":[1],"tags":[],"class_list":["post-78805","post","type-post","status-publish","format-standard","hentry","category-sem-categoria"],"_links":{"self":[{"href":"https:\/\/folhadosudeste.com\/site\/index.php?rest_route=\/wp\/v2\/posts\/78805","targetHints":{"allow":["GET"]}}],"collection":[{"href":"https:\/\/folhadosudeste.com\/site\/index.php?rest_route=\/wp\/v2\/posts"}],"about":[{"href":"https:\/\/folhadosudeste.com\/site\/index.php?rest_route=\/wp\/v2\/types\/post"}],"author":[{"embeddable":true,"href":"https:\/\/folhadosudeste.com\/site\/index.php?rest_route=\/wp\/v2\/users\/6"}],"replies":[{"embeddable":true,"href":"https:\/\/folhadosudeste.com\/site\/index.php?rest_route=%2Fwp%2Fv2%2Fcomments&post=78805"}],"version-history":[{"count":1,"href":"https:\/\/folhadosudeste.com\/site\/index.php?rest_route=\/wp\/v2\/posts\/78805\/revisions"}],"predecessor-version":[{"id":78807,"href":"https:\/\/folhadosudeste.com\/site\/index.php?rest_route=\/wp\/v2\/posts\/78805\/revisions\/78807"}],"wp:attachment":[{"href":"https:\/\/folhadosudeste.com\/site\/index.php?rest_route=%2Fwp%2Fv2%2Fmedia&parent=78805"}],"wp:term":[{"taxonomy":"category","embeddable":true,"href":"https:\/\/folhadosudeste.com\/site\/index.php?rest_route=%2Fwp%2Fv2%2Fcategories&post=78805"},{"taxonomy":"post_tag","embeddable":true,"href":"https:\/\/folhadosudeste.com\/site\/index.php?rest_route=%2Fwp%2Fv2%2Ftags&post=78805"}],"curies":[{"name":"wp","href":"https:\/\/api.w.org\/{rel}","templated":true}]}}