{"id":78808,"date":"2021-11-11T12:50:40","date_gmt":"2021-11-11T12:50:40","guid":{"rendered":"http:\/\/folhadosudeste.com\/site\/?p=78808"},"modified":"2021-11-11T12:50:40","modified_gmt":"2021-11-11T12:50:40","slug":"prefeitura-de-muriae-adquire-imovel-do-antigo-cem-local-vai-abrigar-nova-escola","status":"publish","type":"post","link":"https:\/\/folhadosudeste.com\/site\/?p=78808","title":{"rendered":"Prefeitura de Muria\u00e9 adquire im\u00f3vel do antigo CEM; local vai abrigar nova escola"},"content":{"rendered":"<div id=\":r3\" class=\"ii gt\">\n<div id=\":r2\" class=\"a3s aiL \">\n<div>\n<div>\n<div>\n<div><a href=\"http:\/\/folhadosudeste.com\/site\/wp-content\/uploads\/2021\/11\/cem.jpeg\"><img loading=\"lazy\" decoding=\"async\" class=\"alignnone size-full wp-image-78809\" src=\"http:\/\/folhadosudeste.com\/site\/wp-content\/uploads\/2021\/11\/cem.jpeg\" alt=\"\" width=\"1600\" height=\"1200\" srcset=\"https:\/\/folhadosudeste.com\/site\/wp-content\/uploads\/2021\/11\/cem.jpeg 1600w, https:\/\/folhadosudeste.com\/site\/wp-content\/uploads\/2021\/11\/cem-300x225.jpeg 300w, https:\/\/folhadosudeste.com\/site\/wp-content\/uploads\/2021\/11\/cem-768x576.jpeg 768w, https:\/\/folhadosudeste.com\/site\/wp-content\/uploads\/2021\/11\/cem-1024x768.jpeg 1024w\" sizes=\"auto, (max-width: 1600px) 100vw, 1600px\" \/><\/a><\/div>\n<div>&nbsp;<\/div>\n<div style=\"text-align: justify;\">O im\u00f3vel que no passado abrigou uma das mais tradicionais escolas de Muria\u00e9 foi adquirido pela Prefeitura.&nbsp;<\/div>\n<div style=\"text-align: justify;\">&nbsp;<\/div>\n<div style=\"text-align: justify;\">O antigo CEM &#8211; Centro Educacional de Muria\u00e9 &#8211; ser\u00e1 reformado e preparado para abrigar, futuramente, uma nova institui\u00e7\u00e3o de ensino, al\u00e9m de centro de conven\u00e7\u00f5es e contando ainda com estacionamento no pr\u00f3prio local.<\/div>\n<div style=\"text-align: justify;\">&nbsp;<\/div>\n<div style=\"text-align: justify;\">O empreendimento, localizado em \u00e1rea nobre da cidade e com acesso f\u00e1cil para moradores de pelo menos sete bairros, possui \u00e1rea total de quase 12 mil metros quadrados.&nbsp;<\/div>\n<div style=\"text-align: justify;\">&nbsp;<\/div>\n<div style=\"text-align: justify;\">O investimento foi de cerca de R$420 por metro quadrado em um espa\u00e7o que j\u00e1 conta com toda a estrutura de pr\u00e9dios, salas de aula e gin\u00e1sio poliesportivo.<\/div>\n<div style=\"text-align: justify;\">&nbsp;<\/div>\n<div style=\"text-align: justify;\">Para efeito de compara\u00e7\u00e3o, a gest\u00e3o anterior pagou mais caro (aproximadamente R$637) pelo metro quadrado de um terreno situado no Dornelas, com a quarta parte do tamanho que possui o im\u00f3vel do antigo CEM e sem qualquer infraestrutura ou preparo para obras.<\/div>\n<\/div>\n<\/div>\n<\/div>\n<\/div>\n<\/div>\n<p style=\"text-align: justify;\"><!--more--><\/p>\n<div id=\":r2\" class=\"a3s aiL \" style=\"text-align: justify;\">\n<div>\n<div>\n<div>\n<div><strong>Outros investimentos &#8211;<\/strong>&nbsp;Desde janeiro deste ano, a administra\u00e7\u00e3o municipal vem se preocupando em realizar investimentos que contribuem para preparar a cidade para o futuro.<\/div>\n<div>&nbsp;<\/div>\n<div>Al\u00e9m do antigo col\u00e9gio CEM, a Prefeitura de Muria\u00e9 j\u00e1 adquiriu tamb\u00e9m outros dois im\u00f3veis:<\/div>\n<div>&nbsp;<\/div>\n<div>&#8211; Cemit\u00e9rio Jardim da Paz &#8211; tamb\u00e9m j\u00e1 preparado com documenta\u00e7\u00e3o em dia e toda a infraestrutura necess\u00e1ria. A expectativa \u00e9 que este investimento seja pago em aproximadamente tr\u00eas anos;<\/div>\n<div>&nbsp;<\/div>\n<div>&#8211; Terreno no distrito do Vermelho &#8211; abrigar\u00e1 um novo CRAS (Centro de Refer\u00eancia e Assist\u00eancia Social) e outras unidades p\u00fablicas.<\/div>\n<\/div>\n<\/div>\n<\/div>\n<\/div>\n<div class=\"yj6qo\" style=\"text-align: justify;\">&nbsp;<\/div>\n<div id=\":oo\" class=\"hq gt a10\" style=\"text-align: justify;\">&nbsp;<\/div>\n","protected":false},"excerpt":{"rendered":"<p>&nbsp; O im\u00f3vel que no passado abrigou uma das mais tradicionais escolas de Muria\u00e9 foi adquirido pela Prefeitura.&nbsp; &nbsp; O antigo CEM &#8211; Centro Educacional de Muria\u00e9 &#8211; ser\u00e1 reformado e preparado para abrigar, futuramente, uma nova institui\u00e7\u00e3o de ensino, al\u00e9m de centro de conven\u00e7\u00f5es e contando ainda com estacionamento no pr\u00f3prio local. &nbsp; O [&hellip;]<\/p>\n","protected":false},"author":6,"featured_media":0,"comment_status":"open","ping_status":"closed","sticky":false,"template":"","format":"standard","meta":{"_joinchat":[],"footnotes":""},"categories":[1],"tags":[],"class_list":["post-78808","post","type-post","status-publish","format-standard","hentry","category-sem-categoria"],"_links":{"self":[{"href":"https:\/\/folhadosudeste.com\/site\/index.php?rest_route=\/wp\/v2\/posts\/78808","targetHints":{"allow":["GET"]}}],"collection":[{"href":"https:\/\/folhadosudeste.com\/site\/index.php?rest_route=\/wp\/v2\/posts"}],"about":[{"href":"https:\/\/folhadosudeste.com\/site\/index.php?rest_route=\/wp\/v2\/types\/post"}],"author":[{"embeddable":true,"href":"https:\/\/folhadosudeste.com\/site\/index.php?rest_route=\/wp\/v2\/users\/6"}],"replies":[{"embeddable":true,"href":"https:\/\/folhadosudeste.com\/site\/index.php?rest_route=%2Fwp%2Fv2%2Fcomments&post=78808"}],"version-history":[{"count":1,"href":"https:\/\/folhadosudeste.com\/site\/index.php?rest_route=\/wp\/v2\/posts\/78808\/revisions"}],"predecessor-version":[{"id":78810,"href":"https:\/\/folhadosudeste.com\/site\/index.php?rest_route=\/wp\/v2\/posts\/78808\/revisions\/78810"}],"wp:attachment":[{"href":"https:\/\/folhadosudeste.com\/site\/index.php?rest_route=%2Fwp%2Fv2%2Fmedia&parent=78808"}],"wp:term":[{"taxonomy":"category","embeddable":true,"href":"https:\/\/folhadosudeste.com\/site\/index.php?rest_route=%2Fwp%2Fv2%2Fcategories&post=78808"},{"taxonomy":"post_tag","embeddable":true,"href":"https:\/\/folhadosudeste.com\/site\/index.php?rest_route=%2Fwp%2Fv2%2Ftags&post=78808"}],"curies":[{"name":"wp","href":"https:\/\/api.w.org\/{rel}","templated":true}]}}