{"id":78811,"date":"2021-11-11T12:52:21","date_gmt":"2021-11-11T12:52:21","guid":{"rendered":"http:\/\/folhadosudeste.com\/site\/?p=78811"},"modified":"2021-11-11T12:52:21","modified_gmt":"2021-11-11T12:52:21","slug":"dois-novos-casos-de-covid-foram-registrados-no-sistema-da-secretaria-municipal-de-saude-nas-ultimas-24-horas","status":"publish","type":"post","link":"https:\/\/folhadosudeste.com\/site\/?p=78811","title":{"rendered":"Dois novos casos de covid foram registrados no sistema da Secretaria Municipal de Sa\u00fade nas \u00faltimas 24 horas."},"content":{"rendered":"<div style=\"text-align: justify;\"><a href=\"http:\/\/folhadosudeste.com\/site\/wp-content\/uploads\/2021\/11\/10112021.jpeg\"><img loading=\"lazy\" decoding=\"async\" class=\"alignnone size-full wp-image-78812\" src=\"http:\/\/folhadosudeste.com\/site\/wp-content\/uploads\/2021\/11\/10112021.jpeg\" alt=\"\" width=\"1080\" height=\"1080\" srcset=\"https:\/\/folhadosudeste.com\/site\/wp-content\/uploads\/2021\/11\/10112021.jpeg 1080w, https:\/\/folhadosudeste.com\/site\/wp-content\/uploads\/2021\/11\/10112021-150x150.jpeg 150w, https:\/\/folhadosudeste.com\/site\/wp-content\/uploads\/2021\/11\/10112021-300x300.jpeg 300w, https:\/\/folhadosudeste.com\/site\/wp-content\/uploads\/2021\/11\/10112021-768x768.jpeg 768w, https:\/\/folhadosudeste.com\/site\/wp-content\/uploads\/2021\/11\/10112021-1024x1024.jpeg 1024w\" sizes=\"auto, (max-width: 1080px) 100vw, 1080px\" \/><\/a><\/div>\n<div style=\"text-align: justify;\">&nbsp;<\/div>\n<div style=\"text-align: justify;\">A m\u00e9dia m\u00f3vel atual \u00e9 de 0,93 &#8211; o \u00edndice \u00e9 23% mais baixo que o de duas semanas atr\u00e1s, o que mostra que os n\u00fameros seguem com tend\u00eancia de queda.<\/div>\n<div style=\"text-align: justify;\">&nbsp;<\/div>\n<div style=\"text-align: justify;\">Atualmente, a cidade est\u00e1 com quatro pacientes ativos. Dois deles est\u00e3o internados, ambos em UTI e sob intuba\u00e7\u00e3o.<\/div>\n<div style=\"text-align: justify;\">&nbsp;<\/div>\n<div style=\"text-align: justify;\">Veja os n\u00fameros completos de hoje (10\/11\/2021):<\/div>\n<div style=\"text-align: justify;\">&nbsp;<\/div>\n<div style=\"text-align: justify;\">VACINA\u00c7\u00c3O (at\u00e9 09\/11)<\/div>\n<div style=\"text-align: justify;\">Parcialmente vacinados: 84.439 pessoas (77,19%)<\/div>\n<div style=\"text-align: justify;\">Totalmente vacinados: 66.702 pessoas (60,98%)<\/div>\n<div style=\"text-align: justify;\">Dose de refor\u00e7o \/ adicional: 7.833 pessoas (7,16%)<\/div>\n<div style=\"text-align: justify;\">&nbsp;<\/div>\n<div style=\"text-align: justify;\">CASOS<\/div>\n<div style=\"text-align: justify;\">Total de casos confirmados: 11.883 (+02)<\/div>\n<div style=\"text-align: justify;\">Pacientes ativos: 04<\/div>\n<div style=\"text-align: justify;\">Pacientes curados: 11.562<\/div>\n<div style=\"text-align: justify;\">\u00d3bitos: 317<\/div>\n<div style=\"text-align: justify;\">Investigados \/ Monitorados: 37<\/div>\n<div style=\"text-align: justify;\">Negativos: 15.357<\/div>\n","protected":false},"excerpt":{"rendered":"<p>&nbsp; A m\u00e9dia m\u00f3vel atual \u00e9 de 0,93 &#8211; o \u00edndice \u00e9 23% mais baixo que o de duas semanas atr\u00e1s, o que mostra que os n\u00fameros seguem com tend\u00eancia de queda. &nbsp; Atualmente, a cidade est\u00e1 com quatro pacientes ativos. Dois deles est\u00e3o internados, ambos em UTI e sob intuba\u00e7\u00e3o. &nbsp; Veja os n\u00fameros [&hellip;]<\/p>\n","protected":false},"author":6,"featured_media":0,"comment_status":"open","ping_status":"closed","sticky":false,"template":"","format":"standard","meta":{"_joinchat":[],"footnotes":""},"categories":[1],"tags":[],"class_list":["post-78811","post","type-post","status-publish","format-standard","hentry","category-sem-categoria"],"_links":{"self":[{"href":"https:\/\/folhadosudeste.com\/site\/index.php?rest_route=\/wp\/v2\/posts\/78811","targetHints":{"allow":["GET"]}}],"collection":[{"href":"https:\/\/folhadosudeste.com\/site\/index.php?rest_route=\/wp\/v2\/posts"}],"about":[{"href":"https:\/\/folhadosudeste.com\/site\/index.php?rest_route=\/wp\/v2\/types\/post"}],"author":[{"embeddable":true,"href":"https:\/\/folhadosudeste.com\/site\/index.php?rest_route=\/wp\/v2\/users\/6"}],"replies":[{"embeddable":true,"href":"https:\/\/folhadosudeste.com\/site\/index.php?rest_route=%2Fwp%2Fv2%2Fcomments&post=78811"}],"version-history":[{"count":1,"href":"https:\/\/folhadosudeste.com\/site\/index.php?rest_route=\/wp\/v2\/posts\/78811\/revisions"}],"predecessor-version":[{"id":78813,"href":"https:\/\/folhadosudeste.com\/site\/index.php?rest_route=\/wp\/v2\/posts\/78811\/revisions\/78813"}],"wp:attachment":[{"href":"https:\/\/folhadosudeste.com\/site\/index.php?rest_route=%2Fwp%2Fv2%2Fmedia&parent=78811"}],"wp:term":[{"taxonomy":"category","embeddable":true,"href":"https:\/\/folhadosudeste.com\/site\/index.php?rest_route=%2Fwp%2Fv2%2Fcategories&post=78811"},{"taxonomy":"post_tag","embeddable":true,"href":"https:\/\/folhadosudeste.com\/site\/index.php?rest_route=%2Fwp%2Fv2%2Ftags&post=78811"}],"curies":[{"name":"wp","href":"https:\/\/api.w.org\/{rel}","templated":true}]}}