{"id":78825,"date":"2021-11-11T13:05:18","date_gmt":"2021-11-11T13:05:18","guid":{"rendered":"http:\/\/folhadosudeste.com\/site\/?p=78825"},"modified":"2021-11-11T13:05:38","modified_gmt":"2021-11-11T13:05:38","slug":"220-casais-estarao-na-cerimonia-de-casamento-comunitario-nesta-sexta-feira-na-faminas","status":"publish","type":"post","link":"https:\/\/folhadosudeste.com\/site\/?p=78825","title":{"rendered":"220 casais estar\u00e3o na Cerim\u00f4nia de Casamento Comunit\u00e1rio nesta sexta-feira na FAMINAS"},"content":{"rendered":"<p><a href=\"http:\/\/folhadosudeste.com\/site\/wp-content\/uploads\/2021\/11\/Centro-Universit\u00e1rio-FAMINAS-2_707x464.jpg\"><img loading=\"lazy\" decoding=\"async\" class=\"alignnone size-full wp-image-78826\" src=\"http:\/\/folhadosudeste.com\/site\/wp-content\/uploads\/2021\/11\/Centro-Universit\u00e1rio-FAMINAS-2_707x464.jpg\" alt=\"\" width=\"707\" height=\"464\" srcset=\"https:\/\/folhadosudeste.com\/site\/wp-content\/uploads\/2021\/11\/Centro-Universit\u00e1rio-FAMINAS-2_707x464.jpg 707w, https:\/\/folhadosudeste.com\/site\/wp-content\/uploads\/2021\/11\/Centro-Universit\u00e1rio-FAMINAS-2_707x464-300x197.jpg 300w, https:\/\/folhadosudeste.com\/site\/wp-content\/uploads\/2021\/11\/Centro-Universit\u00e1rio-FAMINAS-2_707x464-120x80.jpg 120w\" sizes=\"auto, (max-width: 707px) 100vw, 707px\" \/><\/a><\/p>\n<p style=\"text-align: justify;\">Nesta sexta-feira (12), 220 casais v\u00e3o poder oficializar a uni\u00e3o durante uma Cerim\u00f4nia de Casamento Comunit\u00e1rio, promovida pelo curso de Direito do Centro Universit\u00e1rio FAMINAS, em parceria com o Tribunal de Justi\u00e7a de Minas Gerais (TJMG) e o Cart\u00f3rio de Registro Civil de Pessoas Naturais de Muria\u00e9.<\/p>\n<p style=\"text-align: justify;\">A cerim\u00f4nia vai acontecer em dois blocos (\u00e0s 16h e \u00e0s 19h), no Sal\u00e3o Nobre da institui\u00e7\u00e3o de ensino, com a participa\u00e7\u00e3o de 110 casais em cada um deles, a fim de atender aos protocolos sanit\u00e1rios vigentes. Ser\u00e1 uma celebra\u00e7\u00e3o ecum\u00eanica, com a participa\u00e7\u00e3o do Padre Carlos Roberto Moreira de Oliveira e do Pastor A\u00edlton Lopes, para as b\u00ean\u00e7\u00e3os aos casais e familiares. O juiz Juliano Carneiro Veiga, titular do Centro Judici\u00e1rio de Solu\u00e7\u00e3o de Conflitos e Cidadania (Cejusc) da Comarca de Muria\u00e9, presidir\u00e1 a cerim\u00f4nia.<\/p>\n<p style=\"text-align: justify;\">A a\u00e7\u00e3o marca o encerramento do projeto \u201cMutir\u00e3o do Casamento Civil\u201d, que prev\u00ea a regulariza\u00e7\u00e3o do estado civil de casais que vivem juntos h\u00e1 mais de um ano, como se j\u00e1 fossem casados. Os interessados se inscreveram, entre os meses de maio e junho, e todos que estavam dentro dos pr\u00e9-requisitos, inclusive apresentando a documenta\u00e7\u00e3o exigida, foram contemplados com a realiza\u00e7\u00e3o de todo o processo de forma gratuita.<\/p>\n<p><!--more--><\/p>\n<p style=\"text-align: justify;\">\u201cUm marco para a inclus\u00e3o social, trazendo benef\u00edcios para casais em situa\u00e7\u00e3o de hipossufici\u00eancia econ\u00f4mica, que n\u00e3o t\u00eam a uni\u00e3o oficializada, fortalecendo o v\u00ednculo familiar e o pleno exerc\u00edcio da cidadania\u201d, afirmou Margarida Esp\u00f3sito, coordenadora do curso de Direito da FAMINAS.<\/p>\n<p style=\"text-align: justify;\">A iniciativa conta, ainda, com o apoio do Cejusc, da Ordem dos Advogados do Brasil (OAB) \u2013 36\u00aa Subse\u00e7\u00e3o Muria\u00e9, da Secretaria Municipal de Desenvolvimento Social e da Funda\u00e7\u00e3o de Cultura e Artes de Muria\u00e9 (Fundarte).<\/p>\n<p>Fonte: Silvan Alves<\/p>\n","protected":false},"excerpt":{"rendered":"<p>Nesta sexta-feira (12), 220 casais v\u00e3o poder oficializar a uni\u00e3o durante uma Cerim\u00f4nia de Casamento Comunit\u00e1rio, promovida pelo curso de Direito do Centro Universit\u00e1rio FAMINAS, em parceria com o Tribunal de Justi\u00e7a de Minas Gerais (TJMG) e o Cart\u00f3rio de Registro Civil de Pessoas Naturais de Muria\u00e9. A cerim\u00f4nia vai acontecer em dois blocos (\u00e0s [&hellip;]<\/p>\n","protected":false},"author":6,"featured_media":0,"comment_status":"open","ping_status":"closed","sticky":false,"template":"","format":"standard","meta":{"_joinchat":[],"footnotes":""},"categories":[1],"tags":[],"class_list":["post-78825","post","type-post","status-publish","format-standard","hentry","category-sem-categoria"],"_links":{"self":[{"href":"https:\/\/folhadosudeste.com\/site\/index.php?rest_route=\/wp\/v2\/posts\/78825","targetHints":{"allow":["GET"]}}],"collection":[{"href":"https:\/\/folhadosudeste.com\/site\/index.php?rest_route=\/wp\/v2\/posts"}],"about":[{"href":"https:\/\/folhadosudeste.com\/site\/index.php?rest_route=\/wp\/v2\/types\/post"}],"author":[{"embeddable":true,"href":"https:\/\/folhadosudeste.com\/site\/index.php?rest_route=\/wp\/v2\/users\/6"}],"replies":[{"embeddable":true,"href":"https:\/\/folhadosudeste.com\/site\/index.php?rest_route=%2Fwp%2Fv2%2Fcomments&post=78825"}],"version-history":[{"count":2,"href":"https:\/\/folhadosudeste.com\/site\/index.php?rest_route=\/wp\/v2\/posts\/78825\/revisions"}],"predecessor-version":[{"id":78828,"href":"https:\/\/folhadosudeste.com\/site\/index.php?rest_route=\/wp\/v2\/posts\/78825\/revisions\/78828"}],"wp:attachment":[{"href":"https:\/\/folhadosudeste.com\/site\/index.php?rest_route=%2Fwp%2Fv2%2Fmedia&parent=78825"}],"wp:term":[{"taxonomy":"category","embeddable":true,"href":"https:\/\/folhadosudeste.com\/site\/index.php?rest_route=%2Fwp%2Fv2%2Fcategories&post=78825"},{"taxonomy":"post_tag","embeddable":true,"href":"https:\/\/folhadosudeste.com\/site\/index.php?rest_route=%2Fwp%2Fv2%2Ftags&post=78825"}],"curies":[{"name":"wp","href":"https:\/\/api.w.org\/{rel}","templated":true}]}}