{"id":78831,"date":"2021-11-12T11:38:41","date_gmt":"2021-11-12T11:38:41","guid":{"rendered":"http:\/\/folhadosudeste.com\/site\/?p=78831"},"modified":"2021-11-12T11:38:41","modified_gmt":"2021-11-12T11:38:41","slug":"apos-10-dias-a-covid-19-voltou-a-contribuir-para-um-obito-registrado-em-muriae","status":"publish","type":"post","link":"https:\/\/folhadosudeste.com\/site\/?p=78831","title":{"rendered":"Ap\u00f3s 10 dias, a covid-19 voltou a contribuir para um \u00f3bito registrado em Muria\u00e9"},"content":{"rendered":"<div><a href=\"http:\/\/folhadosudeste.com\/site\/wp-content\/uploads\/2021\/11\/11112021.jpeg\"><img loading=\"lazy\" decoding=\"async\" class=\"alignnone size-full wp-image-78833\" src=\"http:\/\/folhadosudeste.com\/site\/wp-content\/uploads\/2021\/11\/11112021.jpeg\" alt=\"\" width=\"1080\" height=\"1080\" srcset=\"https:\/\/folhadosudeste.com\/site\/wp-content\/uploads\/2021\/11\/11112021.jpeg 1080w, https:\/\/folhadosudeste.com\/site\/wp-content\/uploads\/2021\/11\/11112021-150x150.jpeg 150w, https:\/\/folhadosudeste.com\/site\/wp-content\/uploads\/2021\/11\/11112021-300x300.jpeg 300w, https:\/\/folhadosudeste.com\/site\/wp-content\/uploads\/2021\/11\/11112021-768x768.jpeg 768w, https:\/\/folhadosudeste.com\/site\/wp-content\/uploads\/2021\/11\/11112021-1024x1024.jpeg 1024w\" sizes=\"auto, (max-width: 1080px) 100vw, 1080px\" \/><\/a><\/div>\n<div>&nbsp;<\/div>\n<div style=\"text-align: justify;\">A pessoa estava com 87 anos, era tabagista e n\u00e3o havia tomado nenhuma dose de vacina contra covid. Ficou 12 dias em interna\u00e7\u00e3o hospitalar e morreu na quarta-feira (10), 20 dias ap\u00f3s o in\u00edcio dos sintomas.<\/div>\n<div style=\"text-align: justify;\">&nbsp;<\/div>\n<div style=\"text-align: justify;\">Em contrapartida, nenhum caso novo foi registrado em Muria\u00e9 nas \u00faltimas 24 horas. A m\u00e9dia m\u00f3vel atual \u00e9 de 0,86 &#8211; o \u00edndice \u00e9 24% mais baixo que o de duas semanas atr\u00e1s.<\/div>\n<div style=\"text-align: justify;\">&nbsp;<\/div>\n<div style=\"text-align: justify;\">Veja os n\u00fameros completos de hoje (11\/11\/2021):<\/div>\n<div style=\"text-align: justify;\">&nbsp;<\/div>\n<div style=\"text-align: justify;\">VACINA\u00c7\u00c3O (at\u00e9 10\/11)<\/div>\n<div style=\"text-align: justify;\">Parcialmente vacinados: 84.439 pessoas (77,19%)<\/div>\n<div style=\"text-align: justify;\">Totalmente vacinados: 67.218 pessoas (61,45%)<\/div>\n<div style=\"text-align: justify;\">Dose de refor\u00e7o \/ adicional: 8.020 pessoas (7,33%)<\/div>\n<div style=\"text-align: justify;\">&nbsp;<\/div>\n<div style=\"text-align: justify;\">CASOS<\/div>\n<div style=\"text-align: justify;\">Total de casos confirmados: 11.883 (sem altera\u00e7\u00e3o)<\/div>\n<div style=\"text-align: justify;\">Pacientes ativos: 04<\/div>\n<div style=\"text-align: justify;\">Pacientes curados: 11.562<\/div>\n<div style=\"text-align: justify;\">\u00d3bitos: 318 (+01)<\/div>\n<div style=\"text-align: justify;\">Investigados \/ Monitorados: 46<\/div>\n<div style=\"text-align: justify;\">Negativos: 15.380<\/div>\n","protected":false},"excerpt":{"rendered":"<p>&nbsp; A pessoa estava com 87 anos, era tabagista e n\u00e3o havia tomado nenhuma dose de vacina contra covid. Ficou 12 dias em interna\u00e7\u00e3o hospitalar e morreu na quarta-feira (10), 20 dias ap\u00f3s o in\u00edcio dos sintomas. &nbsp; Em contrapartida, nenhum caso novo foi registrado em Muria\u00e9 nas \u00faltimas 24 horas. A m\u00e9dia m\u00f3vel atual [&hellip;]<\/p>\n","protected":false},"author":6,"featured_media":0,"comment_status":"open","ping_status":"closed","sticky":false,"template":"","format":"standard","meta":{"_joinchat":[],"footnotes":""},"categories":[1],"tags":[],"class_list":["post-78831","post","type-post","status-publish","format-standard","hentry","category-sem-categoria"],"_links":{"self":[{"href":"https:\/\/folhadosudeste.com\/site\/index.php?rest_route=\/wp\/v2\/posts\/78831","targetHints":{"allow":["GET"]}}],"collection":[{"href":"https:\/\/folhadosudeste.com\/site\/index.php?rest_route=\/wp\/v2\/posts"}],"about":[{"href":"https:\/\/folhadosudeste.com\/site\/index.php?rest_route=\/wp\/v2\/types\/post"}],"author":[{"embeddable":true,"href":"https:\/\/folhadosudeste.com\/site\/index.php?rest_route=\/wp\/v2\/users\/6"}],"replies":[{"embeddable":true,"href":"https:\/\/folhadosudeste.com\/site\/index.php?rest_route=%2Fwp%2Fv2%2Fcomments&post=78831"}],"version-history":[{"count":2,"href":"https:\/\/folhadosudeste.com\/site\/index.php?rest_route=\/wp\/v2\/posts\/78831\/revisions"}],"predecessor-version":[{"id":78834,"href":"https:\/\/folhadosudeste.com\/site\/index.php?rest_route=\/wp\/v2\/posts\/78831\/revisions\/78834"}],"wp:attachment":[{"href":"https:\/\/folhadosudeste.com\/site\/index.php?rest_route=%2Fwp%2Fv2%2Fmedia&parent=78831"}],"wp:term":[{"taxonomy":"category","embeddable":true,"href":"https:\/\/folhadosudeste.com\/site\/index.php?rest_route=%2Fwp%2Fv2%2Fcategories&post=78831"},{"taxonomy":"post_tag","embeddable":true,"href":"https:\/\/folhadosudeste.com\/site\/index.php?rest_route=%2Fwp%2Fv2%2Ftags&post=78831"}],"curies":[{"name":"wp","href":"https:\/\/api.w.org\/{rel}","templated":true}]}}