{"id":78950,"date":"2021-11-16T23:02:28","date_gmt":"2021-11-16T23:02:28","guid":{"rendered":"http:\/\/folhadosudeste.com\/site\/?p=78950"},"modified":"2021-11-16T23:02:28","modified_gmt":"2021-11-16T23:02:28","slug":"centro-municipal-de-artesanato-e-uma-realidade-em-muriae","status":"publish","type":"post","link":"https:\/\/folhadosudeste.com\/site\/?p=78950","title":{"rendered":"Centro Municipal de Artesanato \u00e9 uma realidade em Muria\u00e9"},"content":{"rendered":"<p align=\"justify\"><a href=\"http:\/\/folhadosudeste.com\/site\/wp-content\/uploads\/2021\/11\/IMG_0002.jpg\"><img loading=\"lazy\" decoding=\"async\" class=\"alignnone size-full wp-image-78951\" src=\"http:\/\/folhadosudeste.com\/site\/wp-content\/uploads\/2021\/11\/IMG_0002.jpg\" alt=\"\" width=\"2048\" height=\"1365\" srcset=\"https:\/\/folhadosudeste.com\/site\/wp-content\/uploads\/2021\/11\/IMG_0002.jpg 2048w, https:\/\/folhadosudeste.com\/site\/wp-content\/uploads\/2021\/11\/IMG_0002-300x200.jpg 300w, https:\/\/folhadosudeste.com\/site\/wp-content\/uploads\/2021\/11\/IMG_0002-768x512.jpg 768w, https:\/\/folhadosudeste.com\/site\/wp-content\/uploads\/2021\/11\/IMG_0002-1024x683.jpg 1024w, https:\/\/folhadosudeste.com\/site\/wp-content\/uploads\/2021\/11\/IMG_0002-120x80.jpg 120w, https:\/\/folhadosudeste.com\/site\/wp-content\/uploads\/2021\/11\/IMG_0002-345x230.jpg 345w\" sizes=\"auto, (max-width: 2048px) 100vw, 2048px\" \/><\/a><\/p>\n<p style=\"text-align: justify;\" align=\"justify\">A cidade acaba de ganhar um novo espa\u00e7o para abrigar os trabalhos manuais de artes\u00e3os para a exposi\u00e7\u00e3o e venda de produtos dos artistas locais. O Centro de Artesanato de Muria\u00e9 era um sonho antigo dos profissionais do munic\u00edpio. Todos aguardavam por um espa\u00e7o onde pudessem expor suas produ\u00e7\u00f5es e comercializ\u00e1-las.<\/p>\n<p style=\"text-align: justify;\" align=\"justify\">O Centro Municipal de Artesanato Ant\u00f4nio Moreira recebeu este nome em homenagem ao antigo morador de Belis\u00e1rio, Ant\u00f4nio Moreira de Faria, que foi uma pessoa que trabalhou como carpinteiro e criador de pe\u00e7as diferenciadas, incentivado pelo pai, que era marceneiro. Gostava de desafios e, ainda jovem, come\u00e7ou a fazer pe\u00e7as decorativas, criando trabalhos diferenciados e de extremo bom gosto. Foi ele quem levou os ensinamentos da arte em madeira aos jovens, ensinando-lhes uma profiss\u00e3o. Faleceu em 02 de julho de 2020, v\u00edtima da Covid-19.<\/p>\n<p style=\"text-align: justify;\" align=\"justify\">O prefeito Jos\u00e9 Braz ao lado do vice, Dr. Marcos Guarino e a diretora da Fundarte, Gilca Napier, entenderam que, com a instala\u00e7\u00e3o da \u2018Casa da Mulher e \u2018Delegacia da Mulher\u2019 pr\u00e9dio, que, no passado abrigou a primeira rodovi\u00e1ria do munic\u00edpio, seria o local ideal para a divulga\u00e7\u00e3o dos trabalhos manuais, pe\u00e7as, doces e alimentos feitos de maneira natural e r\u00fastica, gerando renda para os profissionais.<\/p>\n<p align=\"justify\"><!--more--><\/p>\n<p style=\"text-align: justify;\" align=\"justify\">A gest\u00e3o do Centro ficar\u00e1 por conta da Prefeitura, atrav\u00e9s da Funda\u00e7\u00e3o Municipal de Cultura e Artes de Muria\u00e9 \u2013 Fundarte em parceria com os artes\u00e3os locais. Muitos artistas est\u00e3o inscritos e com materiais j\u00e1 a mostra. H\u00e1 uma diversidade de segmentos artesanais na loja. Os artigos v\u00e3o de mandalas, bolsas, quadros, bancos, espelhos pra lavabo at\u00e9 cestas de frutas de madeira, panos de prato e esculturas. A partir de ent\u00e3o, o espa\u00e7o est\u00e1 aberto aos muriaeenses na Rua Paschoal Bernardino, 61 \u2013 Centro.<\/p>\n<p><b>Escada de acesso em ladrilho hidr\u00e1ulico<\/b><\/p>\n<p align=\"justify\">A&nbsp;escada de&nbsp;acesso \u00e0 pra\u00e7a Jo\u00e3o Pinheiro permitir\u00e1 uma volta ao passado, tornando o espa\u00e7o ponto tur\u00edstico da \u00e1rea central.&nbsp;Com ladrilhos portugueses a obra foi idealizada&nbsp;ap\u00f3s muitas&nbsp;conversas com membros da&nbsp;fam\u00edlia Galv\u00e3o que&nbsp;se disp\u00f4s a doar&nbsp;as pedras afixadas nas laterais da escada, tornando o ambiente r\u00fastico e belo.<\/p>\n<p align=\"justify\"><b>A f\u00e1brica de ladrilhos<\/b><\/p>\n<p align=\"justify\">A \u2018F\u00e1brica Arte em Ladrilhos\u2019 foi fundada em 1920, pelo mestre de obras Umberto Ticom, sendo hoje uma das mais antigas e tradicionais de Minas Gerais. H\u00e1 101 anos no mercado, a f\u00e1brica de artefatos de cimento Mauro Galv\u00e3o produz azulejos de diversos tamanhos, cores e desenhos.<\/p>\n<p align=\"justify\"><a href=\"http:\/\/folhadosudeste.com\/site\/wp-content\/uploads\/2021\/11\/IMG_0063.jpg\"><img loading=\"lazy\" decoding=\"async\" class=\"alignnone size-full wp-image-78952\" src=\"http:\/\/folhadosudeste.com\/site\/wp-content\/uploads\/2021\/11\/IMG_0063.jpg\" alt=\"\" width=\"2048\" height=\"1365\" srcset=\"https:\/\/folhadosudeste.com\/site\/wp-content\/uploads\/2021\/11\/IMG_0063.jpg 2048w, https:\/\/folhadosudeste.com\/site\/wp-content\/uploads\/2021\/11\/IMG_0063-300x200.jpg 300w, https:\/\/folhadosudeste.com\/site\/wp-content\/uploads\/2021\/11\/IMG_0063-768x512.jpg 768w, https:\/\/folhadosudeste.com\/site\/wp-content\/uploads\/2021\/11\/IMG_0063-1024x683.jpg 1024w, https:\/\/folhadosudeste.com\/site\/wp-content\/uploads\/2021\/11\/IMG_0063-120x80.jpg 120w, https:\/\/folhadosudeste.com\/site\/wp-content\/uploads\/2021\/11\/IMG_0063-345x230.jpg 345w\" sizes=\"auto, (max-width: 2048px) 100vw, 2048px\" \/><\/a> <a href=\"http:\/\/folhadosudeste.com\/site\/wp-content\/uploads\/2021\/11\/IMG_0039.jpg\"><img loading=\"lazy\" decoding=\"async\" class=\"alignnone size-full wp-image-78953\" src=\"http:\/\/folhadosudeste.com\/site\/wp-content\/uploads\/2021\/11\/IMG_0039.jpg\" alt=\"\" width=\"2048\" height=\"1365\" srcset=\"https:\/\/folhadosudeste.com\/site\/wp-content\/uploads\/2021\/11\/IMG_0039.jpg 2048w, https:\/\/folhadosudeste.com\/site\/wp-content\/uploads\/2021\/11\/IMG_0039-300x200.jpg 300w, https:\/\/folhadosudeste.com\/site\/wp-content\/uploads\/2021\/11\/IMG_0039-768x512.jpg 768w, https:\/\/folhadosudeste.com\/site\/wp-content\/uploads\/2021\/11\/IMG_0039-1024x683.jpg 1024w, https:\/\/folhadosudeste.com\/site\/wp-content\/uploads\/2021\/11\/IMG_0039-120x80.jpg 120w, https:\/\/folhadosudeste.com\/site\/wp-content\/uploads\/2021\/11\/IMG_0039-345x230.jpg 345w\" sizes=\"auto, (max-width: 2048px) 100vw, 2048px\" \/><\/a> <a href=\"http:\/\/folhadosudeste.com\/site\/wp-content\/uploads\/2021\/11\/IMG_0015-1.jpg\"><img loading=\"lazy\" decoding=\"async\" class=\"alignnone size-full wp-image-78954\" src=\"http:\/\/folhadosudeste.com\/site\/wp-content\/uploads\/2021\/11\/IMG_0015-1.jpg\" alt=\"\" width=\"2048\" height=\"1365\" srcset=\"https:\/\/folhadosudeste.com\/site\/wp-content\/uploads\/2021\/11\/IMG_0015-1.jpg 2048w, https:\/\/folhadosudeste.com\/site\/wp-content\/uploads\/2021\/11\/IMG_0015-1-300x200.jpg 300w, https:\/\/folhadosudeste.com\/site\/wp-content\/uploads\/2021\/11\/IMG_0015-1-768x512.jpg 768w, https:\/\/folhadosudeste.com\/site\/wp-content\/uploads\/2021\/11\/IMG_0015-1-1024x683.jpg 1024w, https:\/\/folhadosudeste.com\/site\/wp-content\/uploads\/2021\/11\/IMG_0015-1-120x80.jpg 120w, https:\/\/folhadosudeste.com\/site\/wp-content\/uploads\/2021\/11\/IMG_0015-1-345x230.jpg 345w\" sizes=\"auto, (max-width: 2048px) 100vw, 2048px\" \/><\/a><\/p>\n","protected":false},"excerpt":{"rendered":"<p>A cidade acaba de ganhar um novo espa\u00e7o para abrigar os trabalhos manuais de artes\u00e3os para a exposi\u00e7\u00e3o e venda de produtos dos artistas locais. O Centro de Artesanato de Muria\u00e9 era um sonho antigo dos profissionais do munic\u00edpio. Todos aguardavam por um espa\u00e7o onde pudessem expor suas produ\u00e7\u00f5es e comercializ\u00e1-las. O Centro Municipal de [&hellip;]<\/p>\n","protected":false},"author":6,"featured_media":0,"comment_status":"open","ping_status":"closed","sticky":false,"template":"","format":"standard","meta":{"_joinchat":[],"footnotes":""},"categories":[1],"tags":[],"class_list":["post-78950","post","type-post","status-publish","format-standard","hentry","category-sem-categoria"],"_links":{"self":[{"href":"https:\/\/folhadosudeste.com\/site\/index.php?rest_route=\/wp\/v2\/posts\/78950","targetHints":{"allow":["GET"]}}],"collection":[{"href":"https:\/\/folhadosudeste.com\/site\/index.php?rest_route=\/wp\/v2\/posts"}],"about":[{"href":"https:\/\/folhadosudeste.com\/site\/index.php?rest_route=\/wp\/v2\/types\/post"}],"author":[{"embeddable":true,"href":"https:\/\/folhadosudeste.com\/site\/index.php?rest_route=\/wp\/v2\/users\/6"}],"replies":[{"embeddable":true,"href":"https:\/\/folhadosudeste.com\/site\/index.php?rest_route=%2Fwp%2Fv2%2Fcomments&post=78950"}],"version-history":[{"count":1,"href":"https:\/\/folhadosudeste.com\/site\/index.php?rest_route=\/wp\/v2\/posts\/78950\/revisions"}],"predecessor-version":[{"id":78955,"href":"https:\/\/folhadosudeste.com\/site\/index.php?rest_route=\/wp\/v2\/posts\/78950\/revisions\/78955"}],"wp:attachment":[{"href":"https:\/\/folhadosudeste.com\/site\/index.php?rest_route=%2Fwp%2Fv2%2Fmedia&parent=78950"}],"wp:term":[{"taxonomy":"category","embeddable":true,"href":"https:\/\/folhadosudeste.com\/site\/index.php?rest_route=%2Fwp%2Fv2%2Fcategories&post=78950"},{"taxonomy":"post_tag","embeddable":true,"href":"https:\/\/folhadosudeste.com\/site\/index.php?rest_route=%2Fwp%2Fv2%2Ftags&post=78950"}],"curies":[{"name":"wp","href":"https:\/\/api.w.org\/{rel}","templated":true}]}}