{"id":78956,"date":"2021-11-16T23:06:57","date_gmt":"2021-11-16T23:06:57","guid":{"rendered":"http:\/\/folhadosudeste.com\/site\/?p=78956"},"modified":"2021-11-16T23:06:57","modified_gmt":"2021-11-16T23:06:57","slug":"tres-novos-casos-de-covid-19-foram-confirmados-em-muriae-desde-a-ultima-sexta-feira","status":"publish","type":"post","link":"https:\/\/folhadosudeste.com\/site\/?p=78956","title":{"rendered":"Tr\u00eas novos casos de covid-19 foram confirmados em Muria\u00e9 desde a \u00faltima sexta-feira"},"content":{"rendered":"<div><a href=\"http:\/\/folhadosudeste.com\/site\/wp-content\/uploads\/2021\/11\/16112021.jpeg\"><img loading=\"lazy\" decoding=\"async\" class=\"alignnone size-full wp-image-78957\" src=\"http:\/\/folhadosudeste.com\/site\/wp-content\/uploads\/2021\/11\/16112021.jpeg\" alt=\"\" width=\"1080\" height=\"1080\" srcset=\"https:\/\/folhadosudeste.com\/site\/wp-content\/uploads\/2021\/11\/16112021.jpeg 1080w, https:\/\/folhadosudeste.com\/site\/wp-content\/uploads\/2021\/11\/16112021-150x150.jpeg 150w, https:\/\/folhadosudeste.com\/site\/wp-content\/uploads\/2021\/11\/16112021-300x300.jpeg 300w, https:\/\/folhadosudeste.com\/site\/wp-content\/uploads\/2021\/11\/16112021-768x768.jpeg 768w, https:\/\/folhadosudeste.com\/site\/wp-content\/uploads\/2021\/11\/16112021-1024x1024.jpeg 1024w\" sizes=\"auto, (max-width: 1080px) 100vw, 1080px\" \/><\/a><\/div>\n<div>&nbsp;<\/div>\n<div style=\"text-align: justify;\">O n\u00famero de pacientes ativos totaliza cinco pessoas no momento, das quais duas est\u00e3o internadas &#8211; uma em enfermaria e outra em UTI.<\/div>\n<div style=\"text-align: justify;\">&nbsp;<\/div>\n<div style=\"text-align: justify;\">A m\u00e9dia m\u00f3vel de casos confirmados nas \u00faltimas duas semanas \u00e9 de 0,93 por dia. O \u00edndice \u00e9 13% mais baixo que o do per\u00edodo anterior.<\/div>\n<div style=\"text-align: justify;\">&nbsp;<\/div>\n<div style=\"text-align: justify;\">Veja os n\u00fameros completos de hoje (16\/11\/2021):<\/div>\n<div style=\"text-align: justify;\">&nbsp;<\/div>\n<div style=\"text-align: justify;\">VACINA\u00c7\u00c3O (at\u00e9 12\/11)<\/div>\n<div style=\"text-align: justify;\">Parcialmente vacinados: 84.439 pessoas (77,19%)<\/div>\n<div style=\"text-align: justify;\">Totalmente vacinados: 67.700 pessoas (61,89%)<\/div>\n<div style=\"text-align: justify;\">Dose de refor\u00e7o \/ adicional: 8.348 pessoas (7,63%)<\/div>\n<div style=\"text-align: justify;\">&nbsp;<\/div>\n<div style=\"text-align: justify;\">CASOS<\/div>\n<div style=\"text-align: justify;\">Total de casos confirmados: 11.884 (+03)<\/div>\n<div style=\"text-align: justify;\">Pacientes ativos: 05<\/div>\n<div style=\"text-align: justify;\">Pacientes curados: 11.564<\/div>\n<div style=\"text-align: justify;\">\u00d3bitos: 318<\/div>\n<div style=\"text-align: justify;\">Investigados \/ Monitorados: 40<\/div>\n<div style=\"text-align: justify;\">Negativos: 15.473<\/div>\n","protected":false},"excerpt":{"rendered":"<p>&nbsp; O n\u00famero de pacientes ativos totaliza cinco pessoas no momento, das quais duas est\u00e3o internadas &#8211; uma em enfermaria e outra em UTI. &nbsp; A m\u00e9dia m\u00f3vel de casos confirmados nas \u00faltimas duas semanas \u00e9 de 0,93 por dia. O \u00edndice \u00e9 13% mais baixo que o do per\u00edodo anterior. &nbsp; Veja os n\u00fameros [&hellip;]<\/p>\n","protected":false},"author":6,"featured_media":0,"comment_status":"open","ping_status":"closed","sticky":false,"template":"","format":"standard","meta":{"_joinchat":[],"footnotes":""},"categories":[1],"tags":[],"class_list":["post-78956","post","type-post","status-publish","format-standard","hentry","category-sem-categoria"],"_links":{"self":[{"href":"https:\/\/folhadosudeste.com\/site\/index.php?rest_route=\/wp\/v2\/posts\/78956","targetHints":{"allow":["GET"]}}],"collection":[{"href":"https:\/\/folhadosudeste.com\/site\/index.php?rest_route=\/wp\/v2\/posts"}],"about":[{"href":"https:\/\/folhadosudeste.com\/site\/index.php?rest_route=\/wp\/v2\/types\/post"}],"author":[{"embeddable":true,"href":"https:\/\/folhadosudeste.com\/site\/index.php?rest_route=\/wp\/v2\/users\/6"}],"replies":[{"embeddable":true,"href":"https:\/\/folhadosudeste.com\/site\/index.php?rest_route=%2Fwp%2Fv2%2Fcomments&post=78956"}],"version-history":[{"count":1,"href":"https:\/\/folhadosudeste.com\/site\/index.php?rest_route=\/wp\/v2\/posts\/78956\/revisions"}],"predecessor-version":[{"id":78958,"href":"https:\/\/folhadosudeste.com\/site\/index.php?rest_route=\/wp\/v2\/posts\/78956\/revisions\/78958"}],"wp:attachment":[{"href":"https:\/\/folhadosudeste.com\/site\/index.php?rest_route=%2Fwp%2Fv2%2Fmedia&parent=78956"}],"wp:term":[{"taxonomy":"category","embeddable":true,"href":"https:\/\/folhadosudeste.com\/site\/index.php?rest_route=%2Fwp%2Fv2%2Fcategories&post=78956"},{"taxonomy":"post_tag","embeddable":true,"href":"https:\/\/folhadosudeste.com\/site\/index.php?rest_route=%2Fwp%2Fv2%2Ftags&post=78956"}],"curies":[{"name":"wp","href":"https:\/\/api.w.org\/{rel}","templated":true}]}}