{"id":78960,"date":"2021-11-18T12:09:57","date_gmt":"2021-11-18T12:09:57","guid":{"rendered":"http:\/\/folhadosudeste.com\/site\/?p=78960"},"modified":"2021-11-18T12:09:57","modified_gmt":"2021-11-18T12:09:57","slug":"estudos-de-fauna-do-solo-auxiliam-trabalho-de-restauracao-ambiental-na-zona-da-mata-mineira","status":"publish","type":"post","link":"https:\/\/folhadosudeste.com\/site\/?p=78960","title":{"rendered":"Estudos de fauna do solo auxiliam trabalho de restaura\u00e7\u00e3o ambiental na Zona da Mata Mineira"},"content":{"rendered":"<p><a href=\"http:\/\/folhadosudeste.com\/site\/wp-content\/uploads\/2021\/11\/Estudo-Fauna-Ed\u00e1fica_CBA-1.jpg\"><img loading=\"lazy\" decoding=\"async\" class=\"alignnone size-full wp-image-78961\" src=\"http:\/\/folhadosudeste.com\/site\/wp-content\/uploads\/2021\/11\/Estudo-Fauna-Ed\u00e1fica_CBA-1.jpg\" alt=\"\" width=\"2048\" height=\"1534\" srcset=\"https:\/\/folhadosudeste.com\/site\/wp-content\/uploads\/2021\/11\/Estudo-Fauna-Ed\u00e1fica_CBA-1.jpg 2048w, https:\/\/folhadosudeste.com\/site\/wp-content\/uploads\/2021\/11\/Estudo-Fauna-Ed\u00e1fica_CBA-1-300x225.jpg 300w, https:\/\/folhadosudeste.com\/site\/wp-content\/uploads\/2021\/11\/Estudo-Fauna-Ed\u00e1fica_CBA-1-768x575.jpg 768w, https:\/\/folhadosudeste.com\/site\/wp-content\/uploads\/2021\/11\/Estudo-Fauna-Ed\u00e1fica_CBA-1-1024x767.jpg 1024w\" sizes=\"auto, (max-width: 2048px) 100vw, 2048px\" \/><\/a><\/p>\n<p style=\"font-weight: 400; text-align: justify;\"><em>Parceria entre a Companhia Brasileira de Alum\u00ednio (CBA) e a Universidade Federal de Vi\u00e7osa (UFV) avalia a fauna ed\u00e1fica como bioindicador da reabilita\u00e7\u00e3o ambiental em \u00e1reas mineradas<\/em><\/p>\n<p style=\"font-weight: 400; text-align: justify;\">&nbsp;<\/p>\n<p style=\"font-weight: 400; text-align: justify;\">Na busca por um desenvolvimento cada vez mais sustent\u00e1vel, a parceria entre a Companhia Brasileira de Alum\u00ednio (CBA) e a Universidade Federal de Vi\u00e7osa (UFV) segue dedicada \u00e0 preserva\u00e7\u00e3o do meio ambiente e \u00e0 gera\u00e7\u00e3o de conhecimentos e tecnologias para a recupera\u00e7\u00e3o de \u00e1reas mineradas. Uma das iniciativas de destaque \u00e9 o estudo da fauna ed\u00e1fica (ou fauna do solo) como bioindicadora da qualidade do solo em ambientes de lavra de bauxita na Zona da Mata. Nesse estudo est\u00e1 sendo avaliada a qualidade ambiental das \u00e1reas, a fim de buscar solu\u00e7\u00f5es inovadoras para realizar a reabilita\u00e7\u00e3o ambiental de forma ainda mais eficiente e sustent\u00e1vel.<\/p>\n<p style=\"font-weight: 400; text-align: justify;\">A fauna do solo inclui centenas de esp\u00e9cies, incluindo organismos microsc\u00f3picos, como \u00e1caros, e outros mais vis\u00edveis, como minhocas e insetos. O professor Ivo Ribeiro, do Departamento de Solos (DPS-UFV) que coordena o projeto, explica que a avalia\u00e7\u00e3o da fauna ed\u00e1fica \u00e9 importante devido a sua liga\u00e7\u00e3o aos processos de decomposi\u00e7\u00e3o e ciclagem de nutrientes, e melhoria da estrutura do solo, essenciais para a manuten\u00e7\u00e3o da biodiversidade e produtividade do ecossistema.<\/p>\n<p style=\"font-weight: 400; text-align: justify;\">\u201cA fauna ed\u00e1fica \u00e9 capaz de modificar caracter\u00edsticas f\u00edsicas, qu\u00edmicas e biol\u00f3gicas do solo, desempenhando um papel-chave nos fatores que podem impulsionar o sucesso da reabilita\u00e7\u00e3o ambiental, melhorando atributos como agrega\u00e7\u00e3o, porosidade, aera\u00e7\u00e3o e estrutura do solo. Tamb\u00e9m favorece a dispers\u00e3o de sementes e esporos para reprodu\u00e7\u00e3o de plantas e outros organismos\u201d, afirma.<\/p>\n<p style=\"font-weight: 400; text-align: justify;\"><!--more--><\/p>\n<p style=\"font-weight: 400; text-align: justify;\"><strong>Biodiversidade<\/strong><\/p>\n<p style=\"font-weight: 400; text-align: justify;\">O solo \u00e9 reconhecido como o ambiente com a maior diversidade de organismos vivos, com mais de 900 mil esp\u00e9cies conhecidas. Essas comunidades s\u00e3o sens\u00edveis aos impactos ocorridos no ambiente e, por isso, s\u00e3o utilizadas como bioindicadores no monitoramento ap\u00f3s a lavra de bauxita, considerando a avalia\u00e7\u00e3o em termos de abund\u00e2ncia, estrutura e diversidade. A an\u00e1lise est\u00e1 sendo realizada para diferentes usos do solo, em \u00e1reas pr\u00e9 e p\u00f3s-minera\u00e7\u00e3o, como mata nativa, plantios de angico (\u00e1rvore t\u00edpica da Mata Atl\u00e2ntica), caf\u00e9, eucalipto e cons\u00f3rcio de esp\u00e9cies arb\u00f3reas nativas.<\/p>\n<p style=\"font-weight: 400; text-align: justify;\"><strong>Primeiros passos e expectativas<\/strong><\/p>\n<p style=\"font-weight: 400; text-align: justify;\">As t\u00e9cnicas de reabilita\u00e7\u00e3o ambiental, em parceria com os pesquisadores da UFV, j\u00e1 s\u00e3o adotadas h\u00e1 13 anos pela CBA. Conduzido pelo Departamento de Solos (DPS) da UFV e pelo setor de Libera\u00e7\u00e3o de \u00c1reas e Reabilita\u00e7\u00e3o Ambiental (LARA) da CBA, os estudos de fauna ed\u00e1fica tiveram seu ponto de partida em 2020, com a realiza\u00e7\u00e3o das primeiras coletas.<strong>&nbsp;<\/strong>Nas primeiras amostras, j\u00e1 foi poss\u00edvel observar um bioindicador positivo: a presen\u00e7a de minhocas, sens\u00edveis a dist\u00farbios do ambiente e essenciais para a boa manuten\u00e7\u00e3o da qualidade do solo, podendo estar relacionadas a fatores como mat\u00e9ria org\u00e2nica do solo e disponibilidade de nutrientes.<\/p>\n<p style=\"font-weight: 400; text-align: justify;\">O desenvolvimento desse estudo \u00e9 importante para mostrar o qu\u00e3o efetivo \u00e9 o processo de reabilita\u00e7\u00e3o das \u00e1reas, al\u00e9m de auxiliar a\u00e7\u00f5es futuras ao avaliar a influ\u00eancia dos insumos e das esp\u00e9cies vegetais utilizadas nos processos de reabilita\u00e7\u00e3o.<\/p>\n<p style=\"font-weight: 400; text-align: justify;\">A expectativa \u00e9 que o estudo traga perspectivas para uma reabilita\u00e7\u00e3o ambiental de forma ainda mais eficiente e sustent\u00e1vel, com resultados pr\u00f3ximos aos encontrados em \u00e1reas n\u00e3o mineradas. At\u00e9 o final de 2021, haver\u00e1 uma nova rodada de coletas e, nos pr\u00f3ximos anos, contribuir\u00e1 como bioindicador em outras \u00e1reas de atua\u00e7\u00e3o da CBA.<\/p>\n<p style=\"font-weight: 400; text-align: justify;\"><strong>Sobre a CBA<\/strong><\/p>\n<p style=\"font-weight: 400; text-align: justify;\">Desde 1955, a Companhia Brasileira de Alum\u00ednio (CBA) produz alum\u00ednio de alta qualidade de forma integrada e sustent\u00e1vel. Com capacidade instalada para produzir&nbsp;100% de energia vinda de hidroel\u00e9tricas pr\u00f3prias, a CBA minera a bauxita, transforma em alum\u00ednio prim\u00e1rio (lingotes, tarugos, vergalh\u00f5es e placas) e produtos transformados (chapas, bobinas, folhas e perfis). Em estreita parceria com seus clientes, a CBA desenvolve solu\u00e7\u00f5es e servi\u00e7os para os mercados de embalagens e de transportes, conferindo mais leveza, durabilidade e uma vida melhor. A CBA est\u00e1 bem perto de voc\u00ea. Acesse:&nbsp;<a href=\"http:\/\/www.cba.com.br\/\" data-saferedirecturl=\"https:\/\/www.google.com\/url?q=http:\/\/www.cba.com.br\/&amp;source=gmail&amp;ust=1637323409638000&amp;usg=AOvVaw1ZYvm0FqjTGFLBZdI_WkTL\">www.cba.com.br<\/a>.<\/p>\n<p style=\"font-weight: 400; text-align: justify;\"><a href=\"http:\/\/folhadosudeste.com\/site\/wp-content\/uploads\/2021\/11\/Estudo-Fauna-Ed\u00e1fica_CBA-2.jpg\">&nbsp; &nbsp; &nbsp; &nbsp; &nbsp; &nbsp; &nbsp; &nbsp;<img loading=\"lazy\" decoding=\"async\" class=\"alignnone  wp-image-78962\" src=\"http:\/\/folhadosudeste.com\/site\/wp-content\/uploads\/2021\/11\/Estudo-Fauna-Ed\u00e1fica_CBA-2.jpg\" alt=\"\" width=\"673\" height=\"895\" srcset=\"https:\/\/folhadosudeste.com\/site\/wp-content\/uploads\/2021\/11\/Estudo-Fauna-Ed\u00e1fica_CBA-2.jpg 484w, https:\/\/folhadosudeste.com\/site\/wp-content\/uploads\/2021\/11\/Estudo-Fauna-Ed\u00e1fica_CBA-2-225x300.jpg 225w\" sizes=\"auto, (max-width: 673px) 100vw, 673px\" \/><\/a><\/p>\n","protected":false},"excerpt":{"rendered":"<p>Parceria entre a Companhia Brasileira de Alum\u00ednio (CBA) e a Universidade Federal de Vi\u00e7osa (UFV) avalia a fauna ed\u00e1fica como bioindicador da reabilita\u00e7\u00e3o ambiental em \u00e1reas mineradas &nbsp; Na busca por um desenvolvimento cada vez mais sustent\u00e1vel, a parceria entre a Companhia Brasileira de Alum\u00ednio (CBA) e a Universidade Federal de Vi\u00e7osa (UFV) segue dedicada [&hellip;]<\/p>\n","protected":false},"author":6,"featured_media":0,"comment_status":"open","ping_status":"closed","sticky":false,"template":"","format":"standard","meta":{"_joinchat":[],"footnotes":""},"categories":[1],"tags":[],"class_list":["post-78960","post","type-post","status-publish","format-standard","hentry","category-sem-categoria"],"_links":{"self":[{"href":"https:\/\/folhadosudeste.com\/site\/index.php?rest_route=\/wp\/v2\/posts\/78960","targetHints":{"allow":["GET"]}}],"collection":[{"href":"https:\/\/folhadosudeste.com\/site\/index.php?rest_route=\/wp\/v2\/posts"}],"about":[{"href":"https:\/\/folhadosudeste.com\/site\/index.php?rest_route=\/wp\/v2\/types\/post"}],"author":[{"embeddable":true,"href":"https:\/\/folhadosudeste.com\/site\/index.php?rest_route=\/wp\/v2\/users\/6"}],"replies":[{"embeddable":true,"href":"https:\/\/folhadosudeste.com\/site\/index.php?rest_route=%2Fwp%2Fv2%2Fcomments&post=78960"}],"version-history":[{"count":1,"href":"https:\/\/folhadosudeste.com\/site\/index.php?rest_route=\/wp\/v2\/posts\/78960\/revisions"}],"predecessor-version":[{"id":78963,"href":"https:\/\/folhadosudeste.com\/site\/index.php?rest_route=\/wp\/v2\/posts\/78960\/revisions\/78963"}],"wp:attachment":[{"href":"https:\/\/folhadosudeste.com\/site\/index.php?rest_route=%2Fwp%2Fv2%2Fmedia&parent=78960"}],"wp:term":[{"taxonomy":"category","embeddable":true,"href":"https:\/\/folhadosudeste.com\/site\/index.php?rest_route=%2Fwp%2Fv2%2Fcategories&post=78960"},{"taxonomy":"post_tag","embeddable":true,"href":"https:\/\/folhadosudeste.com\/site\/index.php?rest_route=%2Fwp%2Fv2%2Ftags&post=78960"}],"curies":[{"name":"wp","href":"https:\/\/api.w.org\/{rel}","templated":true}]}}