{"id":78970,"date":"2021-11-19T03:08:33","date_gmt":"2021-11-19T03:08:33","guid":{"rendered":"http:\/\/folhadosudeste.com\/site\/?p=78970"},"modified":"2021-11-19T03:08:33","modified_gmt":"2021-11-19T03:08:33","slug":"video-meu-canto-em-muriae-reune-cancao-e-pontos-turisticos","status":"publish","type":"post","link":"https:\/\/folhadosudeste.com\/site\/?p=78970","title":{"rendered":"V\u00eddeo \u2018Meu canto em Muria\u00e9\u2019 re\u00fane can\u00e7\u00e3o e pontos tur\u00edsticos"},"content":{"rendered":"<p align=\"justify\"><a href=\"http:\/\/folhadosudeste.com\/site\/wp-content\/uploads\/2021\/11\/musico-de-Boa-Familia.-Lei-Alcyr-Pires-vermelho.jpg\"><img loading=\"lazy\" decoding=\"async\" class=\"alignnone size-full wp-image-78971\" src=\"http:\/\/folhadosudeste.com\/site\/wp-content\/uploads\/2021\/11\/musico-de-Boa-Familia.-Lei-Alcyr-Pires-vermelho.jpg\" alt=\"\" width=\"1280\" height=\"720\" srcset=\"https:\/\/folhadosudeste.com\/site\/wp-content\/uploads\/2021\/11\/musico-de-Boa-Familia.-Lei-Alcyr-Pires-vermelho.jpg 1280w, https:\/\/folhadosudeste.com\/site\/wp-content\/uploads\/2021\/11\/musico-de-Boa-Familia.-Lei-Alcyr-Pires-vermelho-300x169.jpg 300w, https:\/\/folhadosudeste.com\/site\/wp-content\/uploads\/2021\/11\/musico-de-Boa-Familia.-Lei-Alcyr-Pires-vermelho-768x432.jpg 768w, https:\/\/folhadosudeste.com\/site\/wp-content\/uploads\/2021\/11\/musico-de-Boa-Familia.-Lei-Alcyr-Pires-vermelho-1024x576.jpg 1024w\" sizes=\"auto, (max-width: 1280px) 100vw, 1280px\" \/><\/a><\/p>\n<p style=\"text-align: justify;\" align=\"justify\">\u2018Meu canto em Muria\u00e9\u2019 \u00e9 um v\u00eddeo aprovado pela Lei Municipal Alcyr Pires Vermelho, criada pela Funda\u00e7\u00e3o de Cultura e Artes (Fundarte). O contexto da produ\u00e7\u00e3o apresenta dupla vertente indo do musical tendo por refer\u00eancia a resid\u00eancia do artista Gilson Vieira, em Boa Fam\u00edlia, assim como pontos tur\u00edsticos da cidade.<\/p>\n<p style=\"text-align: justify;\" align=\"justify\">O foco do document\u00e1rio musical est\u00e1 na observa\u00e7\u00e3o que o artista faz das imagens de Muria\u00e9, onde fixou domic\u00edlio e, para tanto, comp\u00f4s uma can\u00e7\u00e3o usando como pano de fundo, pontos que ressaltam a identidade da cidade como o Complexo do Cristo Redentor, Rampa de Voo Livre de Pirapanema e o monumento a Maior Viola Caipira do Mundo (distrito de Boa Fam\u00edlia).<\/p>\n<p style=\"text-align: justify;\" align=\"justify\">A narrativa musical recorda tempos de crian\u00e7a e caminhos percorridos no desenvolvimento da vida, depositando nas mensagens sentimentos, sofrimentos e mem\u00f3rias sobre as aprendizagens que fizeram parte da forma\u00e7\u00e3o do \u2018eu\u2019 de cada indiv\u00edduo.<\/p>\n<p style=\"text-align: justify;\" align=\"justify\">A proposta da produ\u00e7\u00e3o audiovisual valoriza as belezas tur\u00edsticas de Muria\u00e9, demonstrando o cantor Gilson como cidad\u00e3o muriaeense e trabalhando em prol das vertentes culturais da regi\u00e3o. \u201cAo vivermos cada etapa da vida temos a oportunidade de experimentar v\u00e1rias formas de viv\u00eancias e, desta maneira, estamos nos construindo como seres humanos. Pessoas sens\u00edveis, suscet\u00edveis a viver entre o bem e o mal. \u00c9 neste sentido que produzimos o nosso v\u00eddeo\u201d, disse a produtora cultural, Giani Carla que acrescentando&nbsp;disse&nbsp;que \u201cpaisagens em harmonia com melodias fazem bem para a alma dos muriaeenses\u201d.<\/p>\n<p align=\"justify\"><!--more--><\/p>\n<p style=\"text-align: justify;\" align=\"justify\">O v\u00eddeo est\u00e1 dispon\u00edvel no YouTube:&nbsp;<a href=\"https:\/\/www.youtube.com\/watch?v=nQOa5vWmOCk\" target=\"_blank\" rel=\"noopener\" data-saferedirecturl=\"https:\/\/www.google.com\/url?q=https:\/\/www.youtube.com\/watch?v%3DnQOa5vWmOCk&amp;source=gmail&amp;ust=1637377402564000&amp;usg=AOvVaw3IJt_UgsFNysDfwJyoISgH\">https:\/\/www.youtube.com\/watch?<wbr>v=nQOa5vWmOCk<\/a>.<\/p>\n<p style=\"text-align: justify;\"><b>O artista<\/b><\/p>\n<p style=\"text-align: justify;\" align=\"justify\">Gilson Vieira notabilizou-se a partir de 1976, com a m\u00fasica \u2018Casinha Branca\u2019, composta ao lado de Joran (seu principal parceiro de composi\u00e7\u00f5es) e Marcelo. A can\u00e7\u00e3o fez parte da trilha sonora da novela \u2018Marrom Glac\u00ea\u2019 (1979-Rede Globo).<\/p>\n<p style=\"text-align: justify;\" align=\"justify\">A m\u00fasica, que fez parte do primeiro LP, um compacto simples batizado com o nome do cantor, foi regravada por diversos artistas como Maria Beth\u00e2nia. O m\u00fasico \u00e9 cantor, compositor e produtor musical.<\/p>\n<p align=\"justify\"><a href=\"http:\/\/folhadosudeste.com\/site\/wp-content\/uploads\/2021\/11\/Gilson-e-cristo.jpg\"><img loading=\"lazy\" decoding=\"async\" class=\"alignnone size-full wp-image-78972\" src=\"http:\/\/folhadosudeste.com\/site\/wp-content\/uploads\/2021\/11\/Gilson-e-cristo.jpg\" alt=\"\" width=\"1280\" height=\"720\" srcset=\"https:\/\/folhadosudeste.com\/site\/wp-content\/uploads\/2021\/11\/Gilson-e-cristo.jpg 1280w, https:\/\/folhadosudeste.com\/site\/wp-content\/uploads\/2021\/11\/Gilson-e-cristo-300x169.jpg 300w, https:\/\/folhadosudeste.com\/site\/wp-content\/uploads\/2021\/11\/Gilson-e-cristo-768x432.jpg 768w, https:\/\/folhadosudeste.com\/site\/wp-content\/uploads\/2021\/11\/Gilson-e-cristo-1024x576.jpg 1024w\" sizes=\"auto, (max-width: 1280px) 100vw, 1280px\" \/><\/a><\/p>\n","protected":false},"excerpt":{"rendered":"<p>\u2018Meu canto em Muria\u00e9\u2019 \u00e9 um v\u00eddeo aprovado pela Lei Municipal Alcyr Pires Vermelho, criada pela Funda\u00e7\u00e3o de Cultura e Artes (Fundarte). O contexto da produ\u00e7\u00e3o apresenta dupla vertente indo do musical tendo por refer\u00eancia a resid\u00eancia do artista Gilson Vieira, em Boa Fam\u00edlia, assim como pontos tur\u00edsticos da cidade. O foco do document\u00e1rio musical [&hellip;]<\/p>\n","protected":false},"author":6,"featured_media":0,"comment_status":"open","ping_status":"closed","sticky":false,"template":"","format":"standard","meta":{"_joinchat":[],"footnotes":""},"categories":[1],"tags":[],"class_list":["post-78970","post","type-post","status-publish","format-standard","hentry","category-sem-categoria"],"_links":{"self":[{"href":"https:\/\/folhadosudeste.com\/site\/index.php?rest_route=\/wp\/v2\/posts\/78970","targetHints":{"allow":["GET"]}}],"collection":[{"href":"https:\/\/folhadosudeste.com\/site\/index.php?rest_route=\/wp\/v2\/posts"}],"about":[{"href":"https:\/\/folhadosudeste.com\/site\/index.php?rest_route=\/wp\/v2\/types\/post"}],"author":[{"embeddable":true,"href":"https:\/\/folhadosudeste.com\/site\/index.php?rest_route=\/wp\/v2\/users\/6"}],"replies":[{"embeddable":true,"href":"https:\/\/folhadosudeste.com\/site\/index.php?rest_route=%2Fwp%2Fv2%2Fcomments&post=78970"}],"version-history":[{"count":1,"href":"https:\/\/folhadosudeste.com\/site\/index.php?rest_route=\/wp\/v2\/posts\/78970\/revisions"}],"predecessor-version":[{"id":78973,"href":"https:\/\/folhadosudeste.com\/site\/index.php?rest_route=\/wp\/v2\/posts\/78970\/revisions\/78973"}],"wp:attachment":[{"href":"https:\/\/folhadosudeste.com\/site\/index.php?rest_route=%2Fwp%2Fv2%2Fmedia&parent=78970"}],"wp:term":[{"taxonomy":"category","embeddable":true,"href":"https:\/\/folhadosudeste.com\/site\/index.php?rest_route=%2Fwp%2Fv2%2Fcategories&post=78970"},{"taxonomy":"post_tag","embeddable":true,"href":"https:\/\/folhadosudeste.com\/site\/index.php?rest_route=%2Fwp%2Fv2%2Ftags&post=78970"}],"curies":[{"name":"wp","href":"https:\/\/api.w.org\/{rel}","templated":true}]}}