{"id":78982,"date":"2021-11-19T03:16:36","date_gmt":"2021-11-19T03:16:36","guid":{"rendered":"http:\/\/folhadosudeste.com\/site\/?p=78982"},"modified":"2021-11-19T03:16:36","modified_gmt":"2021-11-19T03:16:36","slug":"audiencia-publica-na-camara-debatera-sobre-transporte-por-aplicativo","status":"publish","type":"post","link":"https:\/\/folhadosudeste.com\/site\/?p=78982","title":{"rendered":"Audi\u00eancia p\u00fablica na C\u00e2mara debater\u00e1 sobre transporte por aplicativo"},"content":{"rendered":"<p><a href=\"http:\/\/folhadosudeste.com\/site\/wp-content\/uploads\/2021\/11\/01-2.jpg\"><img loading=\"lazy\" decoding=\"async\" class=\"alignnone size-full wp-image-78984\" src=\"http:\/\/folhadosudeste.com\/site\/wp-content\/uploads\/2021\/11\/01-2.jpg\" alt=\"\" width=\"1500\" height=\"902\" srcset=\"https:\/\/folhadosudeste.com\/site\/wp-content\/uploads\/2021\/11\/01-2.jpg 1500w, https:\/\/folhadosudeste.com\/site\/wp-content\/uploads\/2021\/11\/01-2-300x180.jpg 300w, https:\/\/folhadosudeste.com\/site\/wp-content\/uploads\/2021\/11\/01-2-768x462.jpg 768w, https:\/\/folhadosudeste.com\/site\/wp-content\/uploads\/2021\/11\/01-2-1024x616.jpg 1024w\" sizes=\"auto, (max-width: 1500px) 100vw, 1500px\" \/><\/a><\/p>\n<p style=\"text-align: justify;\"><i>Evento acontece no dia 24 deste m\u00eas (quarta-feira), a partir das 18h, no plen\u00e1rio da Casa<\/i><\/p>\n<p style=\"text-align: justify;\">&nbsp;<\/p>\n<p style=\"text-align: justify;\">A C\u00e2mara de Muria\u00e9 realizar\u00e1 na pr\u00f3xima quarta-feira, dia 24, audi\u00eancia p\u00fablica para discutir sobre transporte individual privado remunerado de passageiros, mais conhecido por transporte por aplicativo.<b>&nbsp;<\/b>Esta \u00e9 a segunda audi\u00eancia sobre o tema e a quinta<b>&nbsp;<\/b>realizada pela Casa em 2021. O evento acontece a partir das 18h, no plen\u00e1rio da sede do Poder Legislativo, Centro.<\/p>\n<p style=\"text-align: justify;\">\u201cEsta audi\u00eancia \u00e9 de suma import\u00e2ncia para a discuss\u00e3o do projeto de lei que regulamenta o transporte por aplicativo, a fim de dar seguran\u00e7a tanto para os profissionais que atuam e dependem do trabalho neste setor como tamb\u00e9m para os usu\u00e1rios do servi\u00e7o. Vivemos um novo momento da mobilidade urbana em nosso pa\u00eds e, a exemplo de muitas cidades, Muria\u00e9 tamb\u00e9m vem debater esse assunto com a popula\u00e7\u00e3o para buscar a regulamenta\u00e7\u00e3o de forma que seja bom para todos\u201d, afirma o vereador Valdinei Lacerda, presidente da Comiss\u00e3o de Transporte P\u00fablico e Sistema Vi\u00e1rio.<\/p>\n<p><!--more--><\/p>\n<p style=\"text-align: justify;\">Diversas autoridades, representantes dos Poderes Legislativo e Executivo, Minist\u00e9rio P\u00fablico, pol\u00edcias Civil e Militar e das empresas que prestam o servi\u00e7o na cidade, entre outras \u00e1reas afins, al\u00e9m de membros da sociedade civil foram convidadas a participar dos debates.<\/p>\n<p style=\"text-align: justify;\">Todos os protocolos sanit\u00e1rios ser\u00e3o obedecidos. O uso de m\u00e1scara \u00e9 obrigat\u00f3rio para todos os presentes.<\/p>\n<p style=\"text-align: justify;\">A audi\u00eancia ser\u00e1 transmitida ao vivo pelo canal da C\u00e2mara no YouTube: camaramunicipaldemuriae.<\/p>\n<p><a href=\"http:\/\/folhadosudeste.com\/site\/wp-content\/uploads\/2021\/11\/Convite-Audi\u00eancia-P\u00fablica-Transporte-por-Aplicativo.jpeg\"><img loading=\"lazy\" decoding=\"async\" class=\"alignnone size-full wp-image-78983\" src=\"http:\/\/folhadosudeste.com\/site\/wp-content\/uploads\/2021\/11\/Convite-Audi\u00eancia-P\u00fablica-Transporte-por-Aplicativo.jpeg\" alt=\"\" width=\"1280\" height=\"718\" srcset=\"https:\/\/folhadosudeste.com\/site\/wp-content\/uploads\/2021\/11\/Convite-Audi\u00eancia-P\u00fablica-Transporte-por-Aplicativo.jpeg 1280w, https:\/\/folhadosudeste.com\/site\/wp-content\/uploads\/2021\/11\/Convite-Audi\u00eancia-P\u00fablica-Transporte-por-Aplicativo-300x168.jpeg 300w, https:\/\/folhadosudeste.com\/site\/wp-content\/uploads\/2021\/11\/Convite-Audi\u00eancia-P\u00fablica-Transporte-por-Aplicativo-768x431.jpeg 768w, https:\/\/folhadosudeste.com\/site\/wp-content\/uploads\/2021\/11\/Convite-Audi\u00eancia-P\u00fablica-Transporte-por-Aplicativo-1024x574.jpeg 1024w\" sizes=\"auto, (max-width: 1280px) 100vw, 1280px\" \/><\/a><\/p>\n","protected":false},"excerpt":{"rendered":"<p>Evento acontece no dia 24 deste m\u00eas (quarta-feira), a partir das 18h, no plen\u00e1rio da Casa &nbsp; A C\u00e2mara de Muria\u00e9 realizar\u00e1 na pr\u00f3xima quarta-feira, dia 24, audi\u00eancia p\u00fablica para discutir sobre transporte individual privado remunerado de passageiros, mais conhecido por transporte por aplicativo.&nbsp;Esta \u00e9 a segunda audi\u00eancia sobre o tema e a quinta&nbsp;realizada pela [&hellip;]<\/p>\n","protected":false},"author":6,"featured_media":0,"comment_status":"open","ping_status":"closed","sticky":false,"template":"","format":"standard","meta":{"_joinchat":[],"footnotes":""},"categories":[1],"tags":[],"class_list":["post-78982","post","type-post","status-publish","format-standard","hentry","category-sem-categoria"],"_links":{"self":[{"href":"https:\/\/folhadosudeste.com\/site\/index.php?rest_route=\/wp\/v2\/posts\/78982","targetHints":{"allow":["GET"]}}],"collection":[{"href":"https:\/\/folhadosudeste.com\/site\/index.php?rest_route=\/wp\/v2\/posts"}],"about":[{"href":"https:\/\/folhadosudeste.com\/site\/index.php?rest_route=\/wp\/v2\/types\/post"}],"author":[{"embeddable":true,"href":"https:\/\/folhadosudeste.com\/site\/index.php?rest_route=\/wp\/v2\/users\/6"}],"replies":[{"embeddable":true,"href":"https:\/\/folhadosudeste.com\/site\/index.php?rest_route=%2Fwp%2Fv2%2Fcomments&post=78982"}],"version-history":[{"count":1,"href":"https:\/\/folhadosudeste.com\/site\/index.php?rest_route=\/wp\/v2\/posts\/78982\/revisions"}],"predecessor-version":[{"id":78985,"href":"https:\/\/folhadosudeste.com\/site\/index.php?rest_route=\/wp\/v2\/posts\/78982\/revisions\/78985"}],"wp:attachment":[{"href":"https:\/\/folhadosudeste.com\/site\/index.php?rest_route=%2Fwp%2Fv2%2Fmedia&parent=78982"}],"wp:term":[{"taxonomy":"category","embeddable":true,"href":"https:\/\/folhadosudeste.com\/site\/index.php?rest_route=%2Fwp%2Fv2%2Fcategories&post=78982"},{"taxonomy":"post_tag","embeddable":true,"href":"https:\/\/folhadosudeste.com\/site\/index.php?rest_route=%2Fwp%2Fv2%2Ftags&post=78982"}],"curies":[{"name":"wp","href":"https:\/\/api.w.org\/{rel}","templated":true}]}}