{"id":79109,"date":"2021-11-23T16:29:53","date_gmt":"2021-11-23T16:29:53","guid":{"rendered":"http:\/\/folhadosudeste.com\/site\/?p=79109"},"modified":"2021-11-23T16:30:02","modified_gmt":"2021-11-23T16:30:02","slug":"muriae-chegou-nesta-terca-feira-ao-sexto-dia-seguido-sem-confirmacao-de-novos-casos-de-covid-19","status":"publish","type":"post","link":"https:\/\/folhadosudeste.com\/site\/?p=79109","title":{"rendered":"Muria\u00e9 chegou nesta ter\u00e7a-feira ao sexto dia seguido sem confirma\u00e7\u00e3o de novos casos de covid-19"},"content":{"rendered":"<div><a href=\"http:\/\/folhadosudeste.com\/site\/wp-content\/uploads\/2021\/11\/23112021.jpeg\"><img loading=\"lazy\" decoding=\"async\" class=\"alignnone size-full wp-image-79110\" src=\"http:\/\/folhadosudeste.com\/site\/wp-content\/uploads\/2021\/11\/23112021.jpeg\" alt=\"\" width=\"1080\" height=\"1080\" srcset=\"https:\/\/folhadosudeste.com\/site\/wp-content\/uploads\/2021\/11\/23112021.jpeg 1080w, https:\/\/folhadosudeste.com\/site\/wp-content\/uploads\/2021\/11\/23112021-150x150.jpeg 150w, https:\/\/folhadosudeste.com\/site\/wp-content\/uploads\/2021\/11\/23112021-300x300.jpeg 300w, https:\/\/folhadosudeste.com\/site\/wp-content\/uploads\/2021\/11\/23112021-768x768.jpeg 768w, https:\/\/folhadosudeste.com\/site\/wp-content\/uploads\/2021\/11\/23112021-1024x1024.jpeg 1024w\" sizes=\"auto, (max-width: 1080px) 100vw, 1080px\" \/><\/a><\/div>\n<div style=\"text-align: justify;\">O \u00faltimo registro lan\u00e7ado no sistema da Secretaria Municipal de Sa\u00fade aconteceu em 17 de novembro.<\/div>\n<div style=\"text-align: justify;\">&nbsp;<\/div>\n<div style=\"text-align: justify;\">Atualmente, a cidade est\u00e1 com apenas dois pacientes ativos. Nenhum morador local est\u00e1 internado &#8211; a \u00fanica ocupa\u00e7\u00e3o hospitalar em fun\u00e7\u00e3o da covid no momento \u00e9 de uma pessoa que reside em outra cidade.<\/div>\n<div style=\"text-align: justify;\">&nbsp;<\/div>\n<div style=\"text-align: justify;\">Veja os n\u00fameros completos de hoje (23\/11\/2021):<\/div>\n<div style=\"text-align: justify;\">&nbsp;<\/div>\n<div style=\"text-align: justify;\">VACINA\u00c7\u00c3O (at\u00e9 22\/11)<\/div>\n<div style=\"text-align: justify;\">Parcialmente vacinados: 84.439 pessoas (77,19%)<\/div>\n<div style=\"text-align: justify;\">Totalmente vacinados: 73.634 pessoas (67,31%)<\/div>\n<div style=\"text-align: justify;\">Dose de refor\u00e7o \/ adicional: 10.389 pessoas (9,50%)<\/div>\n<div style=\"text-align: justify;\">&nbsp;<\/div>\n<div style=\"text-align: justify;\">CASOS<\/div>\n<div style=\"text-align: justify;\">Total de casos confirmados: 11.889<\/div>\n<div style=\"text-align: justify;\">Pacientes ativos: 02<\/div>\n<div style=\"text-align: justify;\">Pacientes curados: 11.569<\/div>\n<div style=\"text-align: justify;\">\u00d3bitos: 318<\/div>\n<div style=\"text-align: justify;\">Investigados \/ Monitorados: 46<\/div>\n<div style=\"text-align: justify;\">Negativos: 15.618<\/div>\n","protected":false},"excerpt":{"rendered":"<p>O \u00faltimo registro lan\u00e7ado no sistema da Secretaria Municipal de Sa\u00fade aconteceu em 17 de novembro. &nbsp; Atualmente, a cidade est\u00e1 com apenas dois pacientes ativos. Nenhum morador local est\u00e1 internado &#8211; a \u00fanica ocupa\u00e7\u00e3o hospitalar em fun\u00e7\u00e3o da covid no momento \u00e9 de uma pessoa que reside em outra cidade. &nbsp; Veja os n\u00fameros [&hellip;]<\/p>\n","protected":false},"author":6,"featured_media":0,"comment_status":"open","ping_status":"closed","sticky":false,"template":"","format":"standard","meta":{"_joinchat":[],"footnotes":""},"categories":[1],"tags":[],"class_list":["post-79109","post","type-post","status-publish","format-standard","hentry","category-sem-categoria"],"_links":{"self":[{"href":"https:\/\/folhadosudeste.com\/site\/index.php?rest_route=\/wp\/v2\/posts\/79109","targetHints":{"allow":["GET"]}}],"collection":[{"href":"https:\/\/folhadosudeste.com\/site\/index.php?rest_route=\/wp\/v2\/posts"}],"about":[{"href":"https:\/\/folhadosudeste.com\/site\/index.php?rest_route=\/wp\/v2\/types\/post"}],"author":[{"embeddable":true,"href":"https:\/\/folhadosudeste.com\/site\/index.php?rest_route=\/wp\/v2\/users\/6"}],"replies":[{"embeddable":true,"href":"https:\/\/folhadosudeste.com\/site\/index.php?rest_route=%2Fwp%2Fv2%2Fcomments&post=79109"}],"version-history":[{"count":1,"href":"https:\/\/folhadosudeste.com\/site\/index.php?rest_route=\/wp\/v2\/posts\/79109\/revisions"}],"predecessor-version":[{"id":79111,"href":"https:\/\/folhadosudeste.com\/site\/index.php?rest_route=\/wp\/v2\/posts\/79109\/revisions\/79111"}],"wp:attachment":[{"href":"https:\/\/folhadosudeste.com\/site\/index.php?rest_route=%2Fwp%2Fv2%2Fmedia&parent=79109"}],"wp:term":[{"taxonomy":"category","embeddable":true,"href":"https:\/\/folhadosudeste.com\/site\/index.php?rest_route=%2Fwp%2Fv2%2Fcategories&post=79109"},{"taxonomy":"post_tag","embeddable":true,"href":"https:\/\/folhadosudeste.com\/site\/index.php?rest_route=%2Fwp%2Fv2%2Ftags&post=79109"}],"curies":[{"name":"wp","href":"https:\/\/api.w.org\/{rel}","templated":true}]}}