{"id":79139,"date":"2021-11-25T11:19:44","date_gmt":"2021-11-25T11:19:44","guid":{"rendered":"http:\/\/folhadosudeste.com\/site\/?p=79139"},"modified":"2021-11-25T11:19:44","modified_gmt":"2021-11-25T11:19:44","slug":"muriae-teve-um-novo-caso-de-covid-registrado-nas-ultimas-24-horas","status":"publish","type":"post","link":"https:\/\/folhadosudeste.com\/site\/?p=79139","title":{"rendered":"Muria\u00e9 teve um novo caso de covid registrado nas \u00faltimas 24 horas"},"content":{"rendered":"<div><a href=\"http:\/\/folhadosudeste.com\/site\/wp-content\/uploads\/2021\/11\/24112021.jpeg\"><img loading=\"lazy\" decoding=\"async\" class=\"alignnone size-full wp-image-79140\" src=\"http:\/\/folhadosudeste.com\/site\/wp-content\/uploads\/2021\/11\/24112021.jpeg\" alt=\"\" width=\"1080\" height=\"1080\" srcset=\"https:\/\/folhadosudeste.com\/site\/wp-content\/uploads\/2021\/11\/24112021.jpeg 1080w, https:\/\/folhadosudeste.com\/site\/wp-content\/uploads\/2021\/11\/24112021-150x150.jpeg 150w, https:\/\/folhadosudeste.com\/site\/wp-content\/uploads\/2021\/11\/24112021-300x300.jpeg 300w, https:\/\/folhadosudeste.com\/site\/wp-content\/uploads\/2021\/11\/24112021-768x768.jpeg 768w, https:\/\/folhadosudeste.com\/site\/wp-content\/uploads\/2021\/11\/24112021-1024x1024.jpeg 1024w\" sizes=\"auto, (max-width: 1080px) 100vw, 1080px\" \/><\/a><\/div>\n<div style=\"text-align: justify;\">Este foi a primeira infec\u00e7\u00e3o pelo coronav\u00edrus verificada na cidade nos \u00faltimos sete dias.<\/div>\n<div style=\"text-align: justify;\">&nbsp;<\/div>\n<div style=\"text-align: justify;\">Mesmo com esta confirma\u00e7\u00e3o, a m\u00e9dia m\u00f3vel com dados das \u00faltimas duas semanas segue em queda. O \u00edndice fechou hoje em 0,5 &#8211; o que significa que, ao longo do per\u00edodo, houve em m\u00e9dia um caso a cada dois dias.<\/div>\n<div style=\"text-align: justify;\">&nbsp;<\/div>\n<div style=\"text-align: justify;\">A cidade est\u00e1 atualmente com tr\u00eas pacientes ativos. Nenhum deles est\u00e1 internado.<\/div>\n<div style=\"text-align: justify;\">&nbsp;<\/div>\n<div style=\"text-align: justify;\">Veja os n\u00fameros completos de hoje (24\/11\/2021):<\/div>\n<div style=\"text-align: justify;\">&nbsp;<\/div>\n<div style=\"text-align: justify;\">VACINA\u00c7\u00c3O (at\u00e9 23\/11)<\/div>\n<div style=\"text-align: justify;\">Parcialmente vacinados: 84.439 pessoas (77,19%)<\/div>\n<div style=\"text-align: justify;\">Totalmente vacinados: 74.154 pessoas (67,79%)<\/div>\n<div style=\"text-align: justify;\">Dose de refor\u00e7o \/ adicional: 10.635 pessoas (9,72%)<\/div>\n<div style=\"text-align: justify;\">&nbsp;<\/div>\n<div style=\"text-align: justify;\">CASOS<\/div>\n<div style=\"text-align: justify;\">Total de casos confirmados: 11.890<\/div>\n<div style=\"text-align: justify;\">Pacientes ativos: 03<\/div>\n<div style=\"text-align: justify;\">Pacientes curados: 11.569<\/div>\n<div style=\"text-align: justify;\">\u00d3bitos: 318<\/div>\n<div style=\"text-align: justify;\">Investigados \/ Monitorados: 66<\/div>\n<div style=\"text-align: justify;\">Negativos: 15.668<\/div>\n","protected":false},"excerpt":{"rendered":"<p>Este foi a primeira infec\u00e7\u00e3o pelo coronav\u00edrus verificada na cidade nos \u00faltimos sete dias. &nbsp; Mesmo com esta confirma\u00e7\u00e3o, a m\u00e9dia m\u00f3vel com dados das \u00faltimas duas semanas segue em queda. O \u00edndice fechou hoje em 0,5 &#8211; o que significa que, ao longo do per\u00edodo, houve em m\u00e9dia um caso a cada dois dias. [&hellip;]<\/p>\n","protected":false},"author":6,"featured_media":0,"comment_status":"open","ping_status":"closed","sticky":false,"template":"","format":"standard","meta":{"_joinchat":[],"footnotes":""},"categories":[1],"tags":[],"class_list":["post-79139","post","type-post","status-publish","format-standard","hentry","category-sem-categoria"],"_links":{"self":[{"href":"https:\/\/folhadosudeste.com\/site\/index.php?rest_route=\/wp\/v2\/posts\/79139","targetHints":{"allow":["GET"]}}],"collection":[{"href":"https:\/\/folhadosudeste.com\/site\/index.php?rest_route=\/wp\/v2\/posts"}],"about":[{"href":"https:\/\/folhadosudeste.com\/site\/index.php?rest_route=\/wp\/v2\/types\/post"}],"author":[{"embeddable":true,"href":"https:\/\/folhadosudeste.com\/site\/index.php?rest_route=\/wp\/v2\/users\/6"}],"replies":[{"embeddable":true,"href":"https:\/\/folhadosudeste.com\/site\/index.php?rest_route=%2Fwp%2Fv2%2Fcomments&post=79139"}],"version-history":[{"count":1,"href":"https:\/\/folhadosudeste.com\/site\/index.php?rest_route=\/wp\/v2\/posts\/79139\/revisions"}],"predecessor-version":[{"id":79141,"href":"https:\/\/folhadosudeste.com\/site\/index.php?rest_route=\/wp\/v2\/posts\/79139\/revisions\/79141"}],"wp:attachment":[{"href":"https:\/\/folhadosudeste.com\/site\/index.php?rest_route=%2Fwp%2Fv2%2Fmedia&parent=79139"}],"wp:term":[{"taxonomy":"category","embeddable":true,"href":"https:\/\/folhadosudeste.com\/site\/index.php?rest_route=%2Fwp%2Fv2%2Fcategories&post=79139"},{"taxonomy":"post_tag","embeddable":true,"href":"https:\/\/folhadosudeste.com\/site\/index.php?rest_route=%2Fwp%2Fv2%2Ftags&post=79139"}],"curies":[{"name":"wp","href":"https:\/\/api.w.org\/{rel}","templated":true}]}}