{"id":79154,"date":"2021-11-25T14:41:02","date_gmt":"2021-11-25T14:41:02","guid":{"rendered":"http:\/\/folhadosudeste.com\/site\/?p=79154"},"modified":"2021-11-25T14:41:02","modified_gmt":"2021-11-25T14:41:02","slug":"mpmg-deflagra-2a-fase-de-operacao-destinada-ao-combate-a-corrupcao-e-a-pratica-de-crimes-contra-o-patrimonio-publico-em-muriae","status":"publish","type":"post","link":"https:\/\/folhadosudeste.com\/site\/?p=79154","title":{"rendered":"MPMG deflagra 2\u00aa fase de opera\u00e7\u00e3o destinada ao combate \u00e0 corrup\u00e7\u00e3o e \u00e0 pr\u00e1tica de crimes contra o patrim\u00f4nio p\u00fablico, em Muria\u00e9"},"content":{"rendered":"<p><a href=\"http:\/\/folhadosudeste.com\/site\/wp-content\/uploads\/2021\/11\/WhatsApp-Image-2021-11-25-at-11.39.43.jpeg\"><img loading=\"lazy\" decoding=\"async\" class=\"alignnone size-full wp-image-79155\" src=\"http:\/\/folhadosudeste.com\/site\/wp-content\/uploads\/2021\/11\/WhatsApp-Image-2021-11-25-at-11.39.43.jpeg\" alt=\"\" width=\"939\" height=\"613\" srcset=\"https:\/\/folhadosudeste.com\/site\/wp-content\/uploads\/2021\/11\/WhatsApp-Image-2021-11-25-at-11.39.43.jpeg 939w, https:\/\/folhadosudeste.com\/site\/wp-content\/uploads\/2021\/11\/WhatsApp-Image-2021-11-25-at-11.39.43-300x196.jpeg 300w, https:\/\/folhadosudeste.com\/site\/wp-content\/uploads\/2021\/11\/WhatsApp-Image-2021-11-25-at-11.39.43-768x501.jpeg 768w\" sizes=\"auto, (max-width: 939px) 100vw, 939px\" \/><\/a><\/p>\n<p style=\"text-align: justify;\">O Minist\u00e9rio P\u00fablico de Minas Gerais (MPMG), por meio do Grupo de Atua\u00e7\u00e3o Especial de Combate ao Crime Organizado (Gaeco) Regional da Zona da Mata, em conjunto com a Promotoria do Patrim\u00f4nio P\u00fablico de Muria\u00e9 e com as Pol\u00edcias Civil e Militar, deflagrou, na manh\u00e3 desta quinta-feira, dia 25 de novembro, a 2\u00aa fase da&nbsp;<em>Opera\u00e7\u00e3o Catarse<\/em>, destinada a apurar a pr\u00e1tica dos crimes de corrup\u00e7\u00e3o passiva, concuss\u00e3o, peculato, fraude \u00e0 licita\u00e7\u00e3o, lavagem de dinheiro e organiza\u00e7\u00e3o criminosa.<\/p>\n<p style=\"text-align: justify;\">A segunda etapa da opera\u00e7\u00e3o objetiva o cumprimento de mandados de busca e apreens\u00e3o nas resid\u00eancias de um assessor parlamentar e de uma funcion\u00e1ria p\u00fablica municipal.<\/p>\n<p style=\"text-align: justify;\">Conforme o Gaeco, est\u00e1 sendo investigada a exist\u00eancia de um complexo esquema criminoso levado a efeito por vereadores e empres\u00e1rios, consistente na emiss\u00e3o de notas fiscais \u201cfrias\u201d emitidas com o \u00fanico fim de \u201clegitimar\u201d o pagamento il\u00edcito de verbas de gabinete aos parlamentares investigados, inclusive no cen\u00e1rio de empresas registradas em nome de terceiros (laranjas).<\/p>\n<p style=\"text-align: justify;\">Tamb\u00e9m est\u00e3o sendo apuradas condutas de agentes pol\u00edticos da C\u00e2mara Municipal de Muria\u00e9, que teriam compelido servidores p\u00fablicos a repassarem parte de seus vencimentos a eles, inclusive coagindo-os a realizarem empr\u00e9stimos banc\u00e1rios para a concretiza\u00e7\u00e3o dos delitos. Desses servidores v\u00edtimas, alguns declararam que ficaram endividados e chegaram a adoecer em raz\u00e3o das amea\u00e7as indiretas feitas pelos investigados.<\/p>\n<p style=\"text-align: justify;\"><!--more--><\/p>\n<p style=\"text-align: justify;\">Al\u00e9m disso, tamb\u00e9m se apura a ocorr\u00eancia de um complexo esquema de desvio de verbas p\u00fablicas e lavagem de dinheiro, em especial quanto \u00e0 contrata\u00e7\u00e3o de empresas aparentemente de fachada pelo munic\u00edpio, que pode ter gerado um dano ao er\u00e1rio superior a R$ 10 milh\u00f5es.<\/p>\n<p style=\"text-align: justify;\">Segundo o coordenador do Gaeco Regional da Zona da Mata, promotor de Justi\u00e7a Breno Costa da Silva Coelho, \u201cas investiga\u00e7\u00f5es prosseguem com o intuito de apurar de forma contundente e detalhada todos os fatos criminosos e as respectivas autorias delitivas, e tamb\u00e9m para buscar a repara\u00e7\u00e3o dos danos patrimonial e moral coletivo decorrentes das condutas praticadas pelos agentes envolvidos\u201d, destaca.<\/p>\n<p style=\"text-align: justify;\">Ainda segundo o promotor, \u201cas apura\u00e7\u00f5es at\u00e9 ent\u00e3o realizadas apontam fortes ind\u00edcios de participa\u00e7\u00e3o de empres\u00e1rios e agentes p\u00fablicos na pr\u00e1tica de crimes contra a administra\u00e7\u00e3o p\u00fablica, havendo, inclusive, evid\u00eancias dando conta da utiliza\u00e7\u00e3o recorrente de \u2018laranjas\u2019 nas pr\u00e1ticas delitivas, objetivando a oculta\u00e7\u00e3o de patrim\u00f4nio pelos autores\u201d, afirma.<\/p>\n<p style=\"text-align: justify;\">Tamb\u00e9m est\u00e1 sendo apurada a informa\u00e7\u00e3o preliminar de que alguns investigados estariam orientando terceiros e part\u00edcipes a ocultar e destruir provas dos delitos sob investiga\u00e7\u00e3o.<\/p>\n<p style=\"text-align: justify;\">A opera\u00e7\u00e3o desta quinta-feira ainda est\u00e1 em andamento e conta com a participa\u00e7\u00e3o de quatro promotores de Justi\u00e7a, servidores do MPMG, policiais militares do 47\u00ba Batalh\u00e3o da Pol\u00edcia Militar do Estado de Minas Gerais e policiais civis.<\/p>\n<p style=\"text-align: justify;\">Fonte:&nbsp;MPMG site<\/p>\n","protected":false},"excerpt":{"rendered":"<p>O Minist\u00e9rio P\u00fablico de Minas Gerais (MPMG), por meio do Grupo de Atua\u00e7\u00e3o Especial de Combate ao Crime Organizado (Gaeco) Regional da Zona da Mata, em conjunto com a Promotoria do Patrim\u00f4nio P\u00fablico de Muria\u00e9 e com as Pol\u00edcias Civil e Militar, deflagrou, na manh\u00e3 desta quinta-feira, dia 25 de novembro, a 2\u00aa fase da&nbsp;Opera\u00e7\u00e3o [&hellip;]<\/p>\n","protected":false},"author":6,"featured_media":0,"comment_status":"open","ping_status":"closed","sticky":false,"template":"","format":"standard","meta":{"_joinchat":[],"footnotes":""},"categories":[1],"tags":[],"class_list":["post-79154","post","type-post","status-publish","format-standard","hentry","category-sem-categoria"],"_links":{"self":[{"href":"https:\/\/folhadosudeste.com\/site\/index.php?rest_route=\/wp\/v2\/posts\/79154","targetHints":{"allow":["GET"]}}],"collection":[{"href":"https:\/\/folhadosudeste.com\/site\/index.php?rest_route=\/wp\/v2\/posts"}],"about":[{"href":"https:\/\/folhadosudeste.com\/site\/index.php?rest_route=\/wp\/v2\/types\/post"}],"author":[{"embeddable":true,"href":"https:\/\/folhadosudeste.com\/site\/index.php?rest_route=\/wp\/v2\/users\/6"}],"replies":[{"embeddable":true,"href":"https:\/\/folhadosudeste.com\/site\/index.php?rest_route=%2Fwp%2Fv2%2Fcomments&post=79154"}],"version-history":[{"count":1,"href":"https:\/\/folhadosudeste.com\/site\/index.php?rest_route=\/wp\/v2\/posts\/79154\/revisions"}],"predecessor-version":[{"id":79156,"href":"https:\/\/folhadosudeste.com\/site\/index.php?rest_route=\/wp\/v2\/posts\/79154\/revisions\/79156"}],"wp:attachment":[{"href":"https:\/\/folhadosudeste.com\/site\/index.php?rest_route=%2Fwp%2Fv2%2Fmedia&parent=79154"}],"wp:term":[{"taxonomy":"category","embeddable":true,"href":"https:\/\/folhadosudeste.com\/site\/index.php?rest_route=%2Fwp%2Fv2%2Fcategories&post=79154"},{"taxonomy":"post_tag","embeddable":true,"href":"https:\/\/folhadosudeste.com\/site\/index.php?rest_route=%2Fwp%2Fv2%2Ftags&post=79154"}],"curies":[{"name":"wp","href":"https:\/\/api.w.org\/{rel}","templated":true}]}}