{"id":79157,"date":"2021-11-25T14:43:00","date_gmt":"2021-11-25T14:43:00","guid":{"rendered":"http:\/\/folhadosudeste.com\/site\/?p=79157"},"modified":"2021-11-25T14:43:00","modified_gmt":"2021-11-25T14:43:00","slug":"virada-cultural-e-conferencia-de-cultura-e-turismo-acontecem-em-muriae","status":"publish","type":"post","link":"https:\/\/folhadosudeste.com\/site\/?p=79157","title":{"rendered":"\u00b4Virada Cultural\u2019 e \u2018Confer\u00eancia de Cultura e Turismo\u2019 acontecem em Muria\u00e9"},"content":{"rendered":"<div id=\":1m1\" class=\"ii gt\">\n<div id=\":1m2\" class=\"a3s aiL \">\n<div>\n<div>\n<div>\n<p align=\"justify\"><a href=\"http:\/\/folhadosudeste.com\/site\/wp-content\/uploads\/2021\/11\/IV-virada-cultural.png\"><img loading=\"lazy\" decoding=\"async\" class=\"alignnone size-full wp-image-79158\" src=\"http:\/\/folhadosudeste.com\/site\/wp-content\/uploads\/2021\/11\/IV-virada-cultural.png\" alt=\"\" width=\"1280\" height=\"1036\" srcset=\"https:\/\/folhadosudeste.com\/site\/wp-content\/uploads\/2021\/11\/IV-virada-cultural.png 1280w, https:\/\/folhadosudeste.com\/site\/wp-content\/uploads\/2021\/11\/IV-virada-cultural-300x243.png 300w, https:\/\/folhadosudeste.com\/site\/wp-content\/uploads\/2021\/11\/IV-virada-cultural-768x622.png 768w, https:\/\/folhadosudeste.com\/site\/wp-content\/uploads\/2021\/11\/IV-virada-cultural-1024x829.png 1024w\" sizes=\"auto, (max-width: 1280px) 100vw, 1280px\" \/><\/a><\/p>\n<p style=\"text-align: justify;\" align=\"justify\">A Fundarte est\u00e1 organizando a IV Virada Cultural a partir desta quinta-feira (25) com apresenta\u00e7\u00f5es dos projetos aprovados na Lei de Incentivo a Cultura Alcyr Pires Vermelho e, ao mesmo tempo, realiza a V Confer\u00eancia Municipal de Cultura e Turismo de Muria\u00e9 e Regi\u00e3o, nesta sexta-feira (26), a partir das 8h, no Anfiteatro da Faculdade Santa Marcelina (FASM).<\/p>\n<p style=\"text-align: justify;\" align=\"justify\">A Confer\u00eancia inicia com a palestra \u2018Contextualiza\u00e7\u00e3o das Pol\u00edticas P\u00fablicas de Cultura e Turismo na Contemporaneidade\u2019, ministrada pelo subsecret\u00e1rio de Cultura e Turismo de Minas Gerais, Maur\u00edcio Cangu\u00e7u.<\/p>\n<p style=\"text-align: justify;\" align=\"justify\">O evento prossegue com exibi\u00e7\u00e3o do \u2018Painel de Economia Criativa do Estado de Minas Gerais, especialmente Zona da Mata Mineira\u2019, sob a pondera\u00e7\u00e3o de Jos\u00e9 Oliveira J\u00fanior, assim como a palestra \u2018Pol\u00edticas de Regionaliza\u00e7\u00e3o do Turismo: tend\u00eancia atual para o desenvolvimento de a\u00e7\u00f5es\u2019, da diretora de Regionaliza\u00e7\u00e3o e Descentraliza\u00e7\u00e3o das Pol\u00edticas do Turismo, Priscila Martins.<\/p>\n<p style=\"text-align: justify;\" align=\"justify\">A proposta segue com uma roda de conversa sobre a Instancia de Governan\u00e7a Regional Serra do Brigadeiro, debates sobre institui\u00e7\u00f5es, empresas, associa\u00e7\u00f5es e organiza\u00e7\u00f5es sociais do munic\u00edpio envolvidas, assim como parcerias com o IF Sudeste Campus Muria\u00e9, conselhos, pontos de cultura, artistas, procuradores culturais e empreendedores do turismo, esporte e cultura regional. \u00c0s 13h, outras atividades acontecer\u00e3o como a apresenta\u00e7\u00e3o de cinema de Fernanda de Paula \u201cUm olhar sobre Belis\u00e1rio\u201d, fechando a confer\u00eancia \u00e0s 16h com plen\u00e1rias.<\/p>\n<\/div>\n<\/div>\n<\/div>\n<\/div>\n<\/div>\n<p><!--more--><\/p>\n<div id=\":1m2\" class=\"a3s aiL \">\n<div>\n<div>\n<div>\n<p style=\"text-align: justify;\" align=\"justify\"><b>Atividades da IV Virada Cultural<\/b><\/p>\n<p style=\"text-align: justify;\" align=\"justify\"><b>Quinta-feira (25)<\/b><\/p>\n<ul style=\"text-align: justify;\">\n<li>\n<p align=\"justify\"><b>19h30<\/b>&nbsp;&#8211; Exposi\u00e7\u00e3o e lan\u00e7amento do livro \u2018Um manto de hist\u00f3rias\u2019 de Fernando Campos Maia.&nbsp;<b>Local<\/b>: Grande Hotel Muriah\u00e9.<\/p>\n<\/li>\n<\/ul>\n<p style=\"text-align: justify;\" align=\"justify\"><b>Sexta-feira (26)<\/b><\/p>\n<ul style=\"text-align: justify;\">\n<li>\n<p align=\"justify\"><b>18h<\/b>&nbsp;&#8211; Inaugura\u00e7\u00e3o do Centro Cultural&nbsp;e Tur\u00edstico Nelson Fructuoso Braga&nbsp;(Casa do Largo).&nbsp;<b>Local<\/b>: distrito&nbsp;de&nbsp;Boa Fam\u00edlia.<\/p>\n<\/li>\n<\/ul>\n<ul style=\"text-align: justify;\">\n<li>\n<p align=\"justify\">Oficinas de pintura de&nbsp;Carlos Ant\u00f4nio Baldanza e&nbsp;Carla&nbsp;Baldanza.<\/p>\n<\/li>\n<li>\n<p align=\"justify\">Exposi\u00e7\u00e3o fotogr\u00e1fica dos alunos da&nbsp;Escola de Artes Visuais&nbsp;Carlos Scalla.<\/p>\n<\/li>\n<li>\n<p align=\"justify\">Visita ao monumento \u201cA Maior Viola&nbsp;Caipira do Mundo\u2019.<\/p>\n<\/li>\n<li>\n<p align=\"justify\">Apresenta\u00e7\u00e3o musical do grupo \u201cN\u00e3o deixe o samba\u2019.<\/p>\n<\/li>\n<\/ul>\n<ul style=\"text-align: justify;\">\n<li>\n<p align=\"justify\"><b>19h<\/b>&nbsp;\u2013 Exposi\u00e7\u00e3o do acervo permanente da Fundarte, na Galeria de Artes da institui\u00e7\u00e3o.&nbsp;<b>Local<\/b>: Avenida Constantino Pinto, 400.<\/p>\n<\/li>\n<li>\n<p align=\"justify\"><b>19h30<\/b>&nbsp;\u2013 Apresenta\u00e7\u00e3o de dan\u00e7a \u2013 Tal Pai, Tal Filho, da Companhia Diones D\u2019Castro.&nbsp;<b>Local<\/b>: Teatro Zaccaria Marques.<\/p>\n<\/li>\n<li>\n<p align=\"justify\"><b>20h<\/b>&nbsp;\u2013 M\u00fasica ao vivo no Cristo Redentor \u2013 shows com Choro Jam Session, Forr\u00f3 Mais e Lance Legal.&nbsp;<b>Local<\/b>: Complexo do Cristo Redentor.<\/p>\n<\/li>\n<\/ul>\n<p style=\"text-align: justify;\" align=\"justify\"><b>S\u00e1bado (27)<\/b><\/p>\n<p style=\"text-align: justify;\" align=\"justify\"><b>9h \u00e0s 11h<\/b>&nbsp;\u2013 Samba com a Liga das Escolas de Samba e grupo \u2018N\u00e3o deixe o samba\u2019 \u2013&nbsp;<b>Local:<\/b>&nbsp;Grande Hotel Muriahe.<\/p>\n<p style=\"text-align: justify;\" align=\"justify\"><b>10h<\/b>&nbsp;\u2013 Oficineiro Joelson Silva \u2013 workshop \u2013&nbsp;<b>Local<\/b>: Ponto Cultural Jovem, bairro Gaspar.<\/p>\n<p style=\"text-align: justify;\" align=\"justify\"><b>14 \u00e0s 17h&nbsp;<\/b>\u2013 Figurinos de carnaval.&nbsp;<b>Local:<\/b>&nbsp;Pra\u00e7a Coronel Pacheco de Medeiros \u2013 pracinha da prefeitura.<\/p>\n<p style=\"text-align: justify;\" align=\"justify\"><b>16h&nbsp;<\/b>\u2013 Teatro \u2018Que coisa boa tem teatro na Lagoa\u2019 com a Companhia de Teatro Avesso.&nbsp;<b>Local<\/b>: Lagoa da G\u00e1vea.<\/p>\n<p style=\"text-align: justify;\" align=\"justify\"><b>17h<\/b>&nbsp;\u2013 Literatura \u2013 lan\u00e7amento do livro \u2018S\u00e1bia, a sabi\u00e1\u2019, de Ana Maria&nbsp;Carvalho.&nbsp;<b>Local<\/b>: Biblioteca Municipal.<\/p>\n<ul style=\"text-align: justify;\">\n<li>\n<p align=\"justify\">Apresenta\u00e7\u00e3o da \u2018Capoeira Arte que Educa\u2019 com Thayn\u00e1 Cristina.<\/p>\n<\/li>\n<li>\n<p align=\"justify\">Varal fotogr\u00e1fico \u2013 E-click&nbsp;com&nbsp;Anne Kelly<\/p>\n<\/li>\n<li>\n<p align=\"justify\">Espet\u00e1culo Circense Show com Chorelly<\/p>\n<\/li>\n<li>\n<p align=\"justify\">Exposi\u00e7\u00e3o de figurinos \u2013 Figurinarte<\/p>\n<\/li>\n<\/ul>\n<p style=\"text-align: justify;\" align=\"justify\"><b>16h<\/b>&nbsp;\u2013 Exposi\u00e7\u00e3o dos alunos do curso de Artes Visuais Moacyr Fenelon.&nbsp;<b>Local:<\/b>&nbsp;Grande Hotel Muriahe<\/p>\n<ul style=\"text-align: justify;\">\n<li>\n<p align=\"justify\">Exibi\u00e7\u00e3o do curta-metragem \u2018Sapateiro\u2019.<\/p>\n<\/li>\n<\/ul>\n<p style=\"text-align: justify;\" align=\"justify\"><b>19h30<\/b>&nbsp;\u2013 Dan\u00e7a \u2013 \u2018Tal Pai, Tal Filho\u2019 com a Cia Diones D\u2019Castro.&nbsp;<b>Local:<\/b>&nbsp;Teatro Zaccaria Marques.<\/p>\n<\/div>\n<\/div>\n<\/div>\n<\/div>\n<div class=\"yj6qo\" style=\"text-align: justify;\">&nbsp;<\/div>\n<div id=\":1nc\" class=\"hq gt a10\" style=\"text-align: justify;\">&nbsp;<\/div>\n","protected":false},"excerpt":{"rendered":"<p>A Fundarte est\u00e1 organizando a IV Virada Cultural a partir desta quinta-feira (25) com apresenta\u00e7\u00f5es dos projetos aprovados na Lei de Incentivo a Cultura Alcyr Pires Vermelho e, ao mesmo tempo, realiza a V Confer\u00eancia Municipal de Cultura e Turismo de Muria\u00e9 e Regi\u00e3o, nesta sexta-feira (26), a partir das 8h, no Anfiteatro da Faculdade [&hellip;]<\/p>\n","protected":false},"author":6,"featured_media":0,"comment_status":"open","ping_status":"closed","sticky":false,"template":"","format":"standard","meta":{"_joinchat":[],"footnotes":""},"categories":[1],"tags":[],"class_list":["post-79157","post","type-post","status-publish","format-standard","hentry","category-sem-categoria"],"_links":{"self":[{"href":"https:\/\/folhadosudeste.com\/site\/index.php?rest_route=\/wp\/v2\/posts\/79157","targetHints":{"allow":["GET"]}}],"collection":[{"href":"https:\/\/folhadosudeste.com\/site\/index.php?rest_route=\/wp\/v2\/posts"}],"about":[{"href":"https:\/\/folhadosudeste.com\/site\/index.php?rest_route=\/wp\/v2\/types\/post"}],"author":[{"embeddable":true,"href":"https:\/\/folhadosudeste.com\/site\/index.php?rest_route=\/wp\/v2\/users\/6"}],"replies":[{"embeddable":true,"href":"https:\/\/folhadosudeste.com\/site\/index.php?rest_route=%2Fwp%2Fv2%2Fcomments&post=79157"}],"version-history":[{"count":1,"href":"https:\/\/folhadosudeste.com\/site\/index.php?rest_route=\/wp\/v2\/posts\/79157\/revisions"}],"predecessor-version":[{"id":79159,"href":"https:\/\/folhadosudeste.com\/site\/index.php?rest_route=\/wp\/v2\/posts\/79157\/revisions\/79159"}],"wp:attachment":[{"href":"https:\/\/folhadosudeste.com\/site\/index.php?rest_route=%2Fwp%2Fv2%2Fmedia&parent=79157"}],"wp:term":[{"taxonomy":"category","embeddable":true,"href":"https:\/\/folhadosudeste.com\/site\/index.php?rest_route=%2Fwp%2Fv2%2Fcategories&post=79157"},{"taxonomy":"post_tag","embeddable":true,"href":"https:\/\/folhadosudeste.com\/site\/index.php?rest_route=%2Fwp%2Fv2%2Ftags&post=79157"}],"curies":[{"name":"wp","href":"https:\/\/api.w.org\/{rel}","templated":true}]}}