{"id":79443,"date":"2021-12-13T12:49:17","date_gmt":"2021-12-13T12:49:17","guid":{"rendered":"http:\/\/folhadosudeste.com\/site\/?p=79443"},"modified":"2021-12-13T12:49:17","modified_gmt":"2021-12-13T12:49:17","slug":"povo-de-divino-mg-luta-pela-demarcacao-do-seu-patrimonio-hidrico-municipal","status":"publish","type":"post","link":"https:\/\/folhadosudeste.com\/site\/?p=79443","title":{"rendered":"POVO DE DIVINO &#8211; MG LUTA PELA DEMARCA\u00c7\u00c3O DO SEU PATRIM\u00d4NIO H\u00cdDRICO MUNICIPAL"},"content":{"rendered":"<p><a href=\"http:\/\/folhadosudeste.com\/site\/wp-content\/uploads\/2021\/12\/8D7CFFE6-BB34-49CE-8E42-9B6860500742.jpeg\"><img loading=\"lazy\" decoding=\"async\" class=\"alignnone size-full wp-image-79444\" src=\"http:\/\/folhadosudeste.com\/site\/wp-content\/uploads\/2021\/12\/8D7CFFE6-BB34-49CE-8E42-9B6860500742.jpeg\" alt=\"\" width=\"1136\" height=\"1152\" srcset=\"https:\/\/folhadosudeste.com\/site\/wp-content\/uploads\/2021\/12\/8D7CFFE6-BB34-49CE-8E42-9B6860500742.jpeg 1136w, https:\/\/folhadosudeste.com\/site\/wp-content\/uploads\/2021\/12\/8D7CFFE6-BB34-49CE-8E42-9B6860500742-296x300.jpeg 296w, https:\/\/folhadosudeste.com\/site\/wp-content\/uploads\/2021\/12\/8D7CFFE6-BB34-49CE-8E42-9B6860500742-768x779.jpeg 768w, https:\/\/folhadosudeste.com\/site\/wp-content\/uploads\/2021\/12\/8D7CFFE6-BB34-49CE-8E42-9B6860500742-1010x1024.jpeg 1010w\" sizes=\"auto, (max-width: 1136px) 100vw, 1136px\" \/><\/a><\/p>\n<p style=\"text-align: justify;\">(&#8230;) Depois de reuni\u00f5es, encontros, carreatas e muito di\u00e1logo coletivo, as comunidades rurais apoiadas pela CPT (Comiss\u00e3o Pastoral da Terra), pelo MAM (Movimento pela Soberania Popular na Minera\u00e7\u00e3o) e pelo Sindicato da Agricultura Familiar de Divino, todos organizados na Comiss\u00e3o Regional de Enfrentamento \u00e0 Minera\u00e7\u00e3o na Serra do Brigadeiro, fizeram a entrega oficial do *Projeto de Lei de Cria\u00e7\u00e3o do Patrim\u00f4nio H\u00eddrico Municipal de Divino*. A entrega foi realizada ontem, 10\/12, \u00e0 vereadora B\u00e1rbara Alcon, presidenta da C\u00e2mara Municipal de Divino.<br \/>\nDe acordo com Renata de Souza Gomes, representante do N\u00facleo Municipal de Enfrentamento \u00e0 Minera\u00e7\u00e3o e da CPT que realizou a entrega oficial do projeto, &#8220;o movimento est\u00e1 contando com o apoio dos parlamentares que foram eleitos pra representar os interesses do povo de Divino, que j\u00e1 deixou claro que escolhe a \u00e1gua, a vida e a agricultura familiar, N\u00c3O A MINERA\u00c7\u00c3O&#8221;.<\/p>\n<p style=\"text-align: justify;\">*Leia a not\u00edcia completa clicando no link abaixo:*<br \/>\nhttps:\/\/m.facebook.com\/story.php?story_fbid=432715611795400&amp;id=114192503647714<\/p>\n","protected":false},"excerpt":{"rendered":"<p>(&#8230;) Depois de reuni\u00f5es, encontros, carreatas e muito di\u00e1logo coletivo, as comunidades rurais apoiadas pela CPT (Comiss\u00e3o Pastoral da Terra), pelo MAM (Movimento pela Soberania Popular na Minera\u00e7\u00e3o) e pelo Sindicato da Agricultura Familiar de Divino, todos organizados na Comiss\u00e3o Regional de Enfrentamento \u00e0 Minera\u00e7\u00e3o na Serra do Brigadeiro, fizeram a entrega oficial do *Projeto [&hellip;]<\/p>\n","protected":false},"author":6,"featured_media":0,"comment_status":"open","ping_status":"closed","sticky":false,"template":"","format":"standard","meta":{"_joinchat":[],"footnotes":""},"categories":[1],"tags":[],"class_list":["post-79443","post","type-post","status-publish","format-standard","hentry","category-sem-categoria"],"_links":{"self":[{"href":"https:\/\/folhadosudeste.com\/site\/index.php?rest_route=\/wp\/v2\/posts\/79443","targetHints":{"allow":["GET"]}}],"collection":[{"href":"https:\/\/folhadosudeste.com\/site\/index.php?rest_route=\/wp\/v2\/posts"}],"about":[{"href":"https:\/\/folhadosudeste.com\/site\/index.php?rest_route=\/wp\/v2\/types\/post"}],"author":[{"embeddable":true,"href":"https:\/\/folhadosudeste.com\/site\/index.php?rest_route=\/wp\/v2\/users\/6"}],"replies":[{"embeddable":true,"href":"https:\/\/folhadosudeste.com\/site\/index.php?rest_route=%2Fwp%2Fv2%2Fcomments&post=79443"}],"version-history":[{"count":1,"href":"https:\/\/folhadosudeste.com\/site\/index.php?rest_route=\/wp\/v2\/posts\/79443\/revisions"}],"predecessor-version":[{"id":79445,"href":"https:\/\/folhadosudeste.com\/site\/index.php?rest_route=\/wp\/v2\/posts\/79443\/revisions\/79445"}],"wp:attachment":[{"href":"https:\/\/folhadosudeste.com\/site\/index.php?rest_route=%2Fwp%2Fv2%2Fmedia&parent=79443"}],"wp:term":[{"taxonomy":"category","embeddable":true,"href":"https:\/\/folhadosudeste.com\/site\/index.php?rest_route=%2Fwp%2Fv2%2Fcategories&post=79443"},{"taxonomy":"post_tag","embeddable":true,"href":"https:\/\/folhadosudeste.com\/site\/index.php?rest_route=%2Fwp%2Fv2%2Ftags&post=79443"}],"curies":[{"name":"wp","href":"https:\/\/api.w.org\/{rel}","templated":true}]}}