{"id":79638,"date":"2021-12-20T19:14:32","date_gmt":"2021-12-20T19:14:32","guid":{"rendered":"http:\/\/folhadosudeste.com\/site\/?p=79638"},"modified":"2021-12-20T19:14:32","modified_gmt":"2021-12-20T19:14:32","slug":"prefeitura-inicia-atividades-no-centro-esportivo-do-vermelho","status":"publish","type":"post","link":"https:\/\/folhadosudeste.com\/site\/?p=79638","title":{"rendered":"Prefeitura inicia atividades no Centro Esportivo do Vermelho"},"content":{"rendered":"<p><a href=\"http:\/\/folhadosudeste.com\/site\/wp-content\/uploads\/2021\/12\/Capoeira-CIE-6.jpg\"><img loading=\"lazy\" decoding=\"async\" class=\"alignnone size-full wp-image-79641\" src=\"http:\/\/folhadosudeste.com\/site\/wp-content\/uploads\/2021\/12\/Capoeira-CIE-6.jpg\" alt=\"\" width=\"2048\" height=\"1365\" srcset=\"https:\/\/folhadosudeste.com\/site\/wp-content\/uploads\/2021\/12\/Capoeira-CIE-6.jpg 2048w, https:\/\/folhadosudeste.com\/site\/wp-content\/uploads\/2021\/12\/Capoeira-CIE-6-300x200.jpg 300w, https:\/\/folhadosudeste.com\/site\/wp-content\/uploads\/2021\/12\/Capoeira-CIE-6-768x512.jpg 768w, https:\/\/folhadosudeste.com\/site\/wp-content\/uploads\/2021\/12\/Capoeira-CIE-6-1024x683.jpg 1024w, https:\/\/folhadosudeste.com\/site\/wp-content\/uploads\/2021\/12\/Capoeira-CIE-6-120x80.jpg 120w, https:\/\/folhadosudeste.com\/site\/wp-content\/uploads\/2021\/12\/Capoeira-CIE-6-345x230.jpg 345w\" sizes=\"auto, (max-width: 2048px) 100vw, 2048px\" \/><\/a><\/p>\n<p align=\"justify\">O Centro de Inicia\u00e7\u00e3o ao Esporte Jos\u00e9 Gomes C\u00f4rrea (CIE-<span lang=\"pt-BR\">Vermelho<\/span>)&nbsp;<span lang=\"pt-BR\">foi&nbsp;<\/span><span lang=\"pt-BR\">colocado em funcionamento de forma oficial<\/span><span lang=\"pt-BR\">&nbsp;<\/span><span lang=\"pt-BR\">na \u00faltima sexta-feira (17).&nbsp;<\/span><span lang=\"pt-BR\">A<\/span><span lang=\"pt-BR\">&nbsp;Prefeitura de Muria\u00e9&nbsp;<\/span><span lang=\"pt-BR\">administrou as obras n<\/span><span lang=\"pt-BR\">o distrito de Vermelho&nbsp;<\/span><span lang=\"pt-BR\">para oferecer \u00e0 popula\u00e7\u00e3o um<\/span>&nbsp;<span lang=\"pt-BR\">espa\u00e7o<\/span>&nbsp;equipado com academia de gin\u00e1stica e quadra poliesportiva,&nbsp;favorecendo a realiza\u00e7\u00e3o de&nbsp;jogos e atividades f\u00edsicas,&nbsp;<span lang=\"pt-BR\">mas tamb\u00e9m estimulando<\/span>&nbsp;a&nbsp;forma\u00e7\u00e3o de&nbsp;novos&nbsp;<span lang=\"pt-BR\">talentos<\/span>.<\/p>\n<p align=\"justify\"><!--more--><\/p>\n<p align=\"justify\">O projeto integra \u00e1rea para exerc\u00edcios, quadra&nbsp;oficial com medida de&nbsp;20m x 40m,&nbsp;vesti\u00e1rios, enfermaria e setores&nbsp;administrativos.&nbsp;<span lang=\"pt-BR\">Inicialmente&nbsp;<\/span><span lang=\"pt-BR\">oferecer\u00e1<\/span><span lang=\"pt-BR\">&nbsp;<\/span><span lang=\"pt-BR\">a&nbsp;<\/span><span lang=\"pt-BR\">Escolinha Municipal de Esportes&nbsp;<\/span><span lang=\"pt-BR\">com aulas de futebol, basquete, futsal en<\/span><span lang=\"pt-BR\">tre outros.<\/span><\/p>\n<p align=\"justify\"><span lang=\"pt-BR\">Na abertura,&nbsp;<\/span>o deputado Estadual Br\u00e1ulio Braz, o suplente de Senador Renzo Braz, o vereador Devail Corr\u00eaa, a diretora da Fundarte Gilca Napier, o vice-prefeito e secret\u00e1rio de Sa\u00fade Marcos Guarino e o prefeito Jos\u00e9 Braz ressaltaram o benef\u00edcio&nbsp;<span lang=\"pt-BR\">de<\/span>&nbsp;oferecer, a cada dia mais, atividades esportivas para crian\u00e7as, jovens e adultos&nbsp;como forma de entretenimento e&nbsp;<span lang=\"pt-BR\">preparo<\/span>&nbsp;f<span lang=\"pt-BR\">\u00edsico.<\/span><\/p>\n<p align=\"justify\">Na oportunidade, integrantes do&nbsp;Centro de Conviv\u00eancia Familiar do CRAS Vermelho fizeram apresenta\u00e7\u00f5es de \u2018Capoeira\u2019 e \u2018Salto Mortal\u2019 para<span lang=\"pt-BR\">abrilhant<\/span>ar&nbsp;<span lang=\"pt-BR\">a<\/span>&nbsp;abertura do gin\u00e1sio.&nbsp;Ap\u00f3s o descerramento da placa oficial,&nbsp;<span lang=\"pt-BR\">iniciou-se<\/span>&nbsp;uma partida de futebol de sal\u00e3o com o pontap\u00e9 inicial dado pelo prefeito Jos\u00e9 Braz.<\/p>\n<p align=\"justify\">O&nbsp;centro&nbsp;especializado&nbsp;tem parceria com a Secretaria&nbsp;de&nbsp;Sa\u00fade&nbsp;para colocar atividades para adultos e idosos por meio do&nbsp;N\u00facleo&nbsp;de Apoio a Sa\u00fade da Fam\u00edlia \u2013&nbsp;NASF,&nbsp;<span lang=\"pt-BR\">levando atividades esportivas para<\/span>&nbsp;diferentes faixas et\u00e1rias.<\/p>\n<p align=\"justify\">A Prefeitura est\u00e1 buscando novos&nbsp;programas&nbsp;esportivos junto ao Governo&nbsp;E<span lang=\"pt-BR\">stadual&nbsp;<\/span>para ampliar a oferta de&nbsp;<span lang=\"pt-BR\">modalidades<\/span>&nbsp;no&nbsp;<span lang=\"pt-BR\">gin\u00e1sio<\/span>.&nbsp;A proposta faz parte da Pol\u00edtica Nacional de Esportes e busca levar entretenimento e sentido de confraterniza\u00e7\u00e3o para \u00e1reas de vulnerabilidade social.<\/p>\n<p align=\"justify\"><a href=\"http:\/\/folhadosudeste.com\/site\/wp-content\/uploads\/2021\/12\/Autoridades-CIE-7.jpg\"><img loading=\"lazy\" decoding=\"async\" class=\"alignnone size-full wp-image-79640\" src=\"http:\/\/folhadosudeste.com\/site\/wp-content\/uploads\/2021\/12\/Autoridades-CIE-7.jpg\" alt=\"\" width=\"2048\" height=\"1365\" srcset=\"https:\/\/folhadosudeste.com\/site\/wp-content\/uploads\/2021\/12\/Autoridades-CIE-7.jpg 2048w, https:\/\/folhadosudeste.com\/site\/wp-content\/uploads\/2021\/12\/Autoridades-CIE-7-300x200.jpg 300w, https:\/\/folhadosudeste.com\/site\/wp-content\/uploads\/2021\/12\/Autoridades-CIE-7-768x512.jpg 768w, https:\/\/folhadosudeste.com\/site\/wp-content\/uploads\/2021\/12\/Autoridades-CIE-7-1024x683.jpg 1024w, https:\/\/folhadosudeste.com\/site\/wp-content\/uploads\/2021\/12\/Autoridades-CIE-7-120x80.jpg 120w, https:\/\/folhadosudeste.com\/site\/wp-content\/uploads\/2021\/12\/Autoridades-CIE-7-345x230.jpg 345w\" sizes=\"auto, (max-width: 2048px) 100vw, 2048px\" \/><\/a><\/p>\n<p align=\"justify\"><a href=\"http:\/\/folhadosudeste.com\/site\/wp-content\/uploads\/2021\/12\/Quadra-CIE.jpg\"><img loading=\"lazy\" decoding=\"async\" class=\"alignnone size-full wp-image-79639\" src=\"http:\/\/folhadosudeste.com\/site\/wp-content\/uploads\/2021\/12\/Quadra-CIE.jpg\" alt=\"\" width=\"2048\" height=\"1365\" srcset=\"https:\/\/folhadosudeste.com\/site\/wp-content\/uploads\/2021\/12\/Quadra-CIE.jpg 2048w, https:\/\/folhadosudeste.com\/site\/wp-content\/uploads\/2021\/12\/Quadra-CIE-300x200.jpg 300w, https:\/\/folhadosudeste.com\/site\/wp-content\/uploads\/2021\/12\/Quadra-CIE-768x512.jpg 768w, https:\/\/folhadosudeste.com\/site\/wp-content\/uploads\/2021\/12\/Quadra-CIE-1024x683.jpg 1024w, https:\/\/folhadosudeste.com\/site\/wp-content\/uploads\/2021\/12\/Quadra-CIE-120x80.jpg 120w, https:\/\/folhadosudeste.com\/site\/wp-content\/uploads\/2021\/12\/Quadra-CIE-345x230.jpg 345w\" sizes=\"auto, (max-width: 2048px) 100vw, 2048px\" \/><\/a><\/p>\n<p align=\"justify\">Fonte: Comunica\u00e7\u00e3o PMM<\/p>\n","protected":false},"excerpt":{"rendered":"<p>O Centro de Inicia\u00e7\u00e3o ao Esporte Jos\u00e9 Gomes C\u00f4rrea (CIE-Vermelho)&nbsp;foi&nbsp;colocado em funcionamento de forma oficial&nbsp;na \u00faltima sexta-feira (17).&nbsp;A&nbsp;Prefeitura de Muria\u00e9&nbsp;administrou as obras no distrito de Vermelho&nbsp;para oferecer \u00e0 popula\u00e7\u00e3o um&nbsp;espa\u00e7o&nbsp;equipado com academia de gin\u00e1stica e quadra poliesportiva,&nbsp;favorecendo a realiza\u00e7\u00e3o de&nbsp;jogos e atividades f\u00edsicas,&nbsp;mas tamb\u00e9m estimulando&nbsp;a&nbsp;forma\u00e7\u00e3o de&nbsp;novos&nbsp;talentos.<\/p>\n","protected":false},"author":6,"featured_media":0,"comment_status":"open","ping_status":"closed","sticky":false,"template":"","format":"standard","meta":{"_joinchat":[],"footnotes":""},"categories":[1],"tags":[],"class_list":["post-79638","post","type-post","status-publish","format-standard","hentry","category-sem-categoria"],"_links":{"self":[{"href":"https:\/\/folhadosudeste.com\/site\/index.php?rest_route=\/wp\/v2\/posts\/79638","targetHints":{"allow":["GET"]}}],"collection":[{"href":"https:\/\/folhadosudeste.com\/site\/index.php?rest_route=\/wp\/v2\/posts"}],"about":[{"href":"https:\/\/folhadosudeste.com\/site\/index.php?rest_route=\/wp\/v2\/types\/post"}],"author":[{"embeddable":true,"href":"https:\/\/folhadosudeste.com\/site\/index.php?rest_route=\/wp\/v2\/users\/6"}],"replies":[{"embeddable":true,"href":"https:\/\/folhadosudeste.com\/site\/index.php?rest_route=%2Fwp%2Fv2%2Fcomments&post=79638"}],"version-history":[{"count":1,"href":"https:\/\/folhadosudeste.com\/site\/index.php?rest_route=\/wp\/v2\/posts\/79638\/revisions"}],"predecessor-version":[{"id":79642,"href":"https:\/\/folhadosudeste.com\/site\/index.php?rest_route=\/wp\/v2\/posts\/79638\/revisions\/79642"}],"wp:attachment":[{"href":"https:\/\/folhadosudeste.com\/site\/index.php?rest_route=%2Fwp%2Fv2%2Fmedia&parent=79638"}],"wp:term":[{"taxonomy":"category","embeddable":true,"href":"https:\/\/folhadosudeste.com\/site\/index.php?rest_route=%2Fwp%2Fv2%2Fcategories&post=79638"},{"taxonomy":"post_tag","embeddable":true,"href":"https:\/\/folhadosudeste.com\/site\/index.php?rest_route=%2Fwp%2Fv2%2Ftags&post=79638"}],"curies":[{"name":"wp","href":"https:\/\/api.w.org\/{rel}","templated":true}]}}