{"id":79651,"date":"2021-12-22T17:37:11","date_gmt":"2021-12-22T17:37:11","guid":{"rendered":"http:\/\/folhadosudeste.com\/site\/?p=79651"},"modified":"2021-12-22T17:37:11","modified_gmt":"2021-12-22T17:37:11","slug":"biografia-da-estrela-literaria-as-irmas-maravilhas-por-gabrielle-reis-marcolongo","status":"publish","type":"post","link":"https:\/\/folhadosudeste.com\/site\/?p=79651","title":{"rendered":"Biografia da Estrela Liter\u00e1ria: As irm\u00e3s maravilhas! Por Gabrielle Reis Marcolongo"},"content":{"rendered":"<p><a href=\"http:\/\/folhadosudeste.com\/site\/wp-content\/uploads\/2021\/12\/11a7afa7-3f98-4e86-b01c-a7c370957254.jpg\"><img loading=\"lazy\" decoding=\"async\" class=\"alignnone size-full wp-image-79653\" src=\"http:\/\/folhadosudeste.com\/site\/wp-content\/uploads\/2021\/12\/11a7afa7-3f98-4e86-b01c-a7c370957254.jpg\" alt=\"\" width=\"960\" height=\"1280\" srcset=\"https:\/\/folhadosudeste.com\/site\/wp-content\/uploads\/2021\/12\/11a7afa7-3f98-4e86-b01c-a7c370957254.jpg 960w, https:\/\/folhadosudeste.com\/site\/wp-content\/uploads\/2021\/12\/11a7afa7-3f98-4e86-b01c-a7c370957254-225x300.jpg 225w, https:\/\/folhadosudeste.com\/site\/wp-content\/uploads\/2021\/12\/11a7afa7-3f98-4e86-b01c-a7c370957254-768x1024.jpg 768w\" sizes=\"auto, (max-width: 960px) 100vw, 960px\" \/><\/a><\/p>\n<p>Gabrielle Reis Marcolongo nasceu em 04 de Maio de 2009, em Muria\u00e9 &#8211; MG. Filha de Rosilene e Jorge, tem como irm\u00e3 a Georgia. Al\u00e9m de ser uma menina bem esperta, ela gosta muito de ir \u00e0 escola.&nbsp; Estuda no Centro Educacional Lajense e mora em Comendador Ven\u00e2ncio &#8211; RJ. Adora brincar e passear com a fam\u00edlia, sonha em ser m\u00e9dica quando crescer. Tem uma fam\u00edlia que a ama e cuida, pois todos est\u00e3o orgulhosos por ela ser a crian\u00e7a que \u00e9.<\/p>\n<p><!--more--><\/p>\n<p>A noite de aut\u00f3grafo da pequena escritora de apenas 12 anos, aconteceu na noite do dia 14\/12\/2021, no Centro Educacional Lajense Cel, em Laje do Muria\u00e9 RJ.<\/p>\n<p>Parab\u00e9ns Gabrielle! Que esse livro seja o primeiro de muitos que vir\u00e3o no decorrer de sua caminhada. Sucesso e que Deus ilumine sempre os seus projetos. &nbsp;<\/p>\n<p><a href=\"http:\/\/folhadosudeste.com\/site\/wp-content\/uploads\/2021\/12\/da4c5f3a-7331-4887-a330-958e504c218a.jpg\"><img loading=\"lazy\" decoding=\"async\" class=\"alignnone size-full wp-image-79652\" src=\"http:\/\/folhadosudeste.com\/site\/wp-content\/uploads\/2021\/12\/da4c5f3a-7331-4887-a330-958e504c218a.jpg\" alt=\"\" width=\"1200\" height=\"1600\" srcset=\"https:\/\/folhadosudeste.com\/site\/wp-content\/uploads\/2021\/12\/da4c5f3a-7331-4887-a330-958e504c218a.jpg 1200w, https:\/\/folhadosudeste.com\/site\/wp-content\/uploads\/2021\/12\/da4c5f3a-7331-4887-a330-958e504c218a-225x300.jpg 225w, https:\/\/folhadosudeste.com\/site\/wp-content\/uploads\/2021\/12\/da4c5f3a-7331-4887-a330-958e504c218a-768x1024.jpg 768w\" sizes=\"auto, (max-width: 1200px) 100vw, 1200px\" \/><\/a><\/p>\n<p><a href=\"http:\/\/folhadosudeste.com\/site\/wp-content\/uploads\/2021\/12\/242e4e9d-0f09-4514-9751-debe61abbdcb.jpg\"><img loading=\"lazy\" decoding=\"async\" class=\"alignnone size-full wp-image-79654\" src=\"http:\/\/folhadosudeste.com\/site\/wp-content\/uploads\/2021\/12\/242e4e9d-0f09-4514-9751-debe61abbdcb.jpg\" alt=\"\" width=\"1200\" height=\"1600\" srcset=\"https:\/\/folhadosudeste.com\/site\/wp-content\/uploads\/2021\/12\/242e4e9d-0f09-4514-9751-debe61abbdcb.jpg 1200w, https:\/\/folhadosudeste.com\/site\/wp-content\/uploads\/2021\/12\/242e4e9d-0f09-4514-9751-debe61abbdcb-225x300.jpg 225w, https:\/\/folhadosudeste.com\/site\/wp-content\/uploads\/2021\/12\/242e4e9d-0f09-4514-9751-debe61abbdcb-768x1024.jpg 768w\" sizes=\"auto, (max-width: 1200px) 100vw, 1200px\" \/><\/a><\/p>\n","protected":false},"excerpt":{"rendered":"<p>Gabrielle Reis Marcolongo nasceu em 04 de Maio de 2009, em Muria\u00e9 &#8211; MG. Filha de Rosilene e Jorge, tem como irm\u00e3 a Georgia. Al\u00e9m de ser uma menina bem esperta, ela gosta muito de ir \u00e0 escola.&nbsp; Estuda no Centro Educacional Lajense e mora em Comendador Ven\u00e2ncio &#8211; RJ. Adora brincar e passear com [&hellip;]<\/p>\n","protected":false},"author":6,"featured_media":0,"comment_status":"open","ping_status":"closed","sticky":false,"template":"","format":"standard","meta":{"_joinchat":[],"footnotes":""},"categories":[1],"tags":[],"class_list":["post-79651","post","type-post","status-publish","format-standard","hentry","category-sem-categoria"],"_links":{"self":[{"href":"https:\/\/folhadosudeste.com\/site\/index.php?rest_route=\/wp\/v2\/posts\/79651","targetHints":{"allow":["GET"]}}],"collection":[{"href":"https:\/\/folhadosudeste.com\/site\/index.php?rest_route=\/wp\/v2\/posts"}],"about":[{"href":"https:\/\/folhadosudeste.com\/site\/index.php?rest_route=\/wp\/v2\/types\/post"}],"author":[{"embeddable":true,"href":"https:\/\/folhadosudeste.com\/site\/index.php?rest_route=\/wp\/v2\/users\/6"}],"replies":[{"embeddable":true,"href":"https:\/\/folhadosudeste.com\/site\/index.php?rest_route=%2Fwp%2Fv2%2Fcomments&post=79651"}],"version-history":[{"count":1,"href":"https:\/\/folhadosudeste.com\/site\/index.php?rest_route=\/wp\/v2\/posts\/79651\/revisions"}],"predecessor-version":[{"id":79655,"href":"https:\/\/folhadosudeste.com\/site\/index.php?rest_route=\/wp\/v2\/posts\/79651\/revisions\/79655"}],"wp:attachment":[{"href":"https:\/\/folhadosudeste.com\/site\/index.php?rest_route=%2Fwp%2Fv2%2Fmedia&parent=79651"}],"wp:term":[{"taxonomy":"category","embeddable":true,"href":"https:\/\/folhadosudeste.com\/site\/index.php?rest_route=%2Fwp%2Fv2%2Fcategories&post=79651"},{"taxonomy":"post_tag","embeddable":true,"href":"https:\/\/folhadosudeste.com\/site\/index.php?rest_route=%2Fwp%2Fv2%2Ftags&post=79651"}],"curies":[{"name":"wp","href":"https:\/\/api.w.org\/{rel}","templated":true}]}}