{"id":79656,"date":"2021-12-22T18:06:51","date_gmt":"2021-12-22T18:06:51","guid":{"rendered":"http:\/\/folhadosudeste.com\/site\/?p=79656"},"modified":"2021-12-22T18:06:51","modified_gmt":"2021-12-22T18:06:51","slug":"j-d-carvalho-producoes-e-eventos-santos-sp","status":"publish","type":"post","link":"https:\/\/folhadosudeste.com\/site\/?p=79656","title":{"rendered":"J.D Carvalho Produ\u00e7\u00f5es e Eventos &#8211; Santos SP"},"content":{"rendered":"<p><a href=\"http:\/\/folhadosudeste.com\/site\/wp-content\/uploads\/2021\/12\/ef520063-848c-405b-909f-f245a45e77f2.jpg\"><img loading=\"lazy\" decoding=\"async\" class=\"alignnone size-full wp-image-79657\" src=\"http:\/\/folhadosudeste.com\/site\/wp-content\/uploads\/2021\/12\/ef520063-848c-405b-909f-f245a45e77f2.jpg\" alt=\"\" width=\"1280\" height=\"847\" srcset=\"https:\/\/folhadosudeste.com\/site\/wp-content\/uploads\/2021\/12\/ef520063-848c-405b-909f-f245a45e77f2.jpg 1280w, https:\/\/folhadosudeste.com\/site\/wp-content\/uploads\/2021\/12\/ef520063-848c-405b-909f-f245a45e77f2-300x199.jpg 300w, https:\/\/folhadosudeste.com\/site\/wp-content\/uploads\/2021\/12\/ef520063-848c-405b-909f-f245a45e77f2-768x508.jpg 768w, https:\/\/folhadosudeste.com\/site\/wp-content\/uploads\/2021\/12\/ef520063-848c-405b-909f-f245a45e77f2-1024x678.jpg 1024w, https:\/\/folhadosudeste.com\/site\/wp-content\/uploads\/2021\/12\/ef520063-848c-405b-909f-f245a45e77f2-120x80.jpg 120w, https:\/\/folhadosudeste.com\/site\/wp-content\/uploads\/2021\/12\/ef520063-848c-405b-909f-f245a45e77f2-590x390.jpg 590w\" sizes=\"auto, (max-width: 1280px) 100vw, 1280px\" \/><\/a><\/p>\n<p>O s\u00e1bado 18\/12\/2021, ficar\u00e1 marcado na mem\u00f3ria de muitas pessoas, com a voz do renomado cantor Ricardo Nazar.&nbsp; O show aconteceu em Boa Fam\u00edlia, distrito de Muria\u00e9, onde est\u00e1 localizada a maior Viola do Mundo, projeto desenvolvido pela locutora Giani Carla. Entre os convidados estava o Produtor de Eventos JD Carvalho, curtindo a boa m\u00fasica e as m\u00e1gicas apresentadas pelo o m\u00e1gico Emanuel Messias de Cataguases. &nbsp;&nbsp;<\/p>\n<p><!--more--><\/p>\n<p>\u201cBoa Fam\u00edlia \u00e9 onde s\u00f3 tem fam\u00edlia boa. Eu me lembro muito de Santa Rita. Gosto muito de m\u00fasica e m\u00e1gica, ent\u00e3o foi um espet\u00e1culo que eu adorei. Foi a oportunidade de eu conhecer pessoalmente a Giani Carla, a quem eu acompanhava desde sua \u00e9poca da r\u00e1dio Atividade e tamb\u00e9m reencontrei com os amigos da Bandahia. Foi uma experi\u00eancia de muito aprendizado\u201d, disse Carvalho.<\/p>\n<p><a href=\"http:\/\/folhadosudeste.com\/site\/wp-content\/uploads\/2021\/12\/DSC_0052.jpg\"><img loading=\"lazy\" decoding=\"async\" class=\"alignnone size-full wp-image-79658\" src=\"http:\/\/folhadosudeste.com\/site\/wp-content\/uploads\/2021\/12\/DSC_0052.jpg\" alt=\"\" width=\"2048\" height=\"1356\" srcset=\"https:\/\/folhadosudeste.com\/site\/wp-content\/uploads\/2021\/12\/DSC_0052.jpg 2048w, https:\/\/folhadosudeste.com\/site\/wp-content\/uploads\/2021\/12\/DSC_0052-300x199.jpg 300w, https:\/\/folhadosudeste.com\/site\/wp-content\/uploads\/2021\/12\/DSC_0052-768x509.jpg 768w, https:\/\/folhadosudeste.com\/site\/wp-content\/uploads\/2021\/12\/DSC_0052-1024x678.jpg 1024w, https:\/\/folhadosudeste.com\/site\/wp-content\/uploads\/2021\/12\/DSC_0052-120x80.jpg 120w, https:\/\/folhadosudeste.com\/site\/wp-content\/uploads\/2021\/12\/DSC_0052-590x390.jpg 590w\" sizes=\"auto, (max-width: 2048px) 100vw, 2048px\" \/><\/a> <a href=\"http:\/\/folhadosudeste.com\/site\/wp-content\/uploads\/2021\/12\/DSC_0061.jpg\"><img loading=\"lazy\" decoding=\"async\" class=\"alignnone size-full wp-image-79659\" src=\"http:\/\/folhadosudeste.com\/site\/wp-content\/uploads\/2021\/12\/DSC_0061.jpg\" alt=\"\" width=\"2048\" height=\"1356\" srcset=\"https:\/\/folhadosudeste.com\/site\/wp-content\/uploads\/2021\/12\/DSC_0061.jpg 2048w, https:\/\/folhadosudeste.com\/site\/wp-content\/uploads\/2021\/12\/DSC_0061-300x199.jpg 300w, https:\/\/folhadosudeste.com\/site\/wp-content\/uploads\/2021\/12\/DSC_0061-768x509.jpg 768w, https:\/\/folhadosudeste.com\/site\/wp-content\/uploads\/2021\/12\/DSC_0061-1024x678.jpg 1024w, https:\/\/folhadosudeste.com\/site\/wp-content\/uploads\/2021\/12\/DSC_0061-120x80.jpg 120w, https:\/\/folhadosudeste.com\/site\/wp-content\/uploads\/2021\/12\/DSC_0061-590x390.jpg 590w\" sizes=\"auto, (max-width: 2048px) 100vw, 2048px\" \/><\/a> <a href=\"http:\/\/folhadosudeste.com\/site\/wp-content\/uploads\/2021\/12\/DSC_0133.jpg\"><img loading=\"lazy\" decoding=\"async\" class=\"alignnone size-full wp-image-79660\" src=\"http:\/\/folhadosudeste.com\/site\/wp-content\/uploads\/2021\/12\/DSC_0133.jpg\" alt=\"\" width=\"2048\" height=\"1356\" srcset=\"https:\/\/folhadosudeste.com\/site\/wp-content\/uploads\/2021\/12\/DSC_0133.jpg 2048w, https:\/\/folhadosudeste.com\/site\/wp-content\/uploads\/2021\/12\/DSC_0133-300x199.jpg 300w, https:\/\/folhadosudeste.com\/site\/wp-content\/uploads\/2021\/12\/DSC_0133-768x509.jpg 768w, https:\/\/folhadosudeste.com\/site\/wp-content\/uploads\/2021\/12\/DSC_0133-1024x678.jpg 1024w, https:\/\/folhadosudeste.com\/site\/wp-content\/uploads\/2021\/12\/DSC_0133-120x80.jpg 120w, https:\/\/folhadosudeste.com\/site\/wp-content\/uploads\/2021\/12\/DSC_0133-590x390.jpg 590w\" sizes=\"auto, (max-width: 2048px) 100vw, 2048px\" \/><\/a><\/p>\n","protected":false},"excerpt":{"rendered":"<p>O s\u00e1bado 18\/12\/2021, ficar\u00e1 marcado na mem\u00f3ria de muitas pessoas, com a voz do renomado cantor Ricardo Nazar.&nbsp; O show aconteceu em Boa Fam\u00edlia, distrito de Muria\u00e9, onde est\u00e1 localizada a maior Viola do Mundo, projeto desenvolvido pela locutora Giani Carla. Entre os convidados estava o Produtor de Eventos JD Carvalho, curtindo a boa m\u00fasica [&hellip;]<\/p>\n","protected":false},"author":6,"featured_media":0,"comment_status":"open","ping_status":"closed","sticky":false,"template":"","format":"standard","meta":{"_joinchat":[],"footnotes":""},"categories":[1],"tags":[],"class_list":["post-79656","post","type-post","status-publish","format-standard","hentry","category-sem-categoria"],"_links":{"self":[{"href":"https:\/\/folhadosudeste.com\/site\/index.php?rest_route=\/wp\/v2\/posts\/79656","targetHints":{"allow":["GET"]}}],"collection":[{"href":"https:\/\/folhadosudeste.com\/site\/index.php?rest_route=\/wp\/v2\/posts"}],"about":[{"href":"https:\/\/folhadosudeste.com\/site\/index.php?rest_route=\/wp\/v2\/types\/post"}],"author":[{"embeddable":true,"href":"https:\/\/folhadosudeste.com\/site\/index.php?rest_route=\/wp\/v2\/users\/6"}],"replies":[{"embeddable":true,"href":"https:\/\/folhadosudeste.com\/site\/index.php?rest_route=%2Fwp%2Fv2%2Fcomments&post=79656"}],"version-history":[{"count":1,"href":"https:\/\/folhadosudeste.com\/site\/index.php?rest_route=\/wp\/v2\/posts\/79656\/revisions"}],"predecessor-version":[{"id":79661,"href":"https:\/\/folhadosudeste.com\/site\/index.php?rest_route=\/wp\/v2\/posts\/79656\/revisions\/79661"}],"wp:attachment":[{"href":"https:\/\/folhadosudeste.com\/site\/index.php?rest_route=%2Fwp%2Fv2%2Fmedia&parent=79656"}],"wp:term":[{"taxonomy":"category","embeddable":true,"href":"https:\/\/folhadosudeste.com\/site\/index.php?rest_route=%2Fwp%2Fv2%2Fcategories&post=79656"},{"taxonomy":"post_tag","embeddable":true,"href":"https:\/\/folhadosudeste.com\/site\/index.php?rest_route=%2Fwp%2Fv2%2Ftags&post=79656"}],"curies":[{"name":"wp","href":"https:\/\/api.w.org\/{rel}","templated":true}]}}