{"id":79806,"date":"2021-12-27T13:41:39","date_gmt":"2021-12-27T13:41:39","guid":{"rendered":"http:\/\/folhadosudeste.com\/site\/?p=79806"},"modified":"2021-12-27T13:41:39","modified_gmt":"2021-12-27T13:41:39","slug":"prefeitura-organiza-plano-emergencial-para-belisario","status":"publish","type":"post","link":"https:\/\/folhadosudeste.com\/site\/?p=79806","title":{"rendered":"Prefeitura organiza plano emergencial para Belis\u00e1rio"},"content":{"rendered":"<p align=\"justify\"><a href=\"http:\/\/folhadosudeste.com\/site\/wp-content\/uploads\/2021\/12\/IMG_0020.jpg\"><img loading=\"lazy\" decoding=\"async\" class=\"alignnone size-full wp-image-79807\" src=\"http:\/\/folhadosudeste.com\/site\/wp-content\/uploads\/2021\/12\/IMG_0020.jpg\" alt=\"\" width=\"2048\" height=\"1365\" srcset=\"https:\/\/folhadosudeste.com\/site\/wp-content\/uploads\/2021\/12\/IMG_0020.jpg 2048w, https:\/\/folhadosudeste.com\/site\/wp-content\/uploads\/2021\/12\/IMG_0020-300x200.jpg 300w, https:\/\/folhadosudeste.com\/site\/wp-content\/uploads\/2021\/12\/IMG_0020-768x512.jpg 768w, https:\/\/folhadosudeste.com\/site\/wp-content\/uploads\/2021\/12\/IMG_0020-1024x683.jpg 1024w, https:\/\/folhadosudeste.com\/site\/wp-content\/uploads\/2021\/12\/IMG_0020-120x80.jpg 120w, https:\/\/folhadosudeste.com\/site\/wp-content\/uploads\/2021\/12\/IMG_0020-345x230.jpg 345w\" sizes=\"auto, (max-width: 2048px) 100vw, 2048px\" \/><\/a><\/p>\n<p align=\"justify\">Em reuni\u00e3o realizada na tarde desta quinta-feira (23), autoridades do Poder Municipal se organizaram para implementar a\u00e7\u00f5es emergenciais em Belis\u00e1rio em raz\u00e3o das fortes chuvas que assolaram o distrito na \u00faltima madrugada.<\/p>\n<p align=\"justify\">Duas m\u00e1quinas retroescavadeiras j\u00e1 est\u00e3o no local iniciando os trabalhos. \u201cEstamos reunidos para definir e implantar um \u2018Plano de A\u00e7\u00e3o e Enfrentamento\u2019 em Belis\u00e1rio, de forma permanente, para evitar dificuldades de deslocamentos em dias de chuva. Substitu\u00edmos as m\u00e1quinas devido ao encerramento do contrato com o antigo prestador de servi\u00e7o da Prefeitura e estamos colocando novos equipamentos para atender aquela importante localidade\u201d, relatou o secret\u00e1rio de Agricultura e Meio Ambiente, Carlos Kneip.<\/p>\n<p align=\"justify\">O novo Plano cria medida emergencial para o distrito. Os maquin\u00e1rios devem ficar de plant\u00e3o para poss\u00edveis agravantes nas vias de terra. Segundo informa\u00e7\u00f5es do secret\u00e1rio Adjunto da pasta, Fernando Levati, a equipe da Prefeitura esteve no local ontem (22), acompanhando o prefeito Jos\u00e9 Braz, para vistorias dos caminhos. \u201cNa quarta-feira observamos que tudo estava sob controle. Na madrugada aconteceu uma chuva torrencial que provocou eros\u00f5es e queda de \u00e1rvores nas imedia\u00e7\u00f5es, ent\u00e3o nos organizamos para resolver os contratempos e liberar a passagem, garantindo seguran\u00e7a para o morador, o agricultor e para turistas\u201d, frisou.<\/p>\n<p align=\"justify\"><!--more--><\/p>\n<p align=\"justify\">A inspe\u00e7\u00e3o feita no acesso a Belis\u00e1rio se prolongou at\u00e9 o Parque Estadual Serra do Brigadeiro, onde est\u00e1 localizado o Pico do Itajuru. Neste sentido, a visita foi prop\u00edcia tamb\u00e9m a verifica\u00e7\u00e3o do Centro Multiuso onde ser\u00e3o realizadas v\u00e1rias atividades de expans\u00e3o. A Administra\u00e7\u00e3o Municipal pretende implantar, para o pr\u00f3ximo ano, a\u00e7\u00f5es que deixar\u00e3o o espa\u00e7o apto a receber visitantes, pesquisadores e ambientalistas interessados em explorar o vasto ecossistema da regi\u00e3o.<\/p>\n<p align=\"justify\"><a href=\"http:\/\/folhadosudeste.com\/site\/wp-content\/uploads\/2021\/12\/IMG_0017.jpg\"><img loading=\"lazy\" decoding=\"async\" class=\"alignnone size-full wp-image-79808\" src=\"http:\/\/folhadosudeste.com\/site\/wp-content\/uploads\/2021\/12\/IMG_0017.jpg\" alt=\"\" width=\"2048\" height=\"1365\" srcset=\"https:\/\/folhadosudeste.com\/site\/wp-content\/uploads\/2021\/12\/IMG_0017.jpg 2048w, https:\/\/folhadosudeste.com\/site\/wp-content\/uploads\/2021\/12\/IMG_0017-300x200.jpg 300w, https:\/\/folhadosudeste.com\/site\/wp-content\/uploads\/2021\/12\/IMG_0017-768x512.jpg 768w, https:\/\/folhadosudeste.com\/site\/wp-content\/uploads\/2021\/12\/IMG_0017-1024x683.jpg 1024w, https:\/\/folhadosudeste.com\/site\/wp-content\/uploads\/2021\/12\/IMG_0017-120x80.jpg 120w, https:\/\/folhadosudeste.com\/site\/wp-content\/uploads\/2021\/12\/IMG_0017-345x230.jpg 345w\" sizes=\"auto, (max-width: 2048px) 100vw, 2048px\" \/><\/a><\/p>\n","protected":false},"excerpt":{"rendered":"<p>Em reuni\u00e3o realizada na tarde desta quinta-feira (23), autoridades do Poder Municipal se organizaram para implementar a\u00e7\u00f5es emergenciais em Belis\u00e1rio em raz\u00e3o das fortes chuvas que assolaram o distrito na \u00faltima madrugada. Duas m\u00e1quinas retroescavadeiras j\u00e1 est\u00e3o no local iniciando os trabalhos. \u201cEstamos reunidos para definir e implantar um \u2018Plano de A\u00e7\u00e3o e Enfrentamento\u2019 em [&hellip;]<\/p>\n","protected":false},"author":6,"featured_media":0,"comment_status":"open","ping_status":"closed","sticky":false,"template":"","format":"standard","meta":{"_joinchat":[],"footnotes":""},"categories":[1],"tags":[],"class_list":["post-79806","post","type-post","status-publish","format-standard","hentry","category-sem-categoria"],"_links":{"self":[{"href":"https:\/\/folhadosudeste.com\/site\/index.php?rest_route=\/wp\/v2\/posts\/79806","targetHints":{"allow":["GET"]}}],"collection":[{"href":"https:\/\/folhadosudeste.com\/site\/index.php?rest_route=\/wp\/v2\/posts"}],"about":[{"href":"https:\/\/folhadosudeste.com\/site\/index.php?rest_route=\/wp\/v2\/types\/post"}],"author":[{"embeddable":true,"href":"https:\/\/folhadosudeste.com\/site\/index.php?rest_route=\/wp\/v2\/users\/6"}],"replies":[{"embeddable":true,"href":"https:\/\/folhadosudeste.com\/site\/index.php?rest_route=%2Fwp%2Fv2%2Fcomments&post=79806"}],"version-history":[{"count":1,"href":"https:\/\/folhadosudeste.com\/site\/index.php?rest_route=\/wp\/v2\/posts\/79806\/revisions"}],"predecessor-version":[{"id":79809,"href":"https:\/\/folhadosudeste.com\/site\/index.php?rest_route=\/wp\/v2\/posts\/79806\/revisions\/79809"}],"wp:attachment":[{"href":"https:\/\/folhadosudeste.com\/site\/index.php?rest_route=%2Fwp%2Fv2%2Fmedia&parent=79806"}],"wp:term":[{"taxonomy":"category","embeddable":true,"href":"https:\/\/folhadosudeste.com\/site\/index.php?rest_route=%2Fwp%2Fv2%2Fcategories&post=79806"},{"taxonomy":"post_tag","embeddable":true,"href":"https:\/\/folhadosudeste.com\/site\/index.php?rest_route=%2Fwp%2Fv2%2Ftags&post=79806"}],"curies":[{"name":"wp","href":"https:\/\/api.w.org\/{rel}","templated":true}]}}