{"id":79810,"date":"2021-12-27T13:56:04","date_gmt":"2021-12-27T13:56:04","guid":{"rendered":"http:\/\/folhadosudeste.com\/site\/?p=79810"},"modified":"2021-12-27T13:56:04","modified_gmt":"2021-12-27T13:56:04","slug":"procon-e-ipem-fiscalizam-supermercados-de-muriae","status":"publish","type":"post","link":"https:\/\/folhadosudeste.com\/site\/?p=79810","title":{"rendered":"Procon e Ipem fiscalizam supermercados de Muria\u00e9"},"content":{"rendered":"<div id=\":74\" class=\"ii gt\">\n<div id=\":73\" class=\"a3s aiL \">\n<div>\n<div>\n<div>\n<p align=\"justify\"><a href=\"http:\/\/folhadosudeste.com\/site\/wp-content\/uploads\/2021\/12\/Procon-mercados-1.png\"><img loading=\"lazy\" decoding=\"async\" class=\"alignnone size-full wp-image-79811\" src=\"http:\/\/folhadosudeste.com\/site\/wp-content\/uploads\/2021\/12\/Procon-mercados-1.png\" alt=\"\" width=\"2048\" height=\"1365\" srcset=\"https:\/\/folhadosudeste.com\/site\/wp-content\/uploads\/2021\/12\/Procon-mercados-1.png 2048w, https:\/\/folhadosudeste.com\/site\/wp-content\/uploads\/2021\/12\/Procon-mercados-1-300x200.png 300w, https:\/\/folhadosudeste.com\/site\/wp-content\/uploads\/2021\/12\/Procon-mercados-1-768x512.png 768w, https:\/\/folhadosudeste.com\/site\/wp-content\/uploads\/2021\/12\/Procon-mercados-1-1024x683.png 1024w, https:\/\/folhadosudeste.com\/site\/wp-content\/uploads\/2021\/12\/Procon-mercados-1-120x80.png 120w, https:\/\/folhadosudeste.com\/site\/wp-content\/uploads\/2021\/12\/Procon-mercados-1-345x230.png 345w\" sizes=\"auto, (max-width: 2048px) 100vw, 2048px\" \/><\/a><\/p>\n<p align=\"justify\">Esta semana, o Procon de Muria\u00e9, juntamente com a Vigil\u00e2ncia Sanit\u00e1ria e o Instituto de Metrologia e Qualidade do Estado de Minas Gerais (Ipem-MG) &#8211; \u00f3rg\u00e3o delegado do Instituto Nacional de Metrologia, Qualidade e Tecnologia (Inmetro), realizaram a\u00e7\u00e3o fiscalizat\u00f3ria integrada em supermercados do Munic\u00edpio.&nbsp;O objetivo foi atender a uma solicita\u00e7\u00e3o da 7\u00aa Promotoria do Minist\u00e9rio P\u00fablico do Estado de Minas Gerais,&nbsp;consistente na verifica\u00e7\u00e3o do cumprimento de normas previstas na Legisla\u00e7\u00e3o consumerista e demais legisla\u00e7\u00f5es aplic\u00e1veis.<\/p>\n<p align=\"justify\">A a\u00e7\u00e3o resultou em apreens\u00e3o e descarte de diversos produtos vencidos e\/ou impr\u00f3prios para o consumo. Al\u00e9m disso, em dois supermercados, as \u00e1reas de manipula\u00e7\u00e3o encontravam-se em p\u00e9ssimo estado de higiene e limpeza, os quais foram interditados pela Vigil\u00e2ncia Sanit\u00e1ria para que se adequassem e voltassem a produzir com seguran\u00e7a para o consumidor.<\/p>\n<p align=\"justify\">Pelo Ipem-MG, 84 balan\u00e7as foram averiguadas, sendo que, 3 balan\u00e7as apresentaram diverg\u00eancias nas pesagens, raz\u00e3o pela qual foram lavradas as respectivas notifica\u00e7\u00f5es para que os estabelecimentos procedam o devido reparo. Al\u00e9m disso, foram realizadas 6 fiscaliza\u00e7\u00f5es da venda do p\u00e3o franc\u00eas, conforme determina a Portaria Inmetro n\u00ba 181, de 21 de Abril de 2021.<\/p>\n<\/div>\n<\/div>\n<\/div>\n<\/div>\n<\/div>\n<p><!--more--><\/p>\n<div id=\":73\" class=\"a3s aiL \">\n<div>\n<div>\n<div>\n<p align=\"justify\">Pelo Procon, em dilig\u00eancia aos supermercados, em 5 deles, foram encontradas diverg\u00eancias nos pre\u00e7os dos produtos entre as prateleiras, encarte e o valor apresentado no caixa, o que fere o disposto nos Arts. 6\u00ba, III e IV, 30, 35 e 37, todos do C\u00f3digo de Defesa do Consumidor (CDC). N\u00e3o bastasse isso, n\u00e3o foram encontrados os exemplares do CDC e a respectiva placa com a informa\u00e7\u00e3o de sua exist\u00eancia no interior do estabelecimento, bem como n\u00e3o foram encontrados informativos acerca do endere\u00e7o e telefone do Procon, sendo certo que tais pr\u00e1ticas infringem o disposto no Art. 1\u00ba, da Lei Federal n\u00ba 12.291\/10 e Art. 1\u00ba da Lei Estadual n\u00ba 11.823\/95.<\/p>\n<p align=\"justify\">Em virtude disso, os supermercados em quest\u00e3o foram notificados para que, no prazo de 10 dias, realizem a adequa\u00e7\u00e3o \u00e0s normas legais, sob pena de lavratura do competente auto de infra\u00e7\u00e3o.<\/p>\n<p align=\"justify\"><a href=\"http:\/\/folhadosudeste.com\/site\/wp-content\/uploads\/2021\/12\/mercado-procon-3.png\"><img loading=\"lazy\" decoding=\"async\" class=\"alignnone size-full wp-image-79812\" src=\"http:\/\/folhadosudeste.com\/site\/wp-content\/uploads\/2021\/12\/mercado-procon-3.png\" alt=\"\" width=\"2048\" height=\"1365\" srcset=\"https:\/\/folhadosudeste.com\/site\/wp-content\/uploads\/2021\/12\/mercado-procon-3.png 2048w, https:\/\/folhadosudeste.com\/site\/wp-content\/uploads\/2021\/12\/mercado-procon-3-300x200.png 300w, https:\/\/folhadosudeste.com\/site\/wp-content\/uploads\/2021\/12\/mercado-procon-3-768x512.png 768w, https:\/\/folhadosudeste.com\/site\/wp-content\/uploads\/2021\/12\/mercado-procon-3-1024x683.png 1024w, https:\/\/folhadosudeste.com\/site\/wp-content\/uploads\/2021\/12\/mercado-procon-3-120x80.png 120w, https:\/\/folhadosudeste.com\/site\/wp-content\/uploads\/2021\/12\/mercado-procon-3-345x230.png 345w\" sizes=\"auto, (max-width: 2048px) 100vw, 2048px\" \/><\/a><\/p>\n<\/div>\n<\/div>\n<\/div>\n<\/div>\n<div id=\":4o\" class=\"hq gt\">&nbsp;<\/div>\n","protected":false},"excerpt":{"rendered":"<p>Esta semana, o Procon de Muria\u00e9, juntamente com a Vigil\u00e2ncia Sanit\u00e1ria e o Instituto de Metrologia e Qualidade do Estado de Minas Gerais (Ipem-MG) &#8211; \u00f3rg\u00e3o delegado do Instituto Nacional de Metrologia, Qualidade e Tecnologia (Inmetro), realizaram a\u00e7\u00e3o fiscalizat\u00f3ria integrada em supermercados do Munic\u00edpio.&nbsp;O objetivo foi atender a uma solicita\u00e7\u00e3o da 7\u00aa Promotoria do Minist\u00e9rio [&hellip;]<\/p>\n","protected":false},"author":6,"featured_media":0,"comment_status":"open","ping_status":"closed","sticky":false,"template":"","format":"standard","meta":{"_joinchat":[],"footnotes":""},"categories":[1],"tags":[],"class_list":["post-79810","post","type-post","status-publish","format-standard","hentry","category-sem-categoria"],"_links":{"self":[{"href":"https:\/\/folhadosudeste.com\/site\/index.php?rest_route=\/wp\/v2\/posts\/79810","targetHints":{"allow":["GET"]}}],"collection":[{"href":"https:\/\/folhadosudeste.com\/site\/index.php?rest_route=\/wp\/v2\/posts"}],"about":[{"href":"https:\/\/folhadosudeste.com\/site\/index.php?rest_route=\/wp\/v2\/types\/post"}],"author":[{"embeddable":true,"href":"https:\/\/folhadosudeste.com\/site\/index.php?rest_route=\/wp\/v2\/users\/6"}],"replies":[{"embeddable":true,"href":"https:\/\/folhadosudeste.com\/site\/index.php?rest_route=%2Fwp%2Fv2%2Fcomments&post=79810"}],"version-history":[{"count":1,"href":"https:\/\/folhadosudeste.com\/site\/index.php?rest_route=\/wp\/v2\/posts\/79810\/revisions"}],"predecessor-version":[{"id":79813,"href":"https:\/\/folhadosudeste.com\/site\/index.php?rest_route=\/wp\/v2\/posts\/79810\/revisions\/79813"}],"wp:attachment":[{"href":"https:\/\/folhadosudeste.com\/site\/index.php?rest_route=%2Fwp%2Fv2%2Fmedia&parent=79810"}],"wp:term":[{"taxonomy":"category","embeddable":true,"href":"https:\/\/folhadosudeste.com\/site\/index.php?rest_route=%2Fwp%2Fv2%2Fcategories&post=79810"},{"taxonomy":"post_tag","embeddable":true,"href":"https:\/\/folhadosudeste.com\/site\/index.php?rest_route=%2Fwp%2Fv2%2Ftags&post=79810"}],"curies":[{"name":"wp","href":"https:\/\/api.w.org\/{rel}","templated":true}]}}