{"id":79822,"date":"2021-12-28T03:04:53","date_gmt":"2021-12-28T03:04:53","guid":{"rendered":"http:\/\/folhadosudeste.com\/site\/?p=79822"},"modified":"2021-12-28T03:04:53","modified_gmt":"2021-12-28T03:04:53","slug":"secretaria-de-desenvolvimento-economico-assume-gestao-do-antigo-sesc-muriae","status":"publish","type":"post","link":"https:\/\/folhadosudeste.com\/site\/?p=79822","title":{"rendered":"Secretaria de Desenvolvimento Econ\u00f4mico assume gest\u00e3o do antigo Sesc Muria\u00e9"},"content":{"rendered":"<div id=\":1j8\" class=\"ii gt\">\n<div id=\":1j9\" class=\"a3s aiL \">\n<div>\n<div>\n<div>\n<div><a href=\"http:\/\/folhadosudeste.com\/site\/wp-content\/uploads\/2021\/12\/IMG_9196.jpg\"><img loading=\"lazy\" decoding=\"async\" class=\"alignnone size-full wp-image-79824\" src=\"http:\/\/folhadosudeste.com\/site\/wp-content\/uploads\/2021\/12\/IMG_9196.jpg\" alt=\"\" width=\"2048\" height=\"1365\" srcset=\"https:\/\/folhadosudeste.com\/site\/wp-content\/uploads\/2021\/12\/IMG_9196.jpg 2048w, https:\/\/folhadosudeste.com\/site\/wp-content\/uploads\/2021\/12\/IMG_9196-300x200.jpg 300w, https:\/\/folhadosudeste.com\/site\/wp-content\/uploads\/2021\/12\/IMG_9196-768x512.jpg 768w, https:\/\/folhadosudeste.com\/site\/wp-content\/uploads\/2021\/12\/IMG_9196-1024x683.jpg 1024w, https:\/\/folhadosudeste.com\/site\/wp-content\/uploads\/2021\/12\/IMG_9196-120x80.jpg 120w, https:\/\/folhadosudeste.com\/site\/wp-content\/uploads\/2021\/12\/IMG_9196-345x230.jpg 345w\" sizes=\"auto, (max-width: 2048px) 100vw, 2048px\" \/><\/a><\/div>\n<div>&nbsp;<\/div>\n<div style=\"text-align: justify;\">A gest\u00e3o do antigo Sesc de Muria\u00e9 est\u00e1 agora sob a responsabilidade da Secretaria Municipal de Desenvolvimento Econ\u00f4mico.<\/div>\n<div style=\"text-align: justify;\">&nbsp;<\/div>\n<div style=\"text-align: justify;\">A passagem de comando da unidade, que antes estava vinculada \u00e0 Secretaria Municipal de Administra\u00e7\u00e3o, foi oficializada na manh\u00e3 desta segunda-feira (27), pelo prefeito Jos\u00e9 Braz.<\/div>\n<div style=\"text-align: justify;\">&nbsp;<\/div>\n<div style=\"text-align: justify;\">A ideia \u00e9 que, a partir de janeiro, o local possa voltar a ser utilizado pela popula\u00e7\u00e3o de Muria\u00e9 de diferentes maneiras &#8211; por exemplo, como local de eventos culturais, \u00e1rea de lazer ou competi\u00e7\u00f5es esportivas.<\/div>\n<\/div>\n<\/div>\n<\/div>\n<\/div>\n<\/div>\n<p><!--more--><\/p>\n<div id=\":1j9\" class=\"a3s aiL \">\n<div>\n<div>\n<div>\n<div style=\"text-align: justify;\">De acordo com o prefeito, a ideia \u00e9 que a unidade possa ser administrado tal qual uma empresa &#8211; ou seja, que al\u00e9m de ser autosustent\u00e1vel, n\u00e3o provoque preju\u00edzos financeiros para o munic\u00edpio.<\/div>\n<\/div>\n<\/div>\n<\/div>\n<\/div>\n<div class=\"yj6qo\" style=\"text-align: justify;\">&nbsp;<\/div>\n<div class=\"yj6qo\" style=\"text-align: justify;\"><a href=\"http:\/\/folhadosudeste.com\/site\/wp-content\/uploads\/2021\/12\/sesc.jpeg\"><img loading=\"lazy\" decoding=\"async\" class=\"alignnone size-full wp-image-79823\" src=\"http:\/\/folhadosudeste.com\/site\/wp-content\/uploads\/2021\/12\/sesc.jpeg\" alt=\"\" width=\"1280\" height=\"720\" srcset=\"https:\/\/folhadosudeste.com\/site\/wp-content\/uploads\/2021\/12\/sesc.jpeg 1280w, https:\/\/folhadosudeste.com\/site\/wp-content\/uploads\/2021\/12\/sesc-300x169.jpeg 300w, https:\/\/folhadosudeste.com\/site\/wp-content\/uploads\/2021\/12\/sesc-768x432.jpeg 768w, https:\/\/folhadosudeste.com\/site\/wp-content\/uploads\/2021\/12\/sesc-1024x576.jpeg 1024w\" sizes=\"auto, (max-width: 1280px) 100vw, 1280px\" \/><\/a><\/div>\n<div id=\":1kn\" class=\"hq gt\" style=\"text-align: justify;\">&nbsp;<\/div>\n","protected":false},"excerpt":{"rendered":"<p>&nbsp; A gest\u00e3o do antigo Sesc de Muria\u00e9 est\u00e1 agora sob a responsabilidade da Secretaria Municipal de Desenvolvimento Econ\u00f4mico. &nbsp; A passagem de comando da unidade, que antes estava vinculada \u00e0 Secretaria Municipal de Administra\u00e7\u00e3o, foi oficializada na manh\u00e3 desta segunda-feira (27), pelo prefeito Jos\u00e9 Braz. &nbsp; A ideia \u00e9 que, a partir de janeiro, [&hellip;]<\/p>\n","protected":false},"author":6,"featured_media":0,"comment_status":"open","ping_status":"closed","sticky":false,"template":"","format":"standard","meta":{"_joinchat":[],"footnotes":""},"categories":[1],"tags":[],"class_list":["post-79822","post","type-post","status-publish","format-standard","hentry","category-sem-categoria"],"_links":{"self":[{"href":"https:\/\/folhadosudeste.com\/site\/index.php?rest_route=\/wp\/v2\/posts\/79822","targetHints":{"allow":["GET"]}}],"collection":[{"href":"https:\/\/folhadosudeste.com\/site\/index.php?rest_route=\/wp\/v2\/posts"}],"about":[{"href":"https:\/\/folhadosudeste.com\/site\/index.php?rest_route=\/wp\/v2\/types\/post"}],"author":[{"embeddable":true,"href":"https:\/\/folhadosudeste.com\/site\/index.php?rest_route=\/wp\/v2\/users\/6"}],"replies":[{"embeddable":true,"href":"https:\/\/folhadosudeste.com\/site\/index.php?rest_route=%2Fwp%2Fv2%2Fcomments&post=79822"}],"version-history":[{"count":1,"href":"https:\/\/folhadosudeste.com\/site\/index.php?rest_route=\/wp\/v2\/posts\/79822\/revisions"}],"predecessor-version":[{"id":79825,"href":"https:\/\/folhadosudeste.com\/site\/index.php?rest_route=\/wp\/v2\/posts\/79822\/revisions\/79825"}],"wp:attachment":[{"href":"https:\/\/folhadosudeste.com\/site\/index.php?rest_route=%2Fwp%2Fv2%2Fmedia&parent=79822"}],"wp:term":[{"taxonomy":"category","embeddable":true,"href":"https:\/\/folhadosudeste.com\/site\/index.php?rest_route=%2Fwp%2Fv2%2Fcategories&post=79822"},{"taxonomy":"post_tag","embeddable":true,"href":"https:\/\/folhadosudeste.com\/site\/index.php?rest_route=%2Fwp%2Fv2%2Ftags&post=79822"}],"curies":[{"name":"wp","href":"https:\/\/api.w.org\/{rel}","templated":true}]}}