{"id":79826,"date":"2021-12-28T03:06:31","date_gmt":"2021-12-28T03:06:31","guid":{"rendered":"http:\/\/folhadosudeste.com\/site\/?p=79826"},"modified":"2021-12-28T03:06:31","modified_gmt":"2021-12-28T03:06:31","slug":"posse-da-mesa-diretora-para-2022-sera-dia-3-de-janeiro","status":"publish","type":"post","link":"https:\/\/folhadosudeste.com\/site\/?p=79826","title":{"rendered":"Posse da Mesa Diretora para 2022 ser\u00e1 dia 3 de janeiro"},"content":{"rendered":"<p><a href=\"http:\/\/folhadosudeste.com\/site\/wp-content\/uploads\/2021\/12\/IMG-20211218-WA0011.jpg\"><img loading=\"lazy\" decoding=\"async\" class=\"alignnone size-full wp-image-79827\" src=\"http:\/\/folhadosudeste.com\/site\/wp-content\/uploads\/2021\/12\/IMG-20211218-WA0011.jpg\" alt=\"\" width=\"1080\" height=\"1080\" srcset=\"https:\/\/folhadosudeste.com\/site\/wp-content\/uploads\/2021\/12\/IMG-20211218-WA0011.jpg 1080w, https:\/\/folhadosudeste.com\/site\/wp-content\/uploads\/2021\/12\/IMG-20211218-WA0011-150x150.jpg 150w, https:\/\/folhadosudeste.com\/site\/wp-content\/uploads\/2021\/12\/IMG-20211218-WA0011-300x300.jpg 300w, https:\/\/folhadosudeste.com\/site\/wp-content\/uploads\/2021\/12\/IMG-20211218-WA0011-768x768.jpg 768w, https:\/\/folhadosudeste.com\/site\/wp-content\/uploads\/2021\/12\/IMG-20211218-WA0011-1024x1024.jpg 1024w\" sizes=\"auto, (max-width: 1080px) 100vw, 1080px\" \/><\/a><\/p>\n<p style=\"text-align: justify;\">A Mesa Diretora que conduzir\u00e1 os trabalhos da C\u00e2mara de Muria\u00e9 em 2022 ser\u00e1 empossada no dia 3 de janeiro (segunda-feira). A cerim\u00f4nia acontecer\u00e1 a partir das 19h, no Plen\u00e1rio da Casa.<\/p>\n<p style=\"text-align: justify;\">A&nbsp;mesa diretiva eleita \u00e9 composta pelos vereadores&nbsp;Waltecy Rodrigues da Costa J\u00fanior \u2013 PL (presidente),&nbsp;Valdinei Lacerda da Silva \u2013 PSD (1\u00ba vice-presidente), Wellington Forim Francisco de Assis Silva \u2013 Solidariedade (2\u00ba vice-presidente), Anderson Oliveira da Silva \u2013 PSD (1\u00ba secret\u00e1rio) e Delson L\u00facio Amaro de Andrade \u2013 Solidariedade (2\u00ba secret\u00e1rio).<\/p>\n<p style=\"text-align: justify;\">A solenidade ser\u00e1 transmitida ao vivo pelo canal da C\u00e2mara no YouTube\/<wbr>camaramunicipaldemuriae.<\/p>\n<p><!--more--><\/p>\n<p><a href=\"http:\/\/folhadosudeste.com\/site\/wp-content\/uploads\/2021\/12\/Chapa-eleita-para-2022.jpg\"><img loading=\"lazy\" decoding=\"async\" class=\"alignnone size-full wp-image-79828\" src=\"http:\/\/folhadosudeste.com\/site\/wp-content\/uploads\/2021\/12\/Chapa-eleita-para-2022.jpg\" alt=\"\" width=\"1500\" height=\"933\" srcset=\"https:\/\/folhadosudeste.com\/site\/wp-content\/uploads\/2021\/12\/Chapa-eleita-para-2022.jpg 1500w, https:\/\/folhadosudeste.com\/site\/wp-content\/uploads\/2021\/12\/Chapa-eleita-para-2022-300x187.jpg 300w, https:\/\/folhadosudeste.com\/site\/wp-content\/uploads\/2021\/12\/Chapa-eleita-para-2022-768x478.jpg 768w, https:\/\/folhadosudeste.com\/site\/wp-content\/uploads\/2021\/12\/Chapa-eleita-para-2022-1024x637.jpg 1024w\" sizes=\"auto, (max-width: 1500px) 100vw, 1500px\" \/><\/a><\/p>\n<div style=\"text-align: justify;\">&nbsp;<\/div>\n<p style=\"text-align: justify;\">&nbsp;<\/p>\n","protected":false},"excerpt":{"rendered":"<p>A Mesa Diretora que conduzir\u00e1 os trabalhos da C\u00e2mara de Muria\u00e9 em 2022 ser\u00e1 empossada no dia 3 de janeiro (segunda-feira). A cerim\u00f4nia acontecer\u00e1 a partir das 19h, no Plen\u00e1rio da Casa. A&nbsp;mesa diretiva eleita \u00e9 composta pelos vereadores&nbsp;Waltecy Rodrigues da Costa J\u00fanior \u2013 PL (presidente),&nbsp;Valdinei Lacerda da Silva \u2013 PSD (1\u00ba vice-presidente), Wellington Forim [&hellip;]<\/p>\n","protected":false},"author":6,"featured_media":0,"comment_status":"open","ping_status":"closed","sticky":false,"template":"","format":"standard","meta":{"_joinchat":[],"footnotes":""},"categories":[1],"tags":[],"class_list":["post-79826","post","type-post","status-publish","format-standard","hentry","category-sem-categoria"],"_links":{"self":[{"href":"https:\/\/folhadosudeste.com\/site\/index.php?rest_route=\/wp\/v2\/posts\/79826","targetHints":{"allow":["GET"]}}],"collection":[{"href":"https:\/\/folhadosudeste.com\/site\/index.php?rest_route=\/wp\/v2\/posts"}],"about":[{"href":"https:\/\/folhadosudeste.com\/site\/index.php?rest_route=\/wp\/v2\/types\/post"}],"author":[{"embeddable":true,"href":"https:\/\/folhadosudeste.com\/site\/index.php?rest_route=\/wp\/v2\/users\/6"}],"replies":[{"embeddable":true,"href":"https:\/\/folhadosudeste.com\/site\/index.php?rest_route=%2Fwp%2Fv2%2Fcomments&post=79826"}],"version-history":[{"count":1,"href":"https:\/\/folhadosudeste.com\/site\/index.php?rest_route=\/wp\/v2\/posts\/79826\/revisions"}],"predecessor-version":[{"id":79829,"href":"https:\/\/folhadosudeste.com\/site\/index.php?rest_route=\/wp\/v2\/posts\/79826\/revisions\/79829"}],"wp:attachment":[{"href":"https:\/\/folhadosudeste.com\/site\/index.php?rest_route=%2Fwp%2Fv2%2Fmedia&parent=79826"}],"wp:term":[{"taxonomy":"category","embeddable":true,"href":"https:\/\/folhadosudeste.com\/site\/index.php?rest_route=%2Fwp%2Fv2%2Fcategories&post=79826"},{"taxonomy":"post_tag","embeddable":true,"href":"https:\/\/folhadosudeste.com\/site\/index.php?rest_route=%2Fwp%2Fv2%2Ftags&post=79826"}],"curies":[{"name":"wp","href":"https:\/\/api.w.org\/{rel}","templated":true}]}}