{"id":80246,"date":"2022-02-08T16:49:24","date_gmt":"2022-02-08T16:49:24","guid":{"rendered":"http:\/\/folhadosudeste.com\/site\/?p=80246"},"modified":"2022-02-08T16:50:33","modified_gmt":"2022-02-08T16:50:33","slug":"parlamentares-cobram-nomeacao-de-concursados-da-pm","status":"publish","type":"post","link":"https:\/\/folhadosudeste.com\/site\/?p=80246","title":{"rendered":"Parlamentares cobram nomea\u00e7\u00e3o de concursados da PM"},"content":{"rendered":"<p><a href=\"http:\/\/folhadosudeste.com\/site\/wp-content\/uploads\/2022\/02\/1617841.jpg\"><img loading=\"lazy\" decoding=\"async\" class=\"alignnone wp-image-80248\" src=\"http:\/\/folhadosudeste.com\/site\/wp-content\/uploads\/2022\/02\/1617841.jpg\" alt=\"\" width=\"994\" height=\"663\" srcset=\"https:\/\/folhadosudeste.com\/site\/wp-content\/uploads\/2022\/02\/1617841.jpg 640w, https:\/\/folhadosudeste.com\/site\/wp-content\/uploads\/2022\/02\/1617841-300x200.jpg 300w, https:\/\/folhadosudeste.com\/site\/wp-content\/uploads\/2022\/02\/1617841-120x80.jpg 120w, https:\/\/folhadosudeste.com\/site\/wp-content\/uploads\/2022\/02\/1617841-345x230.jpg 345w\" sizes=\"auto, (max-width: 994px) 100vw, 994px\" \/><\/a><\/p>\n<p><em>Comandante da Pol\u00edcia Militar foi cobrado por deputados em reuni\u00e3o realizada em dezembro &#8211; Arquivo ALMG &#8211; Foto:Daniel Protzner<\/em><\/p>\n<p>A cobran\u00e7a de recomposi\u00e7\u00e3o do efetivo da Pol\u00edcia Militar de Minas Gerais (PMMG) foi tema de audi\u00eancia p\u00fablica da Comiss\u00e3o de Seguran\u00e7a P\u00fablica da Assembleia Legislativa de Minas Gerais (ALMG), nesta ter\u00e7a-feira (8\/2\/22).<\/p>\n<p>A reuni\u00e3o aconteceu no Audit\u00f3rio Jos\u00e9 Alencar, na ALMG, as 9h30. Em raz\u00e3o dos protocolos de seguran\u00e7a adotados por causa da pandemia de Covid-19, o debate entre os convidados aconteceu por meio de videoconfer\u00eancia, sendo transmitido pela TV Assembleia.<\/p>\n<p><!--more--><\/p>\n<p>O requerimento para realiza\u00e7\u00e3o da reuni\u00e3o \u00e9 de autoria do presidente da comiss\u00e3o, deputado Sargento Rodrigues (PTB), da vice-presidente, deputada Delegada Sheila(PSL), e dos deputados Bruno Engler (PRTB), Coronel Sandro (PSL), Delegado Heli Grilo (PSL) e Jo\u00e3o Leite (PSDB).<\/p>\n<p>No requerimento, os parlamentares ressaltam que, segundo dados apresentados no \u00faltimo Assembleia Fiscaliza, a Pol\u00edcia Militar registra hoje 38.097 militares, quando deveria contar com 51.669, conforme o disposto na Lei 22.415, de 2016, que fixa os efetivos da PMMG e do Corpo de Bombeiros Militar de Minas Gerais (CBMMG) e d\u00e1 outras provid\u00eancias.<\/p>\n<p>Para corrigir essa situa\u00e7\u00e3o, os integrantes da comiss\u00e3o de Seguran\u00e7a P\u00fablica cobram a convoca\u00e7\u00e3o dos excedentes de concurso p\u00fablico de soldado da Pol\u00edcia Militar.<\/p>\n<p>O Assembleia Fiscaliza \u00e9 uma s\u00e9rie de encontros peri\u00f3dicos entre parlamentares e integrantes do Poder Executivo, com objetivo de avaliar a presta\u00e7\u00e3o de contas dos \u00f3rg\u00e3os governamentais.<\/p>\n<p>Durante o \u00faltimo encontro do Assembleia Fiscaliza realizado em 2 de dezembro de 2021, diversos deputados cobraram um cronograma para resolver o deficit de efetivo na seguran\u00e7a p\u00fablica.<\/p>\n<p>Na ocasi\u00e3o, o comandante da Pol\u00edcia Militar, coronel Rodrigo Sousa Rodrigues, disse que a institui\u00e7\u00e3o incorporou 2.120 militares entre 2019 e 2021, acrescentando que a expectativa era de nomea\u00e7\u00e3o de outros 1.877 em 2022. Ele admitiu, no entanto, que a necessidade de pessoal est\u00e1 acima desses n\u00fameros.<\/p>\n<p>Naquela reuni\u00e3o, o coronel afirmou que a corpora\u00e7\u00e3o tem discutido com o governo um projeto de reposi\u00e7\u00e3o dos quadros da PMMG de forma que sejam incorporados 2.400 novos policiais por ano. Esse projeto seria planejado para 20 ou 30 anos.<\/p>\n<p>Para a reuni\u00e3o foi confirmada a participa\u00e7\u00e3o do chefe da Primeira Se\u00e7\u00e3o do Estado Maior da Pol\u00edcia Militar de Minas Gerais, tenente-coronel PM Maur\u00edcio Jos\u00e9 de Oliveira, representando o comandante da corpora\u00e7\u00e3o.<\/p>\n<p>Tamb\u00e9m foi convidada a secret\u00e1ria de Estado de Planejamento e Gest\u00e3o, Luisa Barreto, o deputado federal J\u00fanio Amaral (PSL-MG), assim como integrantes de diversas entidades que representam os servidores da \u00e1rea de seguran\u00e7a p\u00fablica.<\/p>\n<p>Fonte: Assessoria de Imprensa da ALMG<\/p>\n<p>&nbsp;<\/p>\n<div class=\"gs\">\n<div class=\"\">\n<div id=\":pq\" class=\"ii gt\">\n<div id=\":pp\" class=\"a3s aiL \">\n<div dir=\"ltr\">\n<div dir=\"ltr\">\n<div>\n<p>&nbsp;<\/p>\n<\/div>\n<\/div>\n<\/div>\n<div class=\"yj6qo\">&nbsp;<\/div>\n<div class=\"adL\">&nbsp;<\/div>\n<\/div>\n<\/div>\n<div id=\":pf\" class=\"hq gt a10\">\n<div class=\"hp\">&nbsp;<\/div>\n<div class=\"a3I\">&nbsp;<\/div>\n<div id=\":qi\">&nbsp;<\/div>\n<div id=\":rs\" class=\"aQH\">\n<div class=\"aZK\">&nbsp;<\/div>\n<\/div>\n<\/div>\n<div class=\"hi\">&nbsp;<\/div>\n<\/div>\n<\/div>\n<p>&nbsp;<\/p>\n<p>&nbsp;<\/p>\n","protected":false},"excerpt":{"rendered":"<p>Comandante da Pol\u00edcia Militar foi cobrado por deputados em reuni\u00e3o realizada em dezembro &#8211; Arquivo ALMG &#8211; Foto:Daniel Protzner A cobran\u00e7a de recomposi\u00e7\u00e3o do efetivo da Pol\u00edcia Militar de Minas Gerais (PMMG) foi tema de audi\u00eancia p\u00fablica da Comiss\u00e3o de Seguran\u00e7a P\u00fablica da Assembleia Legislativa de Minas Gerais (ALMG), nesta ter\u00e7a-feira (8\/2\/22). A reuni\u00e3o aconteceu [&hellip;]<\/p>\n","protected":false},"author":6,"featured_media":0,"comment_status":"open","ping_status":"closed","sticky":false,"template":"","format":"standard","meta":{"_joinchat":[],"footnotes":""},"categories":[1],"tags":[],"class_list":["post-80246","post","type-post","status-publish","format-standard","hentry","category-sem-categoria"],"_links":{"self":[{"href":"https:\/\/folhadosudeste.com\/site\/index.php?rest_route=\/wp\/v2\/posts\/80246","targetHints":{"allow":["GET"]}}],"collection":[{"href":"https:\/\/folhadosudeste.com\/site\/index.php?rest_route=\/wp\/v2\/posts"}],"about":[{"href":"https:\/\/folhadosudeste.com\/site\/index.php?rest_route=\/wp\/v2\/types\/post"}],"author":[{"embeddable":true,"href":"https:\/\/folhadosudeste.com\/site\/index.php?rest_route=\/wp\/v2\/users\/6"}],"replies":[{"embeddable":true,"href":"https:\/\/folhadosudeste.com\/site\/index.php?rest_route=%2Fwp%2Fv2%2Fcomments&post=80246"}],"version-history":[{"count":2,"href":"https:\/\/folhadosudeste.com\/site\/index.php?rest_route=\/wp\/v2\/posts\/80246\/revisions"}],"predecessor-version":[{"id":80250,"href":"https:\/\/folhadosudeste.com\/site\/index.php?rest_route=\/wp\/v2\/posts\/80246\/revisions\/80250"}],"wp:attachment":[{"href":"https:\/\/folhadosudeste.com\/site\/index.php?rest_route=%2Fwp%2Fv2%2Fmedia&parent=80246"}],"wp:term":[{"taxonomy":"category","embeddable":true,"href":"https:\/\/folhadosudeste.com\/site\/index.php?rest_route=%2Fwp%2Fv2%2Fcategories&post=80246"},{"taxonomy":"post_tag","embeddable":true,"href":"https:\/\/folhadosudeste.com\/site\/index.php?rest_route=%2Fwp%2Fv2%2Ftags&post=80246"}],"curies":[{"name":"wp","href":"https:\/\/api.w.org\/{rel}","templated":true}]}}