{"id":80309,"date":"2022-02-09T20:24:29","date_gmt":"2022-02-09T20:24:29","guid":{"rendered":"http:\/\/folhadosudeste.com\/site\/?p=80309"},"modified":"2022-02-09T20:24:29","modified_gmt":"2022-02-09T20:24:29","slug":"rotativo-suspenso","status":"publish","type":"post","link":"https:\/\/folhadosudeste.com\/site\/?p=80309","title":{"rendered":"Rotativo Suspenso"},"content":{"rendered":"<p><a href=\"http:\/\/folhadosudeste.com\/site\/wp-content\/uploads\/2022\/02\/ed193b70-6ccb-42df-9c42-a1116b5a0fce.jpg\"><img loading=\"lazy\" decoding=\"async\" class=\"alignnone size-full wp-image-80310\" src=\"http:\/\/folhadosudeste.com\/site\/wp-content\/uploads\/2022\/02\/ed193b70-6ccb-42df-9c42-a1116b5a0fce.jpg\" alt=\"\" width=\"1120\" height=\"1120\" srcset=\"https:\/\/folhadosudeste.com\/site\/wp-content\/uploads\/2022\/02\/ed193b70-6ccb-42df-9c42-a1116b5a0fce.jpg 1120w, https:\/\/folhadosudeste.com\/site\/wp-content\/uploads\/2022\/02\/ed193b70-6ccb-42df-9c42-a1116b5a0fce-150x150.jpg 150w, https:\/\/folhadosudeste.com\/site\/wp-content\/uploads\/2022\/02\/ed193b70-6ccb-42df-9c42-a1116b5a0fce-300x300.jpg 300w, https:\/\/folhadosudeste.com\/site\/wp-content\/uploads\/2022\/02\/ed193b70-6ccb-42df-9c42-a1116b5a0fce-768x768.jpg 768w, https:\/\/folhadosudeste.com\/site\/wp-content\/uploads\/2022\/02\/ed193b70-6ccb-42df-9c42-a1116b5a0fce-1024x1024.jpg 1024w\" sizes=\"auto, (max-width: 1120px) 100vw, 1120px\" \/><\/a><\/p>\n<p>Em raz\u00e3o da enchente, a Prefeitura de Muria\u00e9 (atrav\u00e9s das secretarias municipais ds Administra\u00e7\u00e3o e Governo) SUSPENDEU a cobran\u00e7a do Rotativo na Avenida Monteiro de Castro, na Rua Benedito Valadares e na Rua Get\u00falio Vargas. A suspens\u00e3o vale inicialmente at\u00e9 o dia 10 de fevereiro, podendo ser prorrogada caso seja necess\u00e1rio.<\/p>\n<p>&nbsp;<\/p>\n","protected":false},"excerpt":{"rendered":"<p>Em raz\u00e3o da enchente, a Prefeitura de Muria\u00e9 (atrav\u00e9s das secretarias municipais ds Administra\u00e7\u00e3o e Governo) SUSPENDEU a cobran\u00e7a do Rotativo na Avenida Monteiro de Castro, na Rua Benedito Valadares e na Rua Get\u00falio Vargas. A suspens\u00e3o vale inicialmente at\u00e9 o dia 10 de fevereiro, podendo ser prorrogada caso seja necess\u00e1rio. &nbsp;<\/p>\n","protected":false},"author":6,"featured_media":0,"comment_status":"open","ping_status":"closed","sticky":false,"template":"","format":"standard","meta":{"_joinchat":[],"footnotes":""},"categories":[1],"tags":[],"class_list":["post-80309","post","type-post","status-publish","format-standard","hentry","category-sem-categoria"],"_links":{"self":[{"href":"https:\/\/folhadosudeste.com\/site\/index.php?rest_route=\/wp\/v2\/posts\/80309","targetHints":{"allow":["GET"]}}],"collection":[{"href":"https:\/\/folhadosudeste.com\/site\/index.php?rest_route=\/wp\/v2\/posts"}],"about":[{"href":"https:\/\/folhadosudeste.com\/site\/index.php?rest_route=\/wp\/v2\/types\/post"}],"author":[{"embeddable":true,"href":"https:\/\/folhadosudeste.com\/site\/index.php?rest_route=\/wp\/v2\/users\/6"}],"replies":[{"embeddable":true,"href":"https:\/\/folhadosudeste.com\/site\/index.php?rest_route=%2Fwp%2Fv2%2Fcomments&post=80309"}],"version-history":[{"count":1,"href":"https:\/\/folhadosudeste.com\/site\/index.php?rest_route=\/wp\/v2\/posts\/80309\/revisions"}],"predecessor-version":[{"id":80311,"href":"https:\/\/folhadosudeste.com\/site\/index.php?rest_route=\/wp\/v2\/posts\/80309\/revisions\/80311"}],"wp:attachment":[{"href":"https:\/\/folhadosudeste.com\/site\/index.php?rest_route=%2Fwp%2Fv2%2Fmedia&parent=80309"}],"wp:term":[{"taxonomy":"category","embeddable":true,"href":"https:\/\/folhadosudeste.com\/site\/index.php?rest_route=%2Fwp%2Fv2%2Fcategories&post=80309"},{"taxonomy":"post_tag","embeddable":true,"href":"https:\/\/folhadosudeste.com\/site\/index.php?rest_route=%2Fwp%2Fv2%2Ftags&post=80309"}],"curies":[{"name":"wp","href":"https:\/\/api.w.org\/{rel}","templated":true}]}}