{"id":80312,"date":"2022-02-10T14:16:03","date_gmt":"2022-02-10T14:16:03","guid":{"rendered":"http:\/\/folhadosudeste.com\/site\/?p=80312"},"modified":"2022-02-10T14:16:03","modified_gmt":"2022-02-10T14:16:03","slug":"idoso-comemora-121-anos-com-bolo-o-terror-do-inss","status":"publish","type":"post","link":"https:\/\/folhadosudeste.com\/site\/?p=80312","title":{"rendered":"Idoso comemora 121 anos com bolo: \u201cO terror do INSS\u201d"},"content":{"rendered":"<p><a href=\"http:\/\/folhadosudeste.com\/site\/wp-content\/uploads\/2022\/02\/6e8e2ff5-63b6-4d88-ad5f-f3c4be2cf0b2.jpg\"><img loading=\"lazy\" decoding=\"async\" class=\"alignnone size-full wp-image-80313\" src=\"http:\/\/folhadosudeste.com\/site\/wp-content\/uploads\/2022\/02\/6e8e2ff5-63b6-4d88-ad5f-f3c4be2cf0b2.jpg\" alt=\"\" width=\"1000\" height=\"519\" srcset=\"https:\/\/folhadosudeste.com\/site\/wp-content\/uploads\/2022\/02\/6e8e2ff5-63b6-4d88-ad5f-f3c4be2cf0b2.jpg 1000w, https:\/\/folhadosudeste.com\/site\/wp-content\/uploads\/2022\/02\/6e8e2ff5-63b6-4d88-ad5f-f3c4be2cf0b2-300x156.jpg 300w, https:\/\/folhadosudeste.com\/site\/wp-content\/uploads\/2022\/02\/6e8e2ff5-63b6-4d88-ad5f-f3c4be2cf0b2-768x399.jpg 768w\" sizes=\"auto, (max-width: 1000px) 100vw, 1000px\" \/><\/a><\/p>\n<p>N\u00e3o perde a piada! Seu Andrelino completou 121 anos de idade e, para celebrar a vida, a neta Janaina encomendou um bolo tem\u00e1tico que \u00e9 a cara do av\u00f4: muito bem-humorado. O aposentado nasceu no dia 3 de fevereiro de 1901, em Anicuns, Goi\u00e1s e, atualmente, mora em Aparecida de Goi\u00e2nia.<\/p>\n<p>Segundo Janaina, a inspira\u00e7\u00e3o para o tema do bolo veio da internet. Andrelino foi casado e teve 7 filhos, sendo que 5 est\u00e3o vivos, tamb\u00e9m tem 13 netos, 16 bisnetos e um tataraneto. \u201cEle \u00e9 l\u00facido, ativo, faz a comidinha dele, cuida das coisinhas dele. Adora forr\u00f3\u201d, afirmou a neta ao G1.<\/p>\n<p>Sim, de acordo com o RG do seu Andrelino que foi divulgado pela Janaina, ele tem 121 anos .A criatividade do brasileiro \u00e9 TUDO!<\/p>\n<p><!--more--><\/p>\n","protected":false},"excerpt":{"rendered":"<p>N\u00e3o perde a piada! Seu Andrelino completou 121 anos de idade e, para celebrar a vida, a neta Janaina encomendou um bolo tem\u00e1tico que \u00e9 a cara do av\u00f4: muito bem-humorado. O aposentado nasceu no dia 3 de fevereiro de 1901, em Anicuns, Goi\u00e1s e, atualmente, mora em Aparecida de Goi\u00e2nia. Segundo Janaina, a inspira\u00e7\u00e3o [&hellip;]<\/p>\n","protected":false},"author":6,"featured_media":0,"comment_status":"open","ping_status":"closed","sticky":false,"template":"","format":"standard","meta":{"_joinchat":[],"footnotes":""},"categories":[1],"tags":[],"class_list":["post-80312","post","type-post","status-publish","format-standard","hentry","category-sem-categoria"],"_links":{"self":[{"href":"https:\/\/folhadosudeste.com\/site\/index.php?rest_route=\/wp\/v2\/posts\/80312","targetHints":{"allow":["GET"]}}],"collection":[{"href":"https:\/\/folhadosudeste.com\/site\/index.php?rest_route=\/wp\/v2\/posts"}],"about":[{"href":"https:\/\/folhadosudeste.com\/site\/index.php?rest_route=\/wp\/v2\/types\/post"}],"author":[{"embeddable":true,"href":"https:\/\/folhadosudeste.com\/site\/index.php?rest_route=\/wp\/v2\/users\/6"}],"replies":[{"embeddable":true,"href":"https:\/\/folhadosudeste.com\/site\/index.php?rest_route=%2Fwp%2Fv2%2Fcomments&post=80312"}],"version-history":[{"count":1,"href":"https:\/\/folhadosudeste.com\/site\/index.php?rest_route=\/wp\/v2\/posts\/80312\/revisions"}],"predecessor-version":[{"id":80314,"href":"https:\/\/folhadosudeste.com\/site\/index.php?rest_route=\/wp\/v2\/posts\/80312\/revisions\/80314"}],"wp:attachment":[{"href":"https:\/\/folhadosudeste.com\/site\/index.php?rest_route=%2Fwp%2Fv2%2Fmedia&parent=80312"}],"wp:term":[{"taxonomy":"category","embeddable":true,"href":"https:\/\/folhadosudeste.com\/site\/index.php?rest_route=%2Fwp%2Fv2%2Fcategories&post=80312"},{"taxonomy":"post_tag","embeddable":true,"href":"https:\/\/folhadosudeste.com\/site\/index.php?rest_route=%2Fwp%2Fv2%2Ftags&post=80312"}],"curies":[{"name":"wp","href":"https:\/\/api.w.org\/{rel}","templated":true}]}}