{"id":80324,"date":"2022-02-11T16:17:00","date_gmt":"2022-02-11T16:17:00","guid":{"rendered":"http:\/\/folhadosudeste.com\/site\/?p=80324"},"modified":"2022-02-11T16:23:55","modified_gmt":"2022-02-11T16:23:55","slug":"decretada-situacao-de-emergencia-nas-areas-do-municipio-de-muriae","status":"publish","type":"post","link":"https:\/\/folhadosudeste.com\/site\/?p=80324","title":{"rendered":"Decretada situa\u00e7\u00e3o de Emerg\u00eancia nas \u00e1reas do Municipio de Muria\u00e9"},"content":{"rendered":"<p><a href=\"http:\/\/folhadosudeste.com\/site\/wp-content\/uploads\/2022\/02\/b46af584-8a9e-4e56-8173-382f1e42e35b.jpg\"><img loading=\"lazy\" decoding=\"async\" class=\"alignnone size-full wp-image-80325\" src=\"http:\/\/folhadosudeste.com\/site\/wp-content\/uploads\/2022\/02\/b46af584-8a9e-4e56-8173-382f1e42e35b.jpg\" alt=\"\" width=\"1080\" height=\"1054\" srcset=\"https:\/\/folhadosudeste.com\/site\/wp-content\/uploads\/2022\/02\/b46af584-8a9e-4e56-8173-382f1e42e35b.jpg 1080w, https:\/\/folhadosudeste.com\/site\/wp-content\/uploads\/2022\/02\/b46af584-8a9e-4e56-8173-382f1e42e35b-300x293.jpg 300w, https:\/\/folhadosudeste.com\/site\/wp-content\/uploads\/2022\/02\/b46af584-8a9e-4e56-8173-382f1e42e35b-768x750.jpg 768w, https:\/\/folhadosudeste.com\/site\/wp-content\/uploads\/2022\/02\/b46af584-8a9e-4e56-8173-382f1e42e35b-1024x999.jpg 1024w\" sizes=\"auto, (max-width: 1080px) 100vw, 1080px\" \/><\/a><\/p>\n<p>Jos\u00e9 Braz prefeito da cidade de Muria\u00e9&nbsp; publicou nesta quarta-feira (9) em suas redes sociais o Decreto n\u00ba 10.928&nbsp; que estabelece situa\u00e7\u00e3o de emerg\u00eancia nas \u00e1reas do munic\u00edpio.<\/p>\n<p>&#8220;Venho comunicar que atrav\u00e9s do Decreto n\u00ba 10.928, publicado nesta quarta-feira (09), nosso munic\u00edpio foi declarado em situa\u00e7\u00e3o de emerg\u00eancia nas \u00e1reas causada por tempestade local e chuvas intensas as quais atingem todo territ\u00f3rio do munic\u00edpio desde 08 de Fevereiro de 2022, causando inunda\u00e7\u00f5es, dificultando o acesso dos transportes e locomo\u00e7\u00e3o da popula\u00e7\u00e3o, ficando em estado de alagamento diversos locais do munic\u00edpio.<\/p>\n<p><!--more--><\/p>\n<div class=\"cxmmr5t8 oygrvhab hcukyx3x c1et5uql o9v6fnle ii04i59q\">\n<div dir=\"auto\">Devido ao grande volume de chuva nas \u00faltimas horas, a Secretaria Municipal de Desenvolvimento Social mobilizou toda equipe t\u00e9cnica para cadastrar as fam\u00edlias atingidas e fazer o levantamento das necessidades emergenciais, al\u00e9m de promover a distribui\u00e7\u00e3o de quentinhas nos bairros atingidos utilizando, quando necess\u00e1rio, barcos em locais de dif\u00edcil acesso.Tamb\u00e9m foram entregues kits de higiene e limpeza \u00e0s fam\u00edlias residentes nas \u00e1reas atingidas pelas cheias.Agradecemos imensamente a parceria do Corpo de Bombeiro, Pol\u00edcia Militar e Defesa Civil.&#8221; Disse o prefeito Jos\u00e9 Braz&nbsp;<\/div>\n<\/div>\n<p>&nbsp; &nbsp;<\/p>\n","protected":false},"excerpt":{"rendered":"<p>Jos\u00e9 Braz prefeito da cidade de Muria\u00e9&nbsp; publicou nesta quarta-feira (9) em suas redes sociais o Decreto n\u00ba 10.928&nbsp; que estabelece situa\u00e7\u00e3o de emerg\u00eancia nas \u00e1reas do munic\u00edpio. &#8220;Venho comunicar que atrav\u00e9s do Decreto n\u00ba 10.928, publicado nesta quarta-feira (09), nosso munic\u00edpio foi declarado em situa\u00e7\u00e3o de emerg\u00eancia nas \u00e1reas causada por tempestade local e [&hellip;]<\/p>\n","protected":false},"author":6,"featured_media":0,"comment_status":"open","ping_status":"closed","sticky":false,"template":"","format":"standard","meta":{"_joinchat":[],"footnotes":""},"categories":[1],"tags":[],"class_list":["post-80324","post","type-post","status-publish","format-standard","hentry","category-sem-categoria"],"_links":{"self":[{"href":"https:\/\/folhadosudeste.com\/site\/index.php?rest_route=\/wp\/v2\/posts\/80324","targetHints":{"allow":["GET"]}}],"collection":[{"href":"https:\/\/folhadosudeste.com\/site\/index.php?rest_route=\/wp\/v2\/posts"}],"about":[{"href":"https:\/\/folhadosudeste.com\/site\/index.php?rest_route=\/wp\/v2\/types\/post"}],"author":[{"embeddable":true,"href":"https:\/\/folhadosudeste.com\/site\/index.php?rest_route=\/wp\/v2\/users\/6"}],"replies":[{"embeddable":true,"href":"https:\/\/folhadosudeste.com\/site\/index.php?rest_route=%2Fwp%2Fv2%2Fcomments&post=80324"}],"version-history":[{"count":3,"href":"https:\/\/folhadosudeste.com\/site\/index.php?rest_route=\/wp\/v2\/posts\/80324\/revisions"}],"predecessor-version":[{"id":80328,"href":"https:\/\/folhadosudeste.com\/site\/index.php?rest_route=\/wp\/v2\/posts\/80324\/revisions\/80328"}],"wp:attachment":[{"href":"https:\/\/folhadosudeste.com\/site\/index.php?rest_route=%2Fwp%2Fv2%2Fmedia&parent=80324"}],"wp:term":[{"taxonomy":"category","embeddable":true,"href":"https:\/\/folhadosudeste.com\/site\/index.php?rest_route=%2Fwp%2Fv2%2Fcategories&post=80324"},{"taxonomy":"post_tag","embeddable":true,"href":"https:\/\/folhadosudeste.com\/site\/index.php?rest_route=%2Fwp%2Fv2%2Ftags&post=80324"}],"curies":[{"name":"wp","href":"https:\/\/api.w.org\/{rel}","templated":true}]}}