{"id":80362,"date":"2022-02-14T17:11:41","date_gmt":"2022-02-14T17:11:41","guid":{"rendered":"http:\/\/folhadosudeste.com\/site\/?p=80362"},"modified":"2022-02-14T17:11:41","modified_gmt":"2022-02-14T17:11:41","slug":"prefeitura-de-leopoldina-decreta-situacao-de-emergencia-em-razao-das-fortes-chuvas-do-fim-de-semana","status":"publish","type":"post","link":"https:\/\/folhadosudeste.com\/site\/?p=80362","title":{"rendered":"Prefeitura de Leopoldina decreta situa\u00e7\u00e3o de emerg\u00eancia em raz\u00e3o das fortes chuvas do fim de semana"},"content":{"rendered":"<p><a href=\"http:\/\/folhadosudeste.com\/site\/wp-content\/uploads\/2022\/02\/75859819-5bc3-47d2-9aff-c255cbf69ab0.jpg\"><img loading=\"lazy\" decoding=\"async\" class=\"alignnone size-full wp-image-80363\" src=\"http:\/\/folhadosudeste.com\/site\/wp-content\/uploads\/2022\/02\/75859819-5bc3-47d2-9aff-c255cbf69ab0.jpg\" alt=\"\" width=\"1600\" height=\"1200\" srcset=\"https:\/\/folhadosudeste.com\/site\/wp-content\/uploads\/2022\/02\/75859819-5bc3-47d2-9aff-c255cbf69ab0.jpg 1600w, https:\/\/folhadosudeste.com\/site\/wp-content\/uploads\/2022\/02\/75859819-5bc3-47d2-9aff-c255cbf69ab0-300x225.jpg 300w, https:\/\/folhadosudeste.com\/site\/wp-content\/uploads\/2022\/02\/75859819-5bc3-47d2-9aff-c255cbf69ab0-768x576.jpg 768w, https:\/\/folhadosudeste.com\/site\/wp-content\/uploads\/2022\/02\/75859819-5bc3-47d2-9aff-c255cbf69ab0-1024x768.jpg 1024w\" sizes=\"auto, (max-width: 1600px) 100vw, 1600px\" \/><\/a><\/p>\n<p>A Prefeitura de Leopoldina, em virtude de in\u00fameros deslizamentos, quedas de barreiras, &nbsp;enxurradas e alagamentos ocasionados sobretudo pela tromba d&#8217;\u00e1gua do \u00faltimo s\u00e1bado (12), afetando de forma grave a \u00e1rea rural, declarou, situa\u00e7\u00e3o de emerg\u00eancia.&nbsp;<\/p>\n<p>O Decreto, assinado pelo Prefeito Pedro Augusto Junqueira Ferraz, na manh\u00e3 desta segunda-feira (14), estabelece uma s\u00e9rie de medidas, como autoriza\u00e7\u00e3o para mobiliza\u00e7\u00e3o de todos os \u00f3rg\u00e3os municipais para atuarem sob a coordena\u00e7\u00e3o das secretaria de Servi\u00e7os Urbanos, Assist\u00eancia Social e Defesa Civil nas a\u00e7\u00f5es de resposta ao desastre e reabilita\u00e7\u00e3o do cen\u00e1rio e reconstru\u00e7\u00e3o p\u00fablica.<\/p>\n<p><!--more--><\/p>\n<p>&#8221; Estaremos juntos de nossa popula\u00e7\u00e3o. N\u00e3o vamos descansar at\u00e9 que o distrito Ribeiro Junqueira e outros pontos cr\u00edticos da zona rural esteja em ordem.&nbsp; Nossas equipes est\u00e3o mobilizadas e motivadas para atender as pessoas &nbsp;que precisam de ajuda.&nbsp; Vamos ainda em busca de apoio do Governo do Estado para agilizar os trabalhos de recupera\u00e7\u00e3o das \u00e1reas afetadas pela chuva&#8221;. Disse o prefeito.<\/p>\n<p>Prefeitura de Leopoldina: Plantando Trabalho e Colhendo Desenvolvimento<\/p>\n","protected":false},"excerpt":{"rendered":"<p>A Prefeitura de Leopoldina, em virtude de in\u00fameros deslizamentos, quedas de barreiras, &nbsp;enxurradas e alagamentos ocasionados sobretudo pela tromba d&#8217;\u00e1gua do \u00faltimo s\u00e1bado (12), afetando de forma grave a \u00e1rea rural, declarou, situa\u00e7\u00e3o de emerg\u00eancia.&nbsp; O Decreto, assinado pelo Prefeito Pedro Augusto Junqueira Ferraz, na manh\u00e3 desta segunda-feira (14), estabelece uma s\u00e9rie de medidas, como [&hellip;]<\/p>\n","protected":false},"author":6,"featured_media":0,"comment_status":"open","ping_status":"closed","sticky":false,"template":"","format":"standard","meta":{"_joinchat":[],"footnotes":""},"categories":[1],"tags":[],"class_list":["post-80362","post","type-post","status-publish","format-standard","hentry","category-sem-categoria"],"_links":{"self":[{"href":"https:\/\/folhadosudeste.com\/site\/index.php?rest_route=\/wp\/v2\/posts\/80362","targetHints":{"allow":["GET"]}}],"collection":[{"href":"https:\/\/folhadosudeste.com\/site\/index.php?rest_route=\/wp\/v2\/posts"}],"about":[{"href":"https:\/\/folhadosudeste.com\/site\/index.php?rest_route=\/wp\/v2\/types\/post"}],"author":[{"embeddable":true,"href":"https:\/\/folhadosudeste.com\/site\/index.php?rest_route=\/wp\/v2\/users\/6"}],"replies":[{"embeddable":true,"href":"https:\/\/folhadosudeste.com\/site\/index.php?rest_route=%2Fwp%2Fv2%2Fcomments&post=80362"}],"version-history":[{"count":1,"href":"https:\/\/folhadosudeste.com\/site\/index.php?rest_route=\/wp\/v2\/posts\/80362\/revisions"}],"predecessor-version":[{"id":80364,"href":"https:\/\/folhadosudeste.com\/site\/index.php?rest_route=\/wp\/v2\/posts\/80362\/revisions\/80364"}],"wp:attachment":[{"href":"https:\/\/folhadosudeste.com\/site\/index.php?rest_route=%2Fwp%2Fv2%2Fmedia&parent=80362"}],"wp:term":[{"taxonomy":"category","embeddable":true,"href":"https:\/\/folhadosudeste.com\/site\/index.php?rest_route=%2Fwp%2Fv2%2Fcategories&post=80362"},{"taxonomy":"post_tag","embeddable":true,"href":"https:\/\/folhadosudeste.com\/site\/index.php?rest_route=%2Fwp%2Fv2%2Ftags&post=80362"}],"curies":[{"name":"wp","href":"https:\/\/api.w.org\/{rel}","templated":true}]}}