{"id":80378,"date":"2022-02-17T17:59:09","date_gmt":"2022-02-17T17:59:09","guid":{"rendered":"http:\/\/folhadosudeste.com\/site\/?p=80378"},"modified":"2022-02-17T18:03:19","modified_gmt":"2022-02-17T18:03:19","slug":"acao-conjunta-prende-suspeito-e-apreende-arma-em-merces","status":"publish","type":"post","link":"https:\/\/folhadosudeste.com\/site\/?p=80378","title":{"rendered":"A\u00e7\u00e3o conjunta prende suspeito e apreende arma em Merc\u00eas"},"content":{"rendered":"<p><a href=\"http:\/\/folhadosudeste.com\/site\/wp-content\/uploads\/2022\/02\/foto.jpeg\"><img loading=\"lazy\" decoding=\"async\" class=\"alignnone size-full wp-image-80380\" src=\"http:\/\/folhadosudeste.com\/site\/wp-content\/uploads\/2022\/02\/foto.jpeg\" alt=\"\" width=\"1079\" height=\"908\" srcset=\"https:\/\/folhadosudeste.com\/site\/wp-content\/uploads\/2022\/02\/foto.jpeg 1079w, https:\/\/folhadosudeste.com\/site\/wp-content\/uploads\/2022\/02\/foto-300x252.jpeg 300w, https:\/\/folhadosudeste.com\/site\/wp-content\/uploads\/2022\/02\/foto-768x646.jpeg 768w, https:\/\/folhadosudeste.com\/site\/wp-content\/uploads\/2022\/02\/foto-1024x862.jpeg 1024w\" sizes=\"auto, (max-width: 1079px) 100vw, 1079px\" \/><\/a><\/p>\n<p><em>PCMG e PMMG apreenderam um rev\u00f3lver calibre 32 e muni\u00e7\u00f5es com o investigado, de 51 anos, na Zona Rural da cidade.<\/em><\/p>\n<p>&nbsp;Uma a\u00e7\u00e3o conjunta realizada na ter\u00e7a-feira (15\/2) entre a Pol\u00edcia Civil de Minas Gerais (PCMG) e a Pol\u00edcia Militar de Minas Gerais (PMMG) resultou na pris\u00e3o de um suspeito, de 51 anos, por posse ilegal de arma de fogo, no munic\u00edpio de Merc\u00eas, na Zona da Mata mineira.<\/p>\n<p><!--more--><\/p>\n<p>Na ocasi\u00e3o, ap\u00f3s apura\u00e7\u00e3o de den\u00fancia, os policiais civis apreenderam um rev\u00f3lver calibre 32 na resid\u00eancia do investigado, situada na Zona Rural da cidade. A arma foi localizada no quintal do im\u00f3vel, pois ele teria dispensado o rev\u00f3lver no local, ao avistar os policiais. Durante a a\u00e7\u00e3o, tamb\u00e9m foram apreendidas seis muni\u00e7\u00f5es calibre 32, entre elas, cinco deflagradas e uma intacta.<\/p>\n<p>O homem foi encaminhado \u00e0 delegacia, onde o flagrante foi ratificado. Posteriormente, ele foi conduzido at\u00e9 o sistema prisional, permanecendo \u00e0 disposi\u00e7\u00e3o da Justi\u00e7a.<\/p>\n<p>Fonte: Assessoria de Comunica\u00e7\u00e3o PCMG&nbsp;<\/p>\n<p>&nbsp;<\/p>\n<p>&nbsp;<\/p>\n<p>&nbsp;<\/p>\n<div id=\":pt\" class=\"hq gt a10\">&nbsp;<\/div>\n","protected":false},"excerpt":{"rendered":"<p>PCMG e PMMG apreenderam um rev\u00f3lver calibre 32 e muni\u00e7\u00f5es com o investigado, de 51 anos, na Zona Rural da cidade. &nbsp;Uma a\u00e7\u00e3o conjunta realizada na ter\u00e7a-feira (15\/2) entre a Pol\u00edcia Civil de Minas Gerais (PCMG) e a Pol\u00edcia Militar de Minas Gerais (PMMG) resultou na pris\u00e3o de um suspeito, de 51 anos, por posse [&hellip;]<\/p>\n","protected":false},"author":6,"featured_media":0,"comment_status":"open","ping_status":"closed","sticky":false,"template":"","format":"standard","meta":{"_joinchat":[],"footnotes":""},"categories":[1],"tags":[],"class_list":["post-80378","post","type-post","status-publish","format-standard","hentry","category-sem-categoria"],"_links":{"self":[{"href":"https:\/\/folhadosudeste.com\/site\/index.php?rest_route=\/wp\/v2\/posts\/80378","targetHints":{"allow":["GET"]}}],"collection":[{"href":"https:\/\/folhadosudeste.com\/site\/index.php?rest_route=\/wp\/v2\/posts"}],"about":[{"href":"https:\/\/folhadosudeste.com\/site\/index.php?rest_route=\/wp\/v2\/types\/post"}],"author":[{"embeddable":true,"href":"https:\/\/folhadosudeste.com\/site\/index.php?rest_route=\/wp\/v2\/users\/6"}],"replies":[{"embeddable":true,"href":"https:\/\/folhadosudeste.com\/site\/index.php?rest_route=%2Fwp%2Fv2%2Fcomments&post=80378"}],"version-history":[{"count":2,"href":"https:\/\/folhadosudeste.com\/site\/index.php?rest_route=\/wp\/v2\/posts\/80378\/revisions"}],"predecessor-version":[{"id":80384,"href":"https:\/\/folhadosudeste.com\/site\/index.php?rest_route=\/wp\/v2\/posts\/80378\/revisions\/80384"}],"wp:attachment":[{"href":"https:\/\/folhadosudeste.com\/site\/index.php?rest_route=%2Fwp%2Fv2%2Fmedia&parent=80378"}],"wp:term":[{"taxonomy":"category","embeddable":true,"href":"https:\/\/folhadosudeste.com\/site\/index.php?rest_route=%2Fwp%2Fv2%2Fcategories&post=80378"},{"taxonomy":"post_tag","embeddable":true,"href":"https:\/\/folhadosudeste.com\/site\/index.php?rest_route=%2Fwp%2Fv2%2Ftags&post=80378"}],"curies":[{"name":"wp","href":"https:\/\/api.w.org\/{rel}","templated":true}]}}