{"id":80382,"date":"2022-02-17T18:00:25","date_gmt":"2022-02-17T18:00:25","guid":{"rendered":"http:\/\/folhadosudeste.com\/site\/?p=80382"},"modified":"2022-02-17T18:00:25","modified_gmt":"2022-02-17T18:00:25","slug":"muriae-abre-inscricoes-para-curso-com-enfase-em-gestao-de-saude","status":"publish","type":"post","link":"https:\/\/folhadosudeste.com\/site\/?p=80382","title":{"rendered":"Muria\u00e9 abre inscri\u00e7\u00f5es para curso com \u00eanfase em gest\u00e3o de sa\u00fade"},"content":{"rendered":"<p><a href=\"http:\/\/folhadosudeste.com\/site\/wp-content\/uploads\/2022\/02\/curso.jpeg\"><img loading=\"lazy\" decoding=\"async\" class=\"alignnone size-full wp-image-80379\" src=\"http:\/\/folhadosudeste.com\/site\/wp-content\/uploads\/2022\/02\/curso.jpeg\" alt=\"\" width=\"1080\" height=\"1080\" srcset=\"https:\/\/folhadosudeste.com\/site\/wp-content\/uploads\/2022\/02\/curso.jpeg 1080w, https:\/\/folhadosudeste.com\/site\/wp-content\/uploads\/2022\/02\/curso-150x150.jpeg 150w, https:\/\/folhadosudeste.com\/site\/wp-content\/uploads\/2022\/02\/curso-300x300.jpeg 300w, https:\/\/folhadosudeste.com\/site\/wp-content\/uploads\/2022\/02\/curso-768x768.jpeg 768w, https:\/\/folhadosudeste.com\/site\/wp-content\/uploads\/2022\/02\/curso-1024x1024.jpeg 1024w\" sizes=\"auto, (max-width: 1080px) 100vw, 1080px\" \/><\/a><\/p>\n<div>A Prefeitura de Muria\u00e9 est\u00e1 com inscri\u00e7\u00f5es abertas para o Curso de Capacita\u00e7\u00e3o e Forma\u00e7\u00e3o de Conselheiros &#8211; \u00canfase em Gest\u00e3o de Sa\u00fade.<\/div>\n<div>&nbsp;<\/div>\n<div>As inscri\u00e7\u00f5es s\u00e3o gratuitas e podem ser feitas at\u00e9 o dia 25 de fevereiro, atrav\u00e9s do link&nbsp;<a href=\"http:\/\/muriae.mg.gov.br\/necs\" target=\"_blank\" rel=\"noopener\" data-saferedirecturl=\"https:\/\/www.google.com\/url?q=http:\/\/muriae.mg.gov.br\/necs&amp;source=gmail&amp;ust=1645206002076000&amp;usg=AOvVaw2R7NT_gapDB7CmG9vHHnyz\">muriae.mg.gov.br\/necs<\/a>.<\/div>\n<div>&nbsp;<\/div>\n<div>O curso tem como p\u00fablico-alvo pessoas que j\u00e1 atuam em conselhos de sa\u00fade, al\u00e9m de representantes de entidades, alunos de cursos de gradua\u00e7\u00e3o e a comunidade em geral.<\/div>\n<div>&nbsp;<\/div>\n<p><!--more--><\/p>\n<div>&nbsp;<\/div>\n<div>S\u00e3o 50 vagas no total, divididas em duas turmas de at\u00e9 25 participantes. As atividades v\u00e3o acontecer ao longo do m\u00eas de mar\u00e7o, em um total de quatro encontros de duas horas-aula para cada turma.<\/div>\n<div>&nbsp;<\/div>\n<div>Para terem direito ao certificado, os inscritos dever\u00e3o estar presentes em pelo menos 75% das aulas, al\u00e9m de participa\u00e7\u00e3o obrigat\u00f3ria na palestra de encerramento.<\/div>\n<div>&nbsp;<\/div>\n<div>Para mais informa\u00e7\u00f5es, os interessados devem entrar em contato pelo e-mail&nbsp;<a href=\"mailto:necs@muriae.mg.gov.br\" target=\"_blank\" rel=\"noopener\">necs@muriae.mg.gov.br<\/a>&nbsp;ou pelos telefones (32) 3696-3318 e (32) 3696-3305.<\/div>\n<div>&nbsp;<\/div>\n<div>O curso \u00e9 uma realiza\u00e7\u00e3o do N\u00facleo de Estudos e Cidadania da Secretaria Municipal de Sa\u00fade de Muria\u00e9. Veja o calend\u00e1rio de atividades e o conte\u00fado:<\/div>\n<div>&nbsp;<\/div>\n<div>TURMA 1 &#8211; AULAS \u00c0S SEGUNDAS-FEIRAS<\/div>\n<div>Local: Sala de Reuni\u00f5es da Secretaria Municipal de Educa\u00e7\u00e3o &#8211; Centro Administrativo, 1\u00ba Andar<\/div>\n<div>Datas das aulas: Dias 7, 14 e 21 de mar\u00e7o (sempre \u00e0s 18h)<\/div>\n<div>Encerramento: Dia 23 de mar\u00e7o (quarta-feira), \u00e0s 19h, no Teatro Zaccaria Marques<\/div>\n<div>&nbsp;<\/div>\n<div>TURMA 2 &#8211; AULAS \u00c0S TER\u00c7AS-FEIRAS<\/div>\n<div>Local: Sala de Reuni\u00f5es da Secretaria Municipal de Educa\u00e7\u00e3o &#8211; Centro Administrativo, 1\u00ba Andar<\/div>\n<div>Datas das aulas: Dias 8, 15 e 22 de mar\u00e7o (sempre \u00e0s 18h)<\/div>\n<div>Encerramento: Dia 23 de mar\u00e7o (quarta-feira), \u00e0s 19h, no Teatro Zaccaria Marques<\/div>\n<div>&nbsp;<\/div>\n<div>CONTE\u00daDO PROGRAM\u00c1TICO<\/div>\n<div>M\u00f3dulo 1 &#8211; Democracia, Participa\u00e7\u00e3o e Representa\u00e7\u00e3o<\/div>\n<div>M\u00f3dulo 2 \u2013 Gest\u00e3o do Financiamento do Sistema \u00danico de Sa\u00fade<\/div>\n<div>M\u00f3dulo 3 \u2013 Tecendo Considera\u00e7\u00f5es Sobre a Rede<\/div>\n<div>M\u00f3dulo 4 \u2013 Participa\u00e7\u00e3o Social<\/div>\n<div>M\u00f3dulo 5 \u2013 Conselho Municipal de Sa\u00fade de Muria\u00e9<\/div>\n<div>Palestra de Encerramento \u2013 \u201cResponsabilidade Civil e Criminal dos Conselheiros&#8221; (Delegado Rangel Martino de Oliveira Paiva)<\/div>\n","protected":false},"excerpt":{"rendered":"<p>A Prefeitura de Muria\u00e9 est\u00e1 com inscri\u00e7\u00f5es abertas para o Curso de Capacita\u00e7\u00e3o e Forma\u00e7\u00e3o de Conselheiros &#8211; \u00canfase em Gest\u00e3o de Sa\u00fade. &nbsp; As inscri\u00e7\u00f5es s\u00e3o gratuitas e podem ser feitas at\u00e9 o dia 25 de fevereiro, atrav\u00e9s do link&nbsp;muriae.mg.gov.br\/necs. &nbsp; O curso tem como p\u00fablico-alvo pessoas que j\u00e1 atuam em conselhos de sa\u00fade, [&hellip;]<\/p>\n","protected":false},"author":6,"featured_media":0,"comment_status":"open","ping_status":"closed","sticky":false,"template":"","format":"standard","meta":{"_joinchat":[],"footnotes":""},"categories":[1],"tags":[],"class_list":["post-80382","post","type-post","status-publish","format-standard","hentry","category-sem-categoria"],"_links":{"self":[{"href":"https:\/\/folhadosudeste.com\/site\/index.php?rest_route=\/wp\/v2\/posts\/80382","targetHints":{"allow":["GET"]}}],"collection":[{"href":"https:\/\/folhadosudeste.com\/site\/index.php?rest_route=\/wp\/v2\/posts"}],"about":[{"href":"https:\/\/folhadosudeste.com\/site\/index.php?rest_route=\/wp\/v2\/types\/post"}],"author":[{"embeddable":true,"href":"https:\/\/folhadosudeste.com\/site\/index.php?rest_route=\/wp\/v2\/users\/6"}],"replies":[{"embeddable":true,"href":"https:\/\/folhadosudeste.com\/site\/index.php?rest_route=%2Fwp%2Fv2%2Fcomments&post=80382"}],"version-history":[{"count":1,"href":"https:\/\/folhadosudeste.com\/site\/index.php?rest_route=\/wp\/v2\/posts\/80382\/revisions"}],"predecessor-version":[{"id":80383,"href":"https:\/\/folhadosudeste.com\/site\/index.php?rest_route=\/wp\/v2\/posts\/80382\/revisions\/80383"}],"wp:attachment":[{"href":"https:\/\/folhadosudeste.com\/site\/index.php?rest_route=%2Fwp%2Fv2%2Fmedia&parent=80382"}],"wp:term":[{"taxonomy":"category","embeddable":true,"href":"https:\/\/folhadosudeste.com\/site\/index.php?rest_route=%2Fwp%2Fv2%2Fcategories&post=80382"},{"taxonomy":"post_tag","embeddable":true,"href":"https:\/\/folhadosudeste.com\/site\/index.php?rest_route=%2Fwp%2Fv2%2Ftags&post=80382"}],"curies":[{"name":"wp","href":"https:\/\/api.w.org\/{rel}","templated":true}]}}