{"id":80391,"date":"2022-02-18T00:55:47","date_gmt":"2022-02-18T00:55:47","guid":{"rendered":"http:\/\/folhadosudeste.com\/site\/?p=80391"},"modified":"2022-02-18T00:55:47","modified_gmt":"2022-02-18T00:55:47","slug":"muriae-realiza-primeiras-audiencias-para-reduzir-superendividamentos","status":"publish","type":"post","link":"https:\/\/folhadosudeste.com\/site\/?p=80391","title":{"rendered":"Muria\u00e9 realiza primeiras audi\u00eancias para reduzir superendividamentos"},"content":{"rendered":"<p><a href=\"http:\/\/folhadosudeste.com\/site\/wp-content\/uploads\/2022\/02\/treinamento.jpeg\"><img loading=\"lazy\" decoding=\"async\" class=\"alignnone size-full wp-image-80392\" src=\"http:\/\/folhadosudeste.com\/site\/wp-content\/uploads\/2022\/02\/treinamento.jpeg\" alt=\"\" width=\"1280\" height=\"960\" srcset=\"https:\/\/folhadosudeste.com\/site\/wp-content\/uploads\/2022\/02\/treinamento.jpeg 1280w, https:\/\/folhadosudeste.com\/site\/wp-content\/uploads\/2022\/02\/treinamento-300x225.jpeg 300w, https:\/\/folhadosudeste.com\/site\/wp-content\/uploads\/2022\/02\/treinamento-768x576.jpeg 768w, https:\/\/folhadosudeste.com\/site\/wp-content\/uploads\/2022\/02\/treinamento-1024x768.jpeg 1024w\" sizes=\"auto, (max-width: 1280px) 100vw, 1280px\" \/><\/a><\/p>\n<div>Aconteceu nesta semana, entre segunda e quarta-feira (14 a 16 de fevereiro), no F\u00f3rum de Muria\u00e9, a primeira rodada de audi\u00eancias conciliat\u00f3rias promovidas atrav\u00e9s do Programa de Redu\u00e7\u00e3o e Preven\u00e7\u00e3o do&nbsp;<span class=\"il\">Superendividamento<\/span>.<\/div>\n<div>&nbsp;<\/div>\n<div>A iniciativa foi desenvolvida pela parceria entre a Prefeitura de Muria\u00e9 (atrav\u00e9s do Procon e da Secretaria Municipal de Desenvolvimento Econ\u00f4mico), do Tribunal de Justi\u00e7a de Minas Gerais (por meio do F\u00f3rum da Comarca de Muria\u00e9) e o Sebrae.<\/div>\n<div>&nbsp;<\/div>\n<p><!--more--><\/p>\n<div>&nbsp;<\/div>\n<div>O objetivo do programa \u00e9 auxiliar pessoas em situa\u00e7\u00e3o de&nbsp;<span class=\"il\">superendividamento<\/span>&nbsp;a reorganizarem as finan\u00e7as e preservarem ao menos o m\u00ednimo dos recursos necess\u00e1rios para uma&nbsp;<span class=\"il\">vida<\/span>&nbsp;de mais tranquilidade e dignidade.<\/div>\n<div>&nbsp;<\/div>\n<div>&#8220;Hoje, 71% das fam\u00edlias brasileiras n\u00e3o conseguem fechar suas contas no fim do m\u00eas. Os superendividados est\u00e3o em situa\u00e7\u00e3o ainda pior. Eles acabam contraindo mais d\u00edvidas para pagar aquilo que j\u00e1 devem, gerando o efeito da bola de neve&#8221;, pontua o juiz Juliano Carneiro Veiga, coordenador do Centro Judici\u00e1rio de Muria\u00e9.<\/div>\n<div>&nbsp;<\/div>\n<div>Na \u00faltima sexta-feira, dia 11, aconteceu a capacita\u00e7\u00e3o de representantes das institui\u00e7\u00f5es parceiras envolvidas no programa. O treinamento foi ministrado pela equipe t\u00e9cnica do Sebrae, visando a prepara\u00e7\u00e3o para o in\u00edcio das audi\u00eancias conciliat\u00f3rias.<\/div>\n<div>&nbsp;<\/div>\n<div><b>Como participar &#8211;<\/b>&nbsp;Os muriaeenses que desejarem participar do Programa de Redu\u00e7\u00e3o e Preven\u00e7\u00e3o do&nbsp;<span class=\"il\">Superendividamento<\/span>&nbsp;ainda podem aderir \u00e0 iniciativa.&nbsp;<\/div>\n<div>&nbsp;<\/div>\n<div>O primeiro passo \u00e9 buscar atendimento junto ao Procon de Muria\u00e9. O \u00f3rg\u00e3o, por sua vez, fica respons\u00e1vel por realizar a triagem das informa\u00e7\u00f5es, reunir documentos e notificar os credores do consumidor em situa\u00e7\u00e3o de&nbsp;<span class=\"il\">superendividamento<\/span>.<\/div>\n<div>&nbsp;<\/div>\n<div>As audi\u00eancias de concilia\u00e7\u00e3o acontecem sempre no F\u00f3rum de Muria\u00e9 e s\u00e3o homologadas pelo juiz respons\u00e1vel &#8211; ou seja, t\u00eam o mesmo valor de uma senten\u00e7a judicial. Os encontros buscam a renegocia\u00e7\u00e3o dos d\u00e9bitos existentes em um novo plano de pagamento, podendo chegar a um acordo de at\u00e9 60 meses.<\/div>\n","protected":false},"excerpt":{"rendered":"<p>Aconteceu nesta semana, entre segunda e quarta-feira (14 a 16 de fevereiro), no F\u00f3rum de Muria\u00e9, a primeira rodada de audi\u00eancias conciliat\u00f3rias promovidas atrav\u00e9s do Programa de Redu\u00e7\u00e3o e Preven\u00e7\u00e3o do&nbsp;Superendividamento. &nbsp; A iniciativa foi desenvolvida pela parceria entre a Prefeitura de Muria\u00e9 (atrav\u00e9s do Procon e da Secretaria Municipal de Desenvolvimento Econ\u00f4mico), do Tribunal [&hellip;]<\/p>\n","protected":false},"author":6,"featured_media":0,"comment_status":"open","ping_status":"closed","sticky":false,"template":"","format":"standard","meta":{"_joinchat":[],"footnotes":""},"categories":[1],"tags":[],"class_list":["post-80391","post","type-post","status-publish","format-standard","hentry","category-sem-categoria"],"_links":{"self":[{"href":"https:\/\/folhadosudeste.com\/site\/index.php?rest_route=\/wp\/v2\/posts\/80391","targetHints":{"allow":["GET"]}}],"collection":[{"href":"https:\/\/folhadosudeste.com\/site\/index.php?rest_route=\/wp\/v2\/posts"}],"about":[{"href":"https:\/\/folhadosudeste.com\/site\/index.php?rest_route=\/wp\/v2\/types\/post"}],"author":[{"embeddable":true,"href":"https:\/\/folhadosudeste.com\/site\/index.php?rest_route=\/wp\/v2\/users\/6"}],"replies":[{"embeddable":true,"href":"https:\/\/folhadosudeste.com\/site\/index.php?rest_route=%2Fwp%2Fv2%2Fcomments&post=80391"}],"version-history":[{"count":1,"href":"https:\/\/folhadosudeste.com\/site\/index.php?rest_route=\/wp\/v2\/posts\/80391\/revisions"}],"predecessor-version":[{"id":80393,"href":"https:\/\/folhadosudeste.com\/site\/index.php?rest_route=\/wp\/v2\/posts\/80391\/revisions\/80393"}],"wp:attachment":[{"href":"https:\/\/folhadosudeste.com\/site\/index.php?rest_route=%2Fwp%2Fv2%2Fmedia&parent=80391"}],"wp:term":[{"taxonomy":"category","embeddable":true,"href":"https:\/\/folhadosudeste.com\/site\/index.php?rest_route=%2Fwp%2Fv2%2Fcategories&post=80391"},{"taxonomy":"post_tag","embeddable":true,"href":"https:\/\/folhadosudeste.com\/site\/index.php?rest_route=%2Fwp%2Fv2%2Ftags&post=80391"}],"curies":[{"name":"wp","href":"https:\/\/api.w.org\/{rel}","templated":true}]}}