{"id":80405,"date":"2022-02-18T21:10:39","date_gmt":"2022-02-18T21:10:39","guid":{"rendered":"http:\/\/folhadosudeste.com\/site\/?p=80405"},"modified":"2022-02-18T21:10:39","modified_gmt":"2022-02-18T21:10:39","slug":"mais-quatro-aprovados-em-concurso-publico-assumem-cargos-na-prefeitura","status":"publish","type":"post","link":"https:\/\/folhadosudeste.com\/site\/?p=80405","title":{"rendered":"Mais quatro aprovados em concurso p\u00fablico assumem cargos na Prefeitura"},"content":{"rendered":"<p><a href=\"http:\/\/folhadosudeste.com\/site\/wp-content\/uploads\/2022\/02\/IMG_0002.jpg\"><img loading=\"lazy\" decoding=\"async\" class=\"alignnone size-full wp-image-80406\" src=\"http:\/\/folhadosudeste.com\/site\/wp-content\/uploads\/2022\/02\/IMG_0002.jpg\" alt=\"\" width=\"2048\" height=\"1536\" srcset=\"https:\/\/folhadosudeste.com\/site\/wp-content\/uploads\/2022\/02\/IMG_0002.jpg 2048w, https:\/\/folhadosudeste.com\/site\/wp-content\/uploads\/2022\/02\/IMG_0002-300x225.jpg 300w, https:\/\/folhadosudeste.com\/site\/wp-content\/uploads\/2022\/02\/IMG_0002-768x576.jpg 768w, https:\/\/folhadosudeste.com\/site\/wp-content\/uploads\/2022\/02\/IMG_0002-1024x768.jpg 1024w\" sizes=\"auto, (max-width: 2048px) 100vw, 2048px\" \/><\/a><\/p>\n<p><span style=\"font-family: Arial, sans-serif;\">A<\/span><span style=\"font-family: Arial, sans-serif;\">&nbsp;Secretaria de Administra\u00e7\u00e3o&nbsp;<\/span><span style=\"font-family: Arial, sans-serif;\">da Prefeitura de Muria\u00e9 convocou, nesta semana, mais quatro&nbsp;<\/span><span style=\"font-family: Arial, sans-serif;\">pessoas&nbsp;<\/span><span style=\"font-family: Arial, sans-serif;\">aprovad<\/span><span style=\"font-family: Arial, sans-serif;\">a<\/span><span style=\"font-family: Arial, sans-serif;\">s no&nbsp;<\/span><span style=\"font-family: Arial, sans-serif;\">\u00faltimo&nbsp;<\/span><span style=\"font-family: Arial, sans-serif;\">concurso<\/span><span style=\"font-family: Arial, sans-serif;\">&nbsp;p\u00fablico&nbsp;<\/span><span style=\"font-family: Arial, sans-serif;\">realizado em 2019.&nbsp;<\/span><span style=\"font-family: Arial, sans-serif;\">At\u00e9 ent\u00e3o, mais de&nbsp;<\/span><span style=\"font-family: Arial, sans-serif;\">7<\/span><span style=\"color: #000000;\"><span style=\"font-family: Arial, sans-serif;\">0<\/span><\/span><span style=\"font-family: Arial, sans-serif;\">&nbsp;funcion\u00e1rios&nbsp;<\/span><span style=\"font-family: Arial, sans-serif;\">novos<\/span><span style=\"font-family: Arial, sans-serif;\">&nbsp;passaram&nbsp;<\/span><span style=\"font-family: Arial, sans-serif;\">a&nbsp;<\/span><span style=\"font-family: Arial, sans-serif;\">fazer parte do<\/span><span style=\"font-family: Arial, sans-serif;\">&nbsp;quadro de efetivo<\/span><span style=\"font-family: Arial, sans-serif;\">s<\/span><span style=\"font-family: Arial, sans-serif;\">&nbsp;<\/span><span style=\"font-family: Arial, sans-serif;\">da Administra\u00e7\u00e3o Municipal<\/span><span style=\"font-family: Arial, sans-serif;\">.&nbsp;<\/span><span style=\"font-family: Arial, sans-serif;\">Os&nbsp;<\/span><span style=\"font-family: Arial, sans-serif;\">nomeados<\/span><span style=\"font-family: Arial, sans-serif;\">&nbsp;<\/span><span style=\"font-family: Arial, sans-serif;\">j\u00e1&nbsp;<\/span><span style=\"font-family: Arial, sans-serif;\">tomaram posse.<\/span><\/p>\n<p><!--more--><\/p>\n<p align=\"justify\">Os empossados fizeram concurso para diversas \u00e1reas. De acordo com informa\u00e7\u00f5es do secret\u00e1rio de Administra\u00e7\u00e3o, Edmar Rodrigues, em atendimento&nbsp;as necessidades&nbsp;da Prefeitura e sob determina\u00e7\u00e3o do prefeito Jos\u00e9 Braz, foram realizadas as nomea\u00e7\u00f5es.<\/p>\n<p align=\"justify\">Edmar Rodrigues explica que a Administra\u00e7\u00e3o Municipal editou um novo decreto este ano, baseado na Lei 173, que permite que continuem a convocar aprovados do concurso de 2019. \u201cAinda estamos na vig\u00eancia deste concurso. Conforme vamos recebendo exonera\u00e7\u00f5es ou mesmo pedidos de aposentadorias, vamos preenchendo as vagas. A validade \u00e9 de dois anos, prorrog\u00e1veis por mais dois, por\u00e9m conseguimos fazer um decreto para estender este prazo at\u00e9 16 de outubro de 2023, dando mais oportunidades para aqueles que alcan\u00e7aram \u00eaxito nas provas\u201d, explicou.<\/p>\n<p align=\"justify\">Neste \u00faltimo chamamento, foram convocados a ocuparem seus cargos de acordo com as aprova\u00e7\u00f5es do concurso as seguintes pessoas:<\/p>\n<p align=\"justify\"><span style=\"font-family: Arial, sans-serif;\">Lucenira&nbsp;Jos\u00e9 dos Reis&nbsp;Carvalho \u2013 T\u00e9cnica de enfermagem<\/span><\/p>\n<p align=\"justify\"><span style=\"font-family: Arial, sans-serif;\">Juliana de F\u00e1tima Maduro de Souza \u2013 Auxiliar de servi\u00e7o escolar<\/span><\/p>\n<p align=\"justify\"><span style=\"font-family: Arial, sans-serif;\">Josane da Silva Martins &#8211; Auxiliar de servi\u00e7o escolar<\/span><\/p>\n<p align=\"justify\"><span style=\"font-family: Arial, sans-serif;\">Maria da Concei\u00e7\u00e3o Freitas Braga &#8211; Auxiliar de servi\u00e7o escolar<\/span><\/p>\n","protected":false},"excerpt":{"rendered":"<p>A&nbsp;Secretaria de Administra\u00e7\u00e3o&nbsp;da Prefeitura de Muria\u00e9 convocou, nesta semana, mais quatro&nbsp;pessoas&nbsp;aprovadas no&nbsp;\u00faltimo&nbsp;concurso&nbsp;p\u00fablico&nbsp;realizado em 2019.&nbsp;At\u00e9 ent\u00e3o, mais de&nbsp;70&nbsp;funcion\u00e1rios&nbsp;novos&nbsp;passaram&nbsp;a&nbsp;fazer parte do&nbsp;quadro de efetivos&nbsp;da Administra\u00e7\u00e3o Municipal.&nbsp;Os&nbsp;nomeados&nbsp;j\u00e1&nbsp;tomaram posse.<\/p>\n","protected":false},"author":6,"featured_media":0,"comment_status":"open","ping_status":"closed","sticky":false,"template":"","format":"standard","meta":{"_joinchat":[],"footnotes":""},"categories":[1],"tags":[],"class_list":["post-80405","post","type-post","status-publish","format-standard","hentry","category-sem-categoria"],"_links":{"self":[{"href":"https:\/\/folhadosudeste.com\/site\/index.php?rest_route=\/wp\/v2\/posts\/80405","targetHints":{"allow":["GET"]}}],"collection":[{"href":"https:\/\/folhadosudeste.com\/site\/index.php?rest_route=\/wp\/v2\/posts"}],"about":[{"href":"https:\/\/folhadosudeste.com\/site\/index.php?rest_route=\/wp\/v2\/types\/post"}],"author":[{"embeddable":true,"href":"https:\/\/folhadosudeste.com\/site\/index.php?rest_route=\/wp\/v2\/users\/6"}],"replies":[{"embeddable":true,"href":"https:\/\/folhadosudeste.com\/site\/index.php?rest_route=%2Fwp%2Fv2%2Fcomments&post=80405"}],"version-history":[{"count":1,"href":"https:\/\/folhadosudeste.com\/site\/index.php?rest_route=\/wp\/v2\/posts\/80405\/revisions"}],"predecessor-version":[{"id":80407,"href":"https:\/\/folhadosudeste.com\/site\/index.php?rest_route=\/wp\/v2\/posts\/80405\/revisions\/80407"}],"wp:attachment":[{"href":"https:\/\/folhadosudeste.com\/site\/index.php?rest_route=%2Fwp%2Fv2%2Fmedia&parent=80405"}],"wp:term":[{"taxonomy":"category","embeddable":true,"href":"https:\/\/folhadosudeste.com\/site\/index.php?rest_route=%2Fwp%2Fv2%2Fcategories&post=80405"},{"taxonomy":"post_tag","embeddable":true,"href":"https:\/\/folhadosudeste.com\/site\/index.php?rest_route=%2Fwp%2Fv2%2Ftags&post=80405"}],"curies":[{"name":"wp","href":"https:\/\/api.w.org\/{rel}","templated":true}]}}