{"id":80437,"date":"2022-02-22T03:28:18","date_gmt":"2022-02-22T03:28:18","guid":{"rendered":"http:\/\/folhadosudeste.com\/site\/?p=80437"},"modified":"2022-02-22T03:28:55","modified_gmt":"2022-02-22T03:28:55","slug":"energisa-anuncia-r-650-mil-em-projetos-de-eficiencia-energetica-em-minas-gerais","status":"publish","type":"post","link":"https:\/\/folhadosudeste.com\/site\/?p=80437","title":{"rendered":"Energisa anuncia R$ 650 mil em projetos de efici\u00eancia energ\u00e9tica em Minas Gerais"},"content":{"rendered":"<p><a href=\"http:\/\/folhadosudeste.com\/site\/wp-content\/uploads\/2022\/02\/image004.jpg\"><img loading=\"lazy\" decoding=\"async\" class=\"alignnone size-full wp-image-80438\" src=\"http:\/\/folhadosudeste.com\/site\/wp-content\/uploads\/2022\/02\/image004.jpg\" alt=\"\" width=\"1000\" height=\"460\" srcset=\"https:\/\/folhadosudeste.com\/site\/wp-content\/uploads\/2022\/02\/image004.jpg 1000w, https:\/\/folhadosudeste.com\/site\/wp-content\/uploads\/2022\/02\/image004-300x138.jpg 300w, https:\/\/folhadosudeste.com\/site\/wp-content\/uploads\/2022\/02\/image004-768x353.jpg 768w\" sizes=\"auto, (max-width: 1000px) 100vw, 1000px\" \/><\/a><\/p>\n<p style=\"text-align: center;\"><strong>Grupo Energisa investe R$ 23 milh\u00f5es no programa e deve divulgar nova chamada p\u00fablica no segundo semestre desse ano<\/strong><br \/>\n<strong>Aprovados projetos em ilumina\u00e7\u00e3o p\u00fablica, hospitais e institui\u00e7\u00f5es de ensino<\/strong><\/p>\n<p class=\"m_698178592943221459MsoNoSpacing\">O Grupo Energisa anunciou, nesta segunda-feira (21\/02), o resultado da chamada p\u00fablica aos projetos do Programa de Efici\u00eancia Energ\u00e9tica (PEE). A Energisa Minas Gerais receber\u00e1 R$ 650 mil em iniciativas para promo\u00e7\u00e3o do uso eficiente da energia el\u00e9trica.<u><\/u><u><\/u><\/p>\n<p class=\"m_698178592943221459MsoNoSpacing\"><u><\/u>&nbsp;<u><\/u><\/p>\n<p class=\"m_698178592943221459MsoNoSpacing\">Segundo Thiago Peres, coordenador de Efici\u00eancia Energ\u00e9tica da empresa, dos 177 projetos inscritos no pa\u00eds, 68 foram aprovados e representam R$ 23 milh\u00f5es em investimentos. Os projetos selecionados est\u00e3o de acordo com aspectos t\u00e9cnicos do edital e v\u00e3o propiciar benef\u00edcios \u00e0s comunidades, atrav\u00e9s da substitui\u00e7\u00e3o de equipamentos por modelos mais eficientes, ou seja, que consomem menos energia.&nbsp;<u><\/u><u><\/u><\/p>\n<p><!--more--><\/p>\n<p class=\"m_698178592943221459MsoNoSpacing\"><u><\/u>&nbsp;<u><\/u><\/p>\n<p class=\"m_698178592943221459MsoNoSpacing\"><a name=\"m_698178592943221459__Hlk96074281\"><\/a>O desenvolvimento de programas de efici\u00eancia energ\u00e9tica est\u00e1 alinhado com o compromisso do Grupo Energisa com o ESG (sigla para social, ambiental e governan\u00e7a) fomentando a transi\u00e7\u00e3o energ\u00e9tica e a economia de baixo carbono. \u201cS\u00e3o a\u00e7\u00f5es concretas e est\u00e3o presentes no dia a dia do nosso cliente e demonstram o nosso comprometimento com a sociedade e o nosso planeta. Seja atrav\u00e9s, por exemplo, da ilumina\u00e7\u00e3o p\u00fabica ou implanta\u00e7\u00e3o de gera\u00e7\u00e3o fotovoltaica em institui\u00e7\u00f5es sociais ou educacionais\u201d, frisou. A perspectiva \u00e9 que os recursos economizados com a conta de luz sejam revertidos para outros investimentos dentro das institui\u00e7\u00f5es.<u><\/u><u><\/u><\/p>\n<p class=\"m_698178592943221459MsoNoSpacing\"><u><\/u>&nbsp;<u><\/u><\/p>\n<p class=\"m_698178592943221459MsoNoSpacing\">A ilumina\u00e7\u00e3o p\u00fablica de Coimbra e Rio Pomba, al\u00e9m da eficientiza\u00e7\u00e3o energ\u00e9tica da ilumina\u00e7\u00e3o da pista de caminhada do gin\u00e1sio poliesportivo de Argirita, al\u00e9m da Casa de Caridade Leopoldinense, foram os selecionados na \u00e1rea de concess\u00e3o da Energisa em Minas Gerais. As obras acontecer\u00e3o em cronograma a ser definido por ambos os envolvidos.<u><\/u><u><\/u><\/p>\n<p class=\"m_698178592943221459MsoNoSpacing\"><u><\/u>&nbsp;<u><\/u><\/p>\n<p class=\"m_698178592943221459MsoNoSpacing\">Segundo o coordenador, uma nova chamada p\u00fablica est\u00e1 prevista para ocorrer no segundo semestre de 2022 e orienta as institui\u00e7\u00f5es interessadas a acompanharem a divulga\u00e7\u00e3o no portal&nbsp;<a href=\"https:\/\/www.energisajuntos.com.br\/\" target=\"_blank\" rel=\"noopener\" data-saferedirecturl=\"https:\/\/www.google.com\/url?q=https:\/\/www.energisajuntos.com.br\/&amp;source=gmail&amp;ust=1645585630587000&amp;usg=AOvVaw1iLgWZrqYzRnTgF38sWEVN\">www.energisajuntos.com.br<\/a><u><\/u><u><\/u><\/p>\n<p class=\"m_698178592943221459MsoNoSpacing\"><u><\/u>&nbsp;<u><\/u><\/p>\n<p class=\"m_698178592943221459MsoNoSpacing\">No ano passado, a Energisa Minas Gerais recebeu R$ 1,3 milh\u00e3o em programas de efici\u00eancia energ\u00e9tica para execu\u00e7\u00e3o de sete projetos que foram selecionados pela Chamada P\u00fablica de 2020 e executados ao longo de 2021. S\u00e3o eles: ilumina\u00e7\u00e3o p\u00fablica em Ros\u00e1rio da Limeira, Laranjal e Pira\u00faba, a\u00e7\u00f5es de eficientiza\u00e7\u00e3o em duas escolas estaduais de Cataguases e nas escolas municipais de Erv\u00e1lia, al\u00e9m do Hospital Cristiano Varella de Muria\u00e9.&nbsp;Um investimento que est\u00e1 contribuindo para a melhoria da qualidade de vida dos moradores e o desenvolvimento das comunidades onde est\u00e1 presente.&nbsp;Todas as a\u00e7\u00f5es v\u00e3o gerar uma economia o equivalente ao consumo de cerca de 423&nbsp;casas populares por ano e evitar a emiss\u00e3o de 51,64 tCO2\/ano.<\/p>\n<p class=\"m_698178592943221459MsoNoSpacing\">O resultado completo do edital est\u00e1 dispon\u00edvel no site&nbsp;<a href=\"https:\/\/nam02.safelinks.protection.outlook.com\/?url=http%3A%2F%2Fenergisa.gestaocpp.com.br%2F&amp;data=04%7C01%7Cpedro.prata%40energisa.com.br%7Cef5e8f022c5640ec160108d955ea7494%7Cf8c68086b95c49cb9d38ed37940abef5%7C0%7C0%7C637635287752315741%7CUnknown%7CTWFpbGZsb3d8eyJWIjoiMC4wLjAwMDAiLCJQIjoiV2luMzIiLCJBTiI6Ik1haWwiLCJXVCI6Mn0%3D%7C1000&amp;sdata=Jo%2BV1rvFd5k5ThZGcDkXpar%2BbM%2FTkHfKgvxDCInxgAc%3D&amp;reserved=0\" target=\"_blank\" rel=\"noopener\" data-saferedirecturl=\"https:\/\/www.google.com\/url?q=https:\/\/nam02.safelinks.protection.outlook.com\/?url%3Dhttp%253A%252F%252Fenergisa.gestaocpp.com.br%252F%26data%3D04%257C01%257Cpedro.prata%2540energisa.com.br%257Cef5e8f022c5640ec160108d955ea7494%257Cf8c68086b95c49cb9d38ed37940abef5%257C0%257C0%257C637635287752315741%257CUnknown%257CTWFpbGZsb3d8eyJWIjoiMC4wLjAwMDAiLCJQIjoiV2luMzIiLCJBTiI6Ik1haWwiLCJXVCI6Mn0%253D%257C1000%26sdata%3DJo%252BV1rvFd5k5ThZGcDkXpar%252BbM%252FTkHfKgvxDCInxgAc%253D%26reserved%3D0&amp;source=gmail&amp;ust=1645585630587000&amp;usg=AOvVaw2QCpupp5jN_oAu4jRSHEcB\">http:\/\/energisa.gestaocpp.com.<wbr>br<\/a>. O Programa de Efici\u00eancia Energ\u00e9tica \u00e9 regulado pela Ag\u00eancia Nacional de Energia El\u00e9trica (Aneel) destinado aos clientes atendidos pela \u00e1rea de concess\u00e3o dos estados das distribuidoras.<u><\/u><u><\/u><\/p>\n<p class=\"m_698178592943221459MsoNoSpacing\"><u><\/u>&nbsp;<u><\/u><\/p>\n<p class=\"m_698178592943221459MsoNoSpacing\"><b>Sobre a Energisa<u><\/u><u><\/u><\/b><\/p>\n<p class=\"m_698178592943221459MsoNoSpacing\">Com 116 anos de hist\u00f3ria, o&nbsp;<a name=\"m_698178592943221459__Hlk80020350\"><\/a>Grupo Energisa \u00e9 o maior privado do setor el\u00e9trico com capital nacional&nbsp;e o tamb\u00e9m o maior na Amaz\u00f4nia Legal. Uma das primeiras empresas a abrir capital no Brasil, a companhia controla 11 distribuidoras em Minas Gerais, Para\u00edba, Rio de Janeiro, Sergipe, Mato Grosso, Mato Grosso do Sul, Tocantins, S\u00e3o Paulo, Paran\u00e1, Rond\u00f4nia e Acre. Com receita l\u00edquida anual de R$ 18 bilh\u00f5es (2020), o Grupo atende a 8 milh\u00f5es de clientes (o que representa uma popula\u00e7\u00e3o atendida de mais de 20 milh\u00f5es de pessoas) em 862 munic\u00edpios de todas as regi\u00f5es do Brasil, al\u00e9m de gerar cerca de 20 mil empregos diretos e indiretos.<u><\/u><u><\/u><\/p>\n<p class=\"m_698178592943221459MsoNoSpacing\"><u><\/u>&nbsp;<u><\/u><\/p>\n<p class=\"m_698178592943221459MsoNoSpacing\">Com a miss\u00e3o de transformar energia em conforto, desenvolvimento e oportunidades de forma sustent\u00e1vel, respons\u00e1vel e \u00e9tica, a Energisa atua com um portf\u00f3lio diversificado que engloba distribui\u00e7\u00e3o, transmiss\u00e3o, servi\u00e7os para o setor el\u00e9trico (Energisa Solu\u00e7\u00f5es), servi\u00e7os especializados de call center (Multi Energisa), comercializa\u00e7\u00e3o de energia (Energisa Comercializadora), solu\u00e7\u00f5es em energias renov\u00e1veis (Alsol) e agora a fintech Voltz, que entra no mercado de contas digitais.<\/p>\n<p><a href=\"http:\/\/folhadosudeste.com\/site\/wp-content\/uploads\/2022\/02\/Sistema-fotovoltaico-Col\u00e9gio-Cataguases-2.jpg\"><img loading=\"lazy\" decoding=\"async\" class=\"size-full wp-image-80439\" src=\"http:\/\/folhadosudeste.com\/site\/wp-content\/uploads\/2022\/02\/Sistema-fotovoltaico-Col\u00e9gio-Cataguases-2.jpg\" alt=\"\" width=\"1000\" height=\"750\" srcset=\"https:\/\/folhadosudeste.com\/site\/wp-content\/uploads\/2022\/02\/Sistema-fotovoltaico-Col\u00e9gio-Cataguases-2.jpg 1000w, https:\/\/folhadosudeste.com\/site\/wp-content\/uploads\/2022\/02\/Sistema-fotovoltaico-Col\u00e9gio-Cataguases-2-300x225.jpg 300w, https:\/\/folhadosudeste.com\/site\/wp-content\/uploads\/2022\/02\/Sistema-fotovoltaico-Col\u00e9gio-Cataguases-2-768x576.jpg 768w\" sizes=\"auto, (max-width: 1000px) 100vw, 1000px\" \/><\/a><\/p>\n<p><a href=\"http:\/\/folhadosudeste.com\/site\/wp-content\/uploads\/2022\/02\/Col\u00e9gio-Polivalente.jpg\"><img loading=\"lazy\" decoding=\"async\" class=\"size-full wp-image-80440\" src=\"http:\/\/folhadosudeste.com\/site\/wp-content\/uploads\/2022\/02\/Col\u00e9gio-Polivalente.jpg\" alt=\"\" width=\"1000\" height=\"562\" srcset=\"https:\/\/folhadosudeste.com\/site\/wp-content\/uploads\/2022\/02\/Col\u00e9gio-Polivalente.jpg 1000w, https:\/\/folhadosudeste.com\/site\/wp-content\/uploads\/2022\/02\/Col\u00e9gio-Polivalente-300x169.jpg 300w, https:\/\/folhadosudeste.com\/site\/wp-content\/uploads\/2022\/02\/Col\u00e9gio-Polivalente-768x432.jpg 768w\" sizes=\"auto, (max-width: 1000px) 100vw, 1000px\" \/><\/a><\/p>\n<p><a href=\"http:\/\/folhadosudeste.com\/site\/wp-content\/uploads\/2022\/02\/Funda\u00e7\u00e3o-Cristiano-Varella-1.jpg\"><img loading=\"lazy\" decoding=\"async\" class=\"alignnone size-full wp-image-80441\" src=\"http:\/\/folhadosudeste.com\/site\/wp-content\/uploads\/2022\/02\/Funda\u00e7\u00e3o-Cristiano-Varella-1.jpg\" alt=\"\" width=\"1000\" height=\"450\" srcset=\"https:\/\/folhadosudeste.com\/site\/wp-content\/uploads\/2022\/02\/Funda\u00e7\u00e3o-Cristiano-Varella-1.jpg 1000w, https:\/\/folhadosudeste.com\/site\/wp-content\/uploads\/2022\/02\/Funda\u00e7\u00e3o-Cristiano-Varella-1-300x135.jpg 300w, https:\/\/folhadosudeste.com\/site\/wp-content\/uploads\/2022\/02\/Funda\u00e7\u00e3o-Cristiano-Varella-1-768x346.jpg 768w\" sizes=\"auto, (max-width: 1000px) 100vw, 1000px\" \/><\/a><\/p>\n<p><a href=\"http:\/\/folhadosudeste.com\/site\/wp-content\/uploads\/2022\/02\/Ilumina\u00e7\u00e3o-parte-externa-Col\u00e9gio-Cataguases-1.jpg\"><img loading=\"lazy\" decoding=\"async\" class=\"size-full wp-image-80442\" src=\"http:\/\/folhadosudeste.com\/site\/wp-content\/uploads\/2022\/02\/Ilumina\u00e7\u00e3o-parte-externa-Col\u00e9gio-Cataguases-1.jpg\" alt=\"\" width=\"1000\" height=\"750\" srcset=\"https:\/\/folhadosudeste.com\/site\/wp-content\/uploads\/2022\/02\/Ilumina\u00e7\u00e3o-parte-externa-Col\u00e9gio-Cataguases-1.jpg 1000w, https:\/\/folhadosudeste.com\/site\/wp-content\/uploads\/2022\/02\/Ilumina\u00e7\u00e3o-parte-externa-Col\u00e9gio-Cataguases-1-300x225.jpg 300w, https:\/\/folhadosudeste.com\/site\/wp-content\/uploads\/2022\/02\/Ilumina\u00e7\u00e3o-parte-externa-Col\u00e9gio-Cataguases-1-768x576.jpg 768w\" sizes=\"auto, (max-width: 1000px) 100vw, 1000px\" \/><\/a><\/p>\n<p><a href=\"http:\/\/folhadosudeste.com\/site\/wp-content\/uploads\/2022\/02\/IP-Laranjal.jpg\"><img loading=\"lazy\" decoding=\"async\" class=\"size-full wp-image-80443\" src=\"http:\/\/folhadosudeste.com\/site\/wp-content\/uploads\/2022\/02\/IP-Laranjal.jpg\" alt=\"\" width=\"1000\" height=\"1333\" srcset=\"https:\/\/folhadosudeste.com\/site\/wp-content\/uploads\/2022\/02\/IP-Laranjal.jpg 1000w, https:\/\/folhadosudeste.com\/site\/wp-content\/uploads\/2022\/02\/IP-Laranjal-225x300.jpg 225w, https:\/\/folhadosudeste.com\/site\/wp-content\/uploads\/2022\/02\/IP-Laranjal-768x1024.jpg 768w\" sizes=\"auto, (max-width: 1000px) 100vw, 1000px\" \/><\/a><\/p>\n<p>Fonte: Comunica\u00e7\u00e3o Social Energisa<\/p>\n","protected":false},"excerpt":{"rendered":"<p>Grupo Energisa investe R$ 23 milh\u00f5es no programa e deve divulgar nova chamada p\u00fablica no segundo semestre desse ano Aprovados projetos em ilumina\u00e7\u00e3o p\u00fablica, hospitais e institui\u00e7\u00f5es de ensino O Grupo Energisa anunciou, nesta segunda-feira (21\/02), o resultado da chamada p\u00fablica aos projetos do Programa de Efici\u00eancia Energ\u00e9tica (PEE). A Energisa Minas Gerais receber\u00e1 R$ [&hellip;]<\/p>\n","protected":false},"author":6,"featured_media":0,"comment_status":"open","ping_status":"closed","sticky":false,"template":"","format":"standard","meta":{"_joinchat":[],"footnotes":""},"categories":[1],"tags":[],"class_list":["post-80437","post","type-post","status-publish","format-standard","hentry","category-sem-categoria"],"_links":{"self":[{"href":"https:\/\/folhadosudeste.com\/site\/index.php?rest_route=\/wp\/v2\/posts\/80437","targetHints":{"allow":["GET"]}}],"collection":[{"href":"https:\/\/folhadosudeste.com\/site\/index.php?rest_route=\/wp\/v2\/posts"}],"about":[{"href":"https:\/\/folhadosudeste.com\/site\/index.php?rest_route=\/wp\/v2\/types\/post"}],"author":[{"embeddable":true,"href":"https:\/\/folhadosudeste.com\/site\/index.php?rest_route=\/wp\/v2\/users\/6"}],"replies":[{"embeddable":true,"href":"https:\/\/folhadosudeste.com\/site\/index.php?rest_route=%2Fwp%2Fv2%2Fcomments&post=80437"}],"version-history":[{"count":2,"href":"https:\/\/folhadosudeste.com\/site\/index.php?rest_route=\/wp\/v2\/posts\/80437\/revisions"}],"predecessor-version":[{"id":80445,"href":"https:\/\/folhadosudeste.com\/site\/index.php?rest_route=\/wp\/v2\/posts\/80437\/revisions\/80445"}],"wp:attachment":[{"href":"https:\/\/folhadosudeste.com\/site\/index.php?rest_route=%2Fwp%2Fv2%2Fmedia&parent=80437"}],"wp:term":[{"taxonomy":"category","embeddable":true,"href":"https:\/\/folhadosudeste.com\/site\/index.php?rest_route=%2Fwp%2Fv2%2Fcategories&post=80437"},{"taxonomy":"post_tag","embeddable":true,"href":"https:\/\/folhadosudeste.com\/site\/index.php?rest_route=%2Fwp%2Fv2%2Ftags&post=80437"}],"curies":[{"name":"wp","href":"https:\/\/api.w.org\/{rel}","templated":true}]}}