{"id":80453,"date":"2022-02-22T14:48:47","date_gmt":"2022-02-22T14:48:47","guid":{"rendered":"http:\/\/folhadosudeste.com\/site\/?p=80453"},"modified":"2022-02-22T15:01:00","modified_gmt":"2022-02-22T15:01:00","slug":"cesta-cheia-amplia-distribuicao-de-alimentos-a-partir-de-marco","status":"publish","type":"post","link":"https:\/\/folhadosudeste.com\/site\/?p=80453","title":{"rendered":"Cesta Cheia amplia distribui\u00e7\u00e3o de alimentos a partir de mar\u00e7o"},"content":{"rendered":"<p><a href=\"http:\/\/folhadosudeste.com\/site\/wp-content\/uploads\/2022\/02\/cesta-cheia-2021-2.jpg\"><img loading=\"lazy\" decoding=\"async\" class=\"alignnone size-full wp-image-80454\" src=\"http:\/\/folhadosudeste.com\/site\/wp-content\/uploads\/2022\/02\/cesta-cheia-2021-2.jpg\" alt=\"\" width=\"2048\" height=\"1678\" srcset=\"https:\/\/folhadosudeste.com\/site\/wp-content\/uploads\/2022\/02\/cesta-cheia-2021-2.jpg 2048w, https:\/\/folhadosudeste.com\/site\/wp-content\/uploads\/2022\/02\/cesta-cheia-2021-2-300x246.jpg 300w, https:\/\/folhadosudeste.com\/site\/wp-content\/uploads\/2022\/02\/cesta-cheia-2021-2-768x629.jpg 768w, https:\/\/folhadosudeste.com\/site\/wp-content\/uploads\/2022\/02\/cesta-cheia-2021-2-1024x839.jpg 1024w\" sizes=\"auto, (max-width: 2048px) 100vw, 2048px\" \/><\/a><\/p>\n<p>Mais 190 fam\u00edlias ser\u00e3o inclu\u00eddas no programa Cesta Cheia da Prefeitura de Muria\u00e9 que reiniciar\u00e1 em 8 de mar\u00e7o. Este n\u00famero representa um total de aproximadamente 950 pessoas, que passam a receber os produtos frescos e saud\u00e1veis, sem agrot\u00f3xicos, adquiridos por meio dos produtores da Agricultura Familiar.<\/p>\n<p>As cestas entregues pelo programa t\u00eam oito quilos de legumes, duas verduras e um litro de leite. Os alimentos s\u00e3o distribu\u00eddos todas as ter\u00e7as e quintas-feiras, a cada 15 dias, pelo valor simb\u00f3lico de R$5. O projeto tem o objetivo de garantir qualidade nutricional, ampliando pol\u00edticas de inclus\u00e3o social no munic\u00edpio.<\/p>\n<p><!--more--><\/p>\n<p>O benef\u00edcio chegar\u00e1 aos bairros Jo\u00e3o XXIII, S\u00e3o Pedro, Encoberta, Santo Ant\u00f4nio, Uni\u00e3o, Napole\u00e3o, Santa Terezinha, Dornelas, Jos\u00e9 Cirilo, Joan\u00f3polis, Barra (Prainha e Fardelas), S\u00e3o Joaquim, Planalto, Safira, Padre Thiago, Marambaia, Inconfid\u00eancia, Santana, Bom Pastor, Cardoso de Melo, S\u00e3o Crist\u00f3v\u00e3o, Gaspar\/Santa Luzia, Patrim\u00f4nio S\u00e3o Jos\u00e9 e Aeroporto, assim com os residenciais Francisco Navarro e Jo\u00e3o Braz (Dornelas II) e o Nova Muria\u00e9. O benef\u00edcio chega tamb\u00e9m nos distritos de Bom Jesus, Macuco, Itamuri, Pirapanema e Vermelho.<\/p>\n<p>Dentro deste sistema de aten\u00e7\u00e3o nutricional, o trabalho \u00e9 realizado em parceria entre as equipes da Secretaria de Agricultura e Meio Ambiente que fazem a aquisi\u00e7\u00e3o e sele\u00e7\u00e3o de alimentos de qualidade, sendo a incumbida por licitar as empresas que v\u00e3o fornecer os produtos e distribuir os volumes e a Secretaria de Desenvolvimento Social, que \u00e9 a respons\u00e1vel por realizar visitas e fazer os registros daqueles que se encontram em vulnerabilidade social.<\/p>\n<p>Cronograma de entregas:<\/p>\n<p>Grupo 1 \u2013 Ter\u00e7a-feira: 08\/03 \u2013 22\/03 \u2013 05\/04 \u2013 19\/04 \u2013 03\/05 \u2013 17\/05 \u2013 31\/05 \u2013 14\/06 \u2013 28\/06<\/p>\n<p>Jo\u00e3o XXIII \u2013 8h30 &#8211; no local do antigo sop\u00e3o<\/p>\n<p>S\u00e3o Pedro &#8211; 8h30 &#8211; pracinha<\/p>\n<p>Encoberta \u2013 9h &#8211; em frente ao Caic<\/p>\n<p>Santo Ant\u00f4nio \u2013 9h30 &#8211; na entrada da Rua Professora Ivonilde<\/p>\n<p>Uni\u00e3o \u2013 9h &#8211; no final da Rua Narciso Dias Rabelo<\/p>\n<p>Napole\u00e3o \u2013 9h30 &#8211; pr\u00f3ximo \u00e0 Igreja Testemunhas de Jeov\u00e1<\/p>\n<p>Santa Terezinha \u2013 13h &#8211; Campo do Oper\u00e1rio<\/p>\n<p>Bom Jesus da Cachoeira \u2013 13h \u2013 pr\u00f3ximo \u00e0 igreja<\/p>\n<p>Grupo 2 \u2013 Quinta-feira: 10\/03 \u2013 24\/03 \u2013 07\/04 &#8211; F \u2013 05\/05 \u2013 19\/05 \u2013 02\/06 \u2013 F &#8211; 30\/06<\/p>\n<p>Dornelas e Jos\u00e9 Cirilo \u2013 9h &#8211; no lote vago da avenida principal do bairro<\/p>\n<p>Joan\u00f3polis \u2013 9h30 &#8211; atr\u00e1s da creche<\/p>\n<p>Macuco \u2013 13h &#8211; pra\u00e7a do distrito<\/p>\n<p>Barra (Prainha\/Fardelas) &#8211; 13h &#8211; entrada da Prainha e parte alta da Rua Fardelas<\/p>\n<p>S\u00e3o Joaquim &#8211; 10h &#8211; campo de terra<\/p>\n<p>Planalto\/Safira \u2013 13h30 &#8211; na pra\u00e7a do Planalto<\/p>\n<p>Grupo 3 \u2013 Ter\u00e7a-feira \u2013 15\/03 \u2013 29\/03 &#8211; 12\/04 &#8211; 26\/04 \u2013 10\/05 &#8211; 24\/05 &#8211; 07\/06 &#8211; 21\/06<\/p>\n<p>Itamuri \u2013 9h &#8211; em frente ao Sal\u00e3o Paroquial<\/p>\n<p>Padre Tiago \u2013 9h &#8211; em frente \u00e0 escola<\/p>\n<p>Marambaia \u2013 9h30 &#8211; em frente \u00e0 igreja<\/p>\n<p>Inconfid\u00eancia \u2013 10h \u2013 antiga UBS<\/p>\n<p>Santana e Bom Pastor \u2013 13h &#8211; pr\u00f3ximo \u00e0 escola e UBS<\/p>\n<p>Cardoso de Melo \u2013 13h10 \u2013 em frente UBS<\/p>\n<p>Nova Muria\u00e9 \u2013 13h30 &#8211; entrada do residencial<\/p>\n<p>Pirapanema\/Vermelho \u2013 14h \/14h30 &#8211; em frente \u00e0 UBS e chafariz<\/p>\n<p>Grupo 4 \u2013 Quinta-feira \u2013 17\/03 \u2013 31\/03 \u2013 F \u2013 28\/04 \u2013 12\/05 \u2013 26\/05 \u2013 09\/06 &#8211; 23\/06<\/p>\n<p>S\u00e3o Crist\u00f3v\u00e3o \u2013 9h &#8211; Rua It\u00e1lia (abaixo do campo de futebol)<\/p>\n<p>Gaspar\/Santa Luzia \u2013 9h &#8211; em frente a oficina do Luizin<\/p>\n<p>Residencial Francisco Navarro\/Jo\u00e3o Braz \u2013 10h \u2013 centro de conviv\u00eancia do local<\/p>\n<p>Patrim\u00f4nio S\u00e3o Jos\u00e9 \u2013 13h &#8211; Rua Prefeito Francisco Theodoro Filho (bar do Luciano)<\/p>\n<p>Boa Fam\u00edlia \u2013 13h &#8211; em frente \u00e0 UBS<\/p>\n<p>Aeroporto &#8211; 13h30 &#8211; pr\u00f3ximo \u00e0 UBS e em frente \u00e0 escola<\/p>\n<p align=\"justify\"><a href=\"http:\/\/folhadosudeste.com\/site\/wp-content\/uploads\/2022\/02\/cesta-cheia-2021-5.jpg\"><img loading=\"lazy\" decoding=\"async\" class=\"alignnone size-full wp-image-80455\" src=\"http:\/\/folhadosudeste.com\/site\/wp-content\/uploads\/2022\/02\/cesta-cheia-2021-5.jpg\" alt=\"\" width=\"2048\" height=\"1536\" srcset=\"https:\/\/folhadosudeste.com\/site\/wp-content\/uploads\/2022\/02\/cesta-cheia-2021-5.jpg 2048w, https:\/\/folhadosudeste.com\/site\/wp-content\/uploads\/2022\/02\/cesta-cheia-2021-5-300x225.jpg 300w, https:\/\/folhadosudeste.com\/site\/wp-content\/uploads\/2022\/02\/cesta-cheia-2021-5-768x576.jpg 768w, https:\/\/folhadosudeste.com\/site\/wp-content\/uploads\/2022\/02\/cesta-cheia-2021-5-1024x768.jpg 1024w\" sizes=\"auto, (max-width: 2048px) 100vw, 2048px\" \/><\/a><\/p>\n","protected":false},"excerpt":{"rendered":"<p>Mais 190 fam\u00edlias ser\u00e3o inclu\u00eddas no programa Cesta Cheia da Prefeitura de Muria\u00e9 que reiniciar\u00e1 em 8 de mar\u00e7o. Este n\u00famero representa um total de aproximadamente 950 pessoas, que passam a receber os produtos frescos e saud\u00e1veis, sem agrot\u00f3xicos, adquiridos por meio dos produtores da Agricultura Familiar. As cestas entregues pelo programa t\u00eam oito quilos [&hellip;]<\/p>\n","protected":false},"author":6,"featured_media":0,"comment_status":"open","ping_status":"closed","sticky":false,"template":"","format":"standard","meta":{"_joinchat":[],"footnotes":""},"categories":[1],"tags":[],"class_list":["post-80453","post","type-post","status-publish","format-standard","hentry","category-sem-categoria"],"_links":{"self":[{"href":"https:\/\/folhadosudeste.com\/site\/index.php?rest_route=\/wp\/v2\/posts\/80453","targetHints":{"allow":["GET"]}}],"collection":[{"href":"https:\/\/folhadosudeste.com\/site\/index.php?rest_route=\/wp\/v2\/posts"}],"about":[{"href":"https:\/\/folhadosudeste.com\/site\/index.php?rest_route=\/wp\/v2\/types\/post"}],"author":[{"embeddable":true,"href":"https:\/\/folhadosudeste.com\/site\/index.php?rest_route=\/wp\/v2\/users\/6"}],"replies":[{"embeddable":true,"href":"https:\/\/folhadosudeste.com\/site\/index.php?rest_route=%2Fwp%2Fv2%2Fcomments&post=80453"}],"version-history":[{"count":4,"href":"https:\/\/folhadosudeste.com\/site\/index.php?rest_route=\/wp\/v2\/posts\/80453\/revisions"}],"predecessor-version":[{"id":80459,"href":"https:\/\/folhadosudeste.com\/site\/index.php?rest_route=\/wp\/v2\/posts\/80453\/revisions\/80459"}],"wp:attachment":[{"href":"https:\/\/folhadosudeste.com\/site\/index.php?rest_route=%2Fwp%2Fv2%2Fmedia&parent=80453"}],"wp:term":[{"taxonomy":"category","embeddable":true,"href":"https:\/\/folhadosudeste.com\/site\/index.php?rest_route=%2Fwp%2Fv2%2Fcategories&post=80453"},{"taxonomy":"post_tag","embeddable":true,"href":"https:\/\/folhadosudeste.com\/site\/index.php?rest_route=%2Fwp%2Fv2%2Ftags&post=80453"}],"curies":[{"name":"wp","href":"https:\/\/api.w.org\/{rel}","templated":true}]}}