{"id":80460,"date":"2022-02-23T17:31:59","date_gmt":"2022-02-23T17:31:59","guid":{"rendered":"http:\/\/folhadosudeste.com\/site\/?p=80460"},"modified":"2022-02-23T17:31:59","modified_gmt":"2022-02-23T17:31:59","slug":"4o-departamento-de-policia-civil-em-juiz-de-fora-tem-nova-chefia-2","status":"publish","type":"post","link":"https:\/\/folhadosudeste.com\/site\/?p=80460","title":{"rendered":"4\u00ba Departamento de Pol\u00edcia Civil em Juiz de Fora tem nova chefia"},"content":{"rendered":"<p><a href=\"http:\/\/folhadosudeste.com\/site\/wp-content\/uploads\/2022\/02\/FOTO.jpeg\"><img loading=\"lazy\" decoding=\"async\" class=\"alignnone size-full wp-image-80461\" src=\"http:\/\/folhadosudeste.com\/site\/wp-content\/uploads\/2022\/02\/FOTO.jpeg\" alt=\"\" width=\"1600\" height=\"1200\" srcset=\"https:\/\/folhadosudeste.com\/site\/wp-content\/uploads\/2022\/02\/FOTO.jpeg 1600w, https:\/\/folhadosudeste.com\/site\/wp-content\/uploads\/2022\/02\/FOTO-300x225.jpeg 300w, https:\/\/folhadosudeste.com\/site\/wp-content\/uploads\/2022\/02\/FOTO-768x576.jpeg 768w, https:\/\/folhadosudeste.com\/site\/wp-content\/uploads\/2022\/02\/FOTO-1024x768.jpeg 1024w\" sizes=\"auto, (max-width: 1600px) 100vw, 1600px\" \/><\/a><\/p>\n<p><em>No \u00faltimo s\u00e1bado (19\/2), a delegada-geral Fl\u00e1via Mara Camargo Murta foi designada para responder pelo expediente da unidade. O Departamento abrange 86 munic\u00edpios da Zona da Mata mineira.<\/em><\/p>\n<p><!--more--><\/p>\n<p>&nbsp;<br \/>\nO 4\u00ba Departamento de Pol\u00edcia Civil de Juiz de Fora (4\u00ba DEPPC), que compreende as Delegacias Regionais em Juiz de Fora (1\u00aa DRPC), Ub\u00e1 (2\u00aa DRPC), Leopoldina (3\u00aa DRPC),&nbsp; Muria\u00e9 (4\u00ba DRPC) e Vi\u00e7osa (5\u00aa DRPC), bem como as suas \u00c1reas Integradas de Seguran\u00e7a P\u00fablica (AISP), tem nova chefia. No \u00faltimo s\u00e1bado (19\/2), a delegada-geral Fl\u00e1via Mara Camargo Murta, que atuava como delegada regional em Barbacena, foi designada pelo chefe da Pol\u00edcia Civil de Minas Gerais, delegado-geral Joaquim Francisco Neto e Silva, para responder pelo expediente da unidade, que abrange 86 munic\u00edpios da Zona da Mata mineira.<\/p>\n<p>A nova chefe do 4\u00ba DEPPC&nbsp; ingressou na Pol\u00edcia Civil de Minas Gerais em 1997, quando iniciou sua carreira na cidade de Uberaba, no Tri\u00e2ngulo Mineiro. Posteriormente, no cargo de delegada, prestou servi\u00e7os no munic\u00edpio de Juiz de Fora e em Barbacena, onde, em 2005, assumiu a titularidade da Delegacia Especializada de Atendimento \u00e0 Mulher (Deam) e da Delegacia de Pol\u00edcia Civil em Alfredo Vasconcelos.<\/p>\n<p>Em 2020, foi designada para responder pelo expediente da 1\u00aa Delegacia Regional em Barbacena, pertencente ao 13\u00ba Departamento, permanecendo como titular na unidade policial at\u00e9 a \u00faltima sexta-feira (18\/2).<\/p>\n<p>&nbsp;<\/p>\n","protected":false},"excerpt":{"rendered":"<p>No \u00faltimo s\u00e1bado (19\/2), a delegada-geral Fl\u00e1via Mara Camargo Murta foi designada para responder pelo expediente da unidade. O Departamento abrange 86 munic\u00edpios da Zona da Mata mineira.<\/p>\n","protected":false},"author":6,"featured_media":0,"comment_status":"open","ping_status":"closed","sticky":false,"template":"","format":"standard","meta":{"_joinchat":[],"footnotes":""},"categories":[1],"tags":[],"class_list":["post-80460","post","type-post","status-publish","format-standard","hentry","category-sem-categoria"],"_links":{"self":[{"href":"https:\/\/folhadosudeste.com\/site\/index.php?rest_route=\/wp\/v2\/posts\/80460","targetHints":{"allow":["GET"]}}],"collection":[{"href":"https:\/\/folhadosudeste.com\/site\/index.php?rest_route=\/wp\/v2\/posts"}],"about":[{"href":"https:\/\/folhadosudeste.com\/site\/index.php?rest_route=\/wp\/v2\/types\/post"}],"author":[{"embeddable":true,"href":"https:\/\/folhadosudeste.com\/site\/index.php?rest_route=\/wp\/v2\/users\/6"}],"replies":[{"embeddable":true,"href":"https:\/\/folhadosudeste.com\/site\/index.php?rest_route=%2Fwp%2Fv2%2Fcomments&post=80460"}],"version-history":[{"count":1,"href":"https:\/\/folhadosudeste.com\/site\/index.php?rest_route=\/wp\/v2\/posts\/80460\/revisions"}],"predecessor-version":[{"id":80462,"href":"https:\/\/folhadosudeste.com\/site\/index.php?rest_route=\/wp\/v2\/posts\/80460\/revisions\/80462"}],"wp:attachment":[{"href":"https:\/\/folhadosudeste.com\/site\/index.php?rest_route=%2Fwp%2Fv2%2Fmedia&parent=80460"}],"wp:term":[{"taxonomy":"category","embeddable":true,"href":"https:\/\/folhadosudeste.com\/site\/index.php?rest_route=%2Fwp%2Fv2%2Fcategories&post=80460"},{"taxonomy":"post_tag","embeddable":true,"href":"https:\/\/folhadosudeste.com\/site\/index.php?rest_route=%2Fwp%2Fv2%2Ftags&post=80460"}],"curies":[{"name":"wp","href":"https:\/\/api.w.org\/{rel}","templated":true}]}}