{"id":80467,"date":"2022-02-23T17:43:11","date_gmt":"2022-02-23T17:43:11","guid":{"rendered":"http:\/\/folhadosudeste.com\/site\/?p=80467"},"modified":"2022-02-23T17:43:11","modified_gmt":"2022-02-23T17:43:11","slug":"podcast-papo-de-trabalho-e-mais-uma-iniciativa-da-assistencia-social-de-itaperuna","status":"publish","type":"post","link":"https:\/\/folhadosudeste.com\/site\/?p=80467","title":{"rendered":"PodCast \u2018Papo de Trabalho\u2019 \u00e9 mais uma iniciativa da Assist\u00eancia Social de Itaperuna"},"content":{"rendered":"<p><a href=\"http:\/\/folhadosudeste.com\/site\/wp-content\/uploads\/2022\/02\/01.jpg\"><img loading=\"lazy\" decoding=\"async\" class=\"alignnone size-full wp-image-80468\" src=\"http:\/\/folhadosudeste.com\/site\/wp-content\/uploads\/2022\/02\/01.jpg\" alt=\"\" width=\"1080\" height=\"696\" srcset=\"https:\/\/folhadosudeste.com\/site\/wp-content\/uploads\/2022\/02\/01.jpg 1080w, https:\/\/folhadosudeste.com\/site\/wp-content\/uploads\/2022\/02\/01-300x193.jpg 300w, https:\/\/folhadosudeste.com\/site\/wp-content\/uploads\/2022\/02\/01-768x495.jpg 768w, https:\/\/folhadosudeste.com\/site\/wp-content\/uploads\/2022\/02\/01-1024x660.jpg 1024w\" sizes=\"auto, (max-width: 1080px) 100vw, 1080px\" \/><\/a><\/p>\n<p style=\"font-weight: 400;\">Em Itaperuna, RJ, a Secretaria Municipal de Assist\u00eancia Social, Trabalho e Habita\u00e7\u00e3o segue avan\u00e7ando com seu trabalho di\u00e1rio, atuando com in\u00fameros projetos e programas que beneficiam, principalmente, a popula\u00e7\u00e3o mais carente do munic\u00edpio.<\/p>\n<p style=\"font-weight: 400;\">Al\u00e9m disso, a din\u00e2mica equipe do setor resolveu inovar, criando o PodCast \u201cPapo de Trabalho\u201d, objetivando divulgar not\u00edcias e informa\u00e7\u00f5es de qualidade referente ao mercado de trabalho local.<\/p>\n<p><!--more--><\/p>\n<p style=\"font-weight: 400;\">Segundo Olliver Trajano, secret\u00e1rio Municipal de Assist\u00eancia Social, Trabalho e Habita\u00e7\u00e3o, \u00e9 gratificante transformar projetos, em realidade.<\/p>\n<p style=\"font-weight: 400;\">\u201c\u00c9 sempre muito bom quando a gente consegue tirar um projeto do papel, ainda mais, quando esse projeto nos rende boas parcerias. Na \u00faltima semana n\u00f3s gravamos o primeiro epis\u00f3dio do PodCast da Assist\u00eancia Social, Papo de Trabalho, desenvolvido pela coordenadora da pasta Trabalho e Renda, Eunice Gama\u201d, comenta o secret\u00e1rio.<\/p>\n<p style=\"font-weight: 400;\">Ainda de acordo com o secret\u00e1rio, o PodCast ser\u00e1 quinzenal.<\/p>\n<p style=\"font-weight: 400;\">\u201cAl\u00e9m de buscarmos divulgar conte\u00fado de qualidade, sobre o mercado de trabalho local; a equipe vai primar por conte\u00fados inovadores, al\u00e9m de entrevistas com um bate papo descontra\u00eddo, para que o internauta possa acompanhar de onde estiver, seja atrav\u00e9s do canal no YouTube, Papo de Trabalho; ou Spotify e Instagram. Siga a gente em @papodetrabalho2022 e, vale lembrar que o link do primeiro epis\u00f3dio, est\u00e1 na Bio. Corre l\u00e1 e d\u00ea uma olhada\u201d, finaliza Olliver.<\/p>\n<p style=\"font-weight: 400;\">O PodCast \u201cPapo de Trabalho\u201d \u00e9 uma parceria com a equipe do Invictus Podcast.<\/p>\n<p>&nbsp;<\/p>\n","protected":false},"excerpt":{"rendered":"<p>Em Itaperuna, RJ, a Secretaria Municipal de Assist\u00eancia Social, Trabalho e Habita\u00e7\u00e3o segue avan\u00e7ando com seu trabalho di\u00e1rio, atuando com in\u00fameros projetos e programas que beneficiam, principalmente, a popula\u00e7\u00e3o mais carente do munic\u00edpio. Al\u00e9m disso, a din\u00e2mica equipe do setor resolveu inovar, criando o PodCast \u201cPapo de Trabalho\u201d, objetivando divulgar not\u00edcias e informa\u00e7\u00f5es de qualidade [&hellip;]<\/p>\n","protected":false},"author":6,"featured_media":0,"comment_status":"open","ping_status":"closed","sticky":false,"template":"","format":"standard","meta":{"_joinchat":[],"footnotes":""},"categories":[1],"tags":[],"class_list":["post-80467","post","type-post","status-publish","format-standard","hentry","category-sem-categoria"],"_links":{"self":[{"href":"https:\/\/folhadosudeste.com\/site\/index.php?rest_route=\/wp\/v2\/posts\/80467","targetHints":{"allow":["GET"]}}],"collection":[{"href":"https:\/\/folhadosudeste.com\/site\/index.php?rest_route=\/wp\/v2\/posts"}],"about":[{"href":"https:\/\/folhadosudeste.com\/site\/index.php?rest_route=\/wp\/v2\/types\/post"}],"author":[{"embeddable":true,"href":"https:\/\/folhadosudeste.com\/site\/index.php?rest_route=\/wp\/v2\/users\/6"}],"replies":[{"embeddable":true,"href":"https:\/\/folhadosudeste.com\/site\/index.php?rest_route=%2Fwp%2Fv2%2Fcomments&post=80467"}],"version-history":[{"count":1,"href":"https:\/\/folhadosudeste.com\/site\/index.php?rest_route=\/wp\/v2\/posts\/80467\/revisions"}],"predecessor-version":[{"id":80469,"href":"https:\/\/folhadosudeste.com\/site\/index.php?rest_route=\/wp\/v2\/posts\/80467\/revisions\/80469"}],"wp:attachment":[{"href":"https:\/\/folhadosudeste.com\/site\/index.php?rest_route=%2Fwp%2Fv2%2Fmedia&parent=80467"}],"wp:term":[{"taxonomy":"category","embeddable":true,"href":"https:\/\/folhadosudeste.com\/site\/index.php?rest_route=%2Fwp%2Fv2%2Fcategories&post=80467"},{"taxonomy":"post_tag","embeddable":true,"href":"https:\/\/folhadosudeste.com\/site\/index.php?rest_route=%2Fwp%2Fv2%2Ftags&post=80467"}],"curies":[{"name":"wp","href":"https:\/\/api.w.org\/{rel}","templated":true}]}}