{"id":80470,"date":"2022-02-24T16:37:05","date_gmt":"2022-02-24T16:37:05","guid":{"rendered":"http:\/\/folhadosudeste.com\/site\/?p=80470"},"modified":"2022-02-24T16:37:05","modified_gmt":"2022-02-24T16:37:05","slug":"uberaba-e-mais-nove-municipios-renovam-calamidade-publica","status":"publish","type":"post","link":"https:\/\/folhadosudeste.com\/site\/?p=80470","title":{"rendered":"Uberaba e mais nove munic\u00edpios renovam calamidade p\u00fablica"},"content":{"rendered":"<p><a href=\"http:\/\/folhadosudeste.com\/site\/wp-content\/uploads\/2022\/02\/WhatsApp-Image-2022-02-24-at-13.30.51.jpeg\"><img loading=\"lazy\" decoding=\"async\" class=\"alignnone size-full wp-image-80471\" src=\"http:\/\/folhadosudeste.com\/site\/wp-content\/uploads\/2022\/02\/WhatsApp-Image-2022-02-24-at-13.30.51.jpeg\" alt=\"\" width=\"1080\" height=\"712\" srcset=\"https:\/\/folhadosudeste.com\/site\/wp-content\/uploads\/2022\/02\/WhatsApp-Image-2022-02-24-at-13.30.51.jpeg 1080w, https:\/\/folhadosudeste.com\/site\/wp-content\/uploads\/2022\/02\/WhatsApp-Image-2022-02-24-at-13.30.51-300x198.jpeg 300w, https:\/\/folhadosudeste.com\/site\/wp-content\/uploads\/2022\/02\/WhatsApp-Image-2022-02-24-at-13.30.51-768x506.jpeg 768w, https:\/\/folhadosudeste.com\/site\/wp-content\/uploads\/2022\/02\/WhatsApp-Image-2022-02-24-at-13.30.51-1024x675.jpeg 1024w, https:\/\/folhadosudeste.com\/site\/wp-content\/uploads\/2022\/02\/WhatsApp-Image-2022-02-24-at-13.30.51-120x80.jpeg 120w, https:\/\/folhadosudeste.com\/site\/wp-content\/uploads\/2022\/02\/WhatsApp-Image-2022-02-24-at-13.30.51-590x390.jpeg 590w\" sizes=\"auto, (max-width: 1080px) 100vw, 1080px\" \/><\/a><\/p>\n<pre class=\"content_01_subtitle\"><strong>Plen\u00e1rio da Assembleia aprovou prorroga\u00e7\u00e3o em fun\u00e7\u00e3o da pandemia at\u00e9 31 de mar\u00e7o\r\n<\/strong><\/pre>\n<p>O Plen\u00e1rio da Assembleia Legislativa de Minas Gerais (ALMG) aprovou, na manh\u00e3 desta quinta-feira (24\/2\/22), o segundo Projeto de Resolu\u00e7\u00e3o em 2022 pedindo a&nbsp;<strong>prorroga\u00e7\u00e3o do estado de calamidade p\u00fablica em decorr\u00eancia da pandemia de Covid-19<\/strong>&nbsp;em munic\u00edpios mineiros. Desta vez, Uberaba (Tri\u00e2ngulo) e outros nove munic\u00edpios do Estado foram contemplados. A prorroga\u00e7\u00e3o \u00e9 v\u00e1lida at\u00e9&nbsp;<strong>31 de mar\u00e7o de 2022<\/strong>.<\/p>\n<p><!--more--><\/p>\n<p><a title=\"Consulte o resultado e assista ao v\u00eddeo completo da reuni\u00e3o\" href=\"https:\/\/www.almg.gov.br\/atividade_parlamentar\/plenario\/interna.html?tipo=pauta&amp;dia=24&amp;mes=2&amp;ano=2022&amp;hr=10:00&amp;aba=resultado\" target=\"_blank\" rel=\"noopener\">Consulte o resultado e assista ao v\u00eddeo completo da reuni\u00e3o<\/a>.<\/p>\n<p>O&nbsp;<a title=\"Projeto de Resolu\u00e7\u00e3o (PRE) 166\/22\" href=\"https:\/\/www.almg.gov.br\/atividade_parlamentar\/tramitacao_projetos\/interna.html?a=2022&amp;n=166&amp;t=PRE&amp;aba=js_tabVisao\" target=\"_blank\" rel=\"noopener\">Projeto de Resolu\u00e7\u00e3o (PRE) 166\/22<\/a>&nbsp;foi aprovado em turno \u00fanico e por unanimidade com rito de vota\u00e7\u00e3o especial adotado em fun\u00e7\u00e3o da crise sanit\u00e1ria. O rito foi definido pelo Col\u00e9gio de L\u00edderes e tem base na&nbsp;<a title=\"Delibera\u00e7\u00e3o da Mesa 2.776\/21\" href=\"https:\/\/www.almg.gov.br\/consulte\/legislacao\/completa\/completa.html?tipo=DLB&amp;num=2776&amp;comp=&amp;ano=2021\" target=\"_blank\" rel=\"noopener\">Delibera\u00e7\u00e3o da Mesa 2.776\/21<\/a>, que confere prioridade a mat\u00e9rias relacionadas \u00e0 Covid-19 nas vota\u00e7\u00f5es da Casa e permite a vota\u00e7\u00e3o virtual.<\/p>\n<p>O PRE reconhece atos normativos dos prefeitos dos dez munic\u00edpios com vistas \u00e0 prorroga\u00e7\u00e3o da calamidade p\u00fablica. A medida flexibiliza o disposto na&nbsp;<a title=\"Lei de Responsabilidade Fiscal\" href=\"http:\/\/www.planalto.gov.br\/ccivil_03\/leis\/lcp\/lcp101.htm\" target=\"_blank\" rel=\"noopener\">Lei de Responsabilidade Fiscal<\/a>. Dessa forma, enquanto perdurar a situa\u00e7\u00e3o de calamidade, ficam suspensas a contagem dos prazos e as disposi\u00e7\u00f5es referentes a despesas com pessoal e \u00e0 d\u00edvida consolidada. Al\u00e9m disso, os munic\u00edpios ficam dispensados de atingir os resultados fiscais.<\/p>\n<p>As cidades contempladas no texto aprovado esta manh\u00e3 s\u00e3o:<\/p>\n<ul>\n<li>Alto Parana\u00edba: Arax\u00e1<\/li>\n<li>Regi\u00e3o Central: Caet\u00e9, Cristiano Otoni, Itabirito, Lagoa Dourada, Santa Luzia e S\u00e3o Tiago<\/li>\n<li>Sul de Minas: Carrancas<\/li>\n<li>Tri\u00e2ngulo: Pirajuba e Uberaba<\/li>\n<\/ul>\n<p>Em 9 de fevereiro deste ano, o&nbsp;<a title=\"PRE 163\/22\" href=\"https:\/\/www.almg.gov.br\/atividade_parlamentar\/tramitacao_projetos\/interna.html?a=2022&amp;n=163&amp;t=PRE\" target=\"_blank\" rel=\"noopener\">PRE 163\/22<\/a>&nbsp;tamb\u00e9m foi aprovado em Plen\u00e1rio com a mesma finalidade, contemplando Belo Horizonte e outros nove munic\u00edpios naquela prorroga\u00e7\u00e3o.<\/p>\n<p>Ao longo da pandemia, o reconhecimento da calamidade tem viabilizado, aos munic\u00edpios, alocarem volume de recursos para o combate \u00e0 crise sanit\u00e1ria e social.<\/p>\n<p>O parecer do deputado C\u00e1ssio Soares (PSD) ressalta que a perman\u00eancia dos efeitos da pandemia torna necess\u00e1rio o reconhecimento da calamidade, mas que o&nbsp;<strong>avan\u00e7o da vacina\u00e7\u00e3o permite que o prazo para tal prorroga\u00e7\u00e3o seja curto<\/strong>, fixado at\u00e9 31 de mar\u00e7o. A mat\u00e9ria segue agora para a san\u00e7\u00e3o do governador Romeu Zema (Novo).<\/p>\n<p>Em declara\u00e7\u00e3o de voto nesta manh\u00e3, o deputado Bart\u00f4 (sem partido) se disse contr\u00e1rio \u00e0 aprova\u00e7\u00e3o do projeto, alegando que, com o avan\u00e7o da vacina\u00e7\u00e3o, a prorroga\u00e7\u00e3o n\u00e3o seria necess\u00e1ria e abriria margem para que munic\u00edpios \u201cburlassem\u201d a Lei de Responsabilidade Fiscal.<\/p>\n<p>&nbsp;<\/p>\n<p>Fonte: ALMG Assessoria de Imprensa\/Foto: Ricardo Barbosa&nbsp;&nbsp;<\/p>\n<pre class=\"content_01_subtitle\">&nbsp;<\/pre>\n","protected":false},"excerpt":{"rendered":"<p>Plen\u00e1rio da Assembleia aprovou prorroga\u00e7\u00e3o em fun\u00e7\u00e3o da pandemia at\u00e9 31 de mar\u00e7o O Plen\u00e1rio da Assembleia Legislativa de Minas Gerais (ALMG) aprovou, na manh\u00e3 desta quinta-feira (24\/2\/22), o segundo Projeto de Resolu\u00e7\u00e3o em 2022 pedindo a&nbsp;prorroga\u00e7\u00e3o do estado de calamidade p\u00fablica em decorr\u00eancia da pandemia de Covid-19&nbsp;em munic\u00edpios mineiros. Desta vez, Uberaba (Tri\u00e2ngulo) e [&hellip;]<\/p>\n","protected":false},"author":6,"featured_media":0,"comment_status":"open","ping_status":"closed","sticky":false,"template":"","format":"standard","meta":{"_joinchat":[],"footnotes":""},"categories":[1],"tags":[],"class_list":["post-80470","post","type-post","status-publish","format-standard","hentry","category-sem-categoria"],"_links":{"self":[{"href":"https:\/\/folhadosudeste.com\/site\/index.php?rest_route=\/wp\/v2\/posts\/80470","targetHints":{"allow":["GET"]}}],"collection":[{"href":"https:\/\/folhadosudeste.com\/site\/index.php?rest_route=\/wp\/v2\/posts"}],"about":[{"href":"https:\/\/folhadosudeste.com\/site\/index.php?rest_route=\/wp\/v2\/types\/post"}],"author":[{"embeddable":true,"href":"https:\/\/folhadosudeste.com\/site\/index.php?rest_route=\/wp\/v2\/users\/6"}],"replies":[{"embeddable":true,"href":"https:\/\/folhadosudeste.com\/site\/index.php?rest_route=%2Fwp%2Fv2%2Fcomments&post=80470"}],"version-history":[{"count":1,"href":"https:\/\/folhadosudeste.com\/site\/index.php?rest_route=\/wp\/v2\/posts\/80470\/revisions"}],"predecessor-version":[{"id":80472,"href":"https:\/\/folhadosudeste.com\/site\/index.php?rest_route=\/wp\/v2\/posts\/80470\/revisions\/80472"}],"wp:attachment":[{"href":"https:\/\/folhadosudeste.com\/site\/index.php?rest_route=%2Fwp%2Fv2%2Fmedia&parent=80470"}],"wp:term":[{"taxonomy":"category","embeddable":true,"href":"https:\/\/folhadosudeste.com\/site\/index.php?rest_route=%2Fwp%2Fv2%2Fcategories&post=80470"},{"taxonomy":"post_tag","embeddable":true,"href":"https:\/\/folhadosudeste.com\/site\/index.php?rest_route=%2Fwp%2Fv2%2Ftags&post=80470"}],"curies":[{"name":"wp","href":"https:\/\/api.w.org\/{rel}","templated":true}]}}