{"id":80484,"date":"2022-03-02T18:29:26","date_gmt":"2022-03-02T18:29:26","guid":{"rendered":"http:\/\/folhadosudeste.com\/site\/?p=80484"},"modified":"2022-03-02T18:31:28","modified_gmt":"2022-03-02T18:31:28","slug":"carteira-de-identidade-veja-como-sera-o-novo-rg","status":"publish","type":"post","link":"https:\/\/folhadosudeste.com\/site\/?p=80484","title":{"rendered":"Carteira de Identidade: veja como ser\u00e1 o novo RG"},"content":{"rendered":"<figure id=\"attachment_80485\" aria-describedby=\"caption-attachment-80485\" style=\"width: 742px\" class=\"wp-caption alignnone\"><a href=\"http:\/\/folhadosudeste.com\/site\/wp-content\/uploads\/2022\/03\/whatsapp-image-2022-02-23-at-16.12.10.jpeg\"><img loading=\"lazy\" decoding=\"async\" class=\"wp-image-80485 \" src=\"http:\/\/folhadosudeste.com\/site\/wp-content\/uploads\/2022\/03\/whatsapp-image-2022-02-23-at-16.12.10.jpeg\" alt=\"\" width=\"742\" height=\"852\" srcset=\"https:\/\/folhadosudeste.com\/site\/wp-content\/uploads\/2022\/03\/whatsapp-image-2022-02-23-at-16.12.10.jpeg 1000w, https:\/\/folhadosudeste.com\/site\/wp-content\/uploads\/2022\/03\/whatsapp-image-2022-02-23-at-16.12.10-261x300.jpeg 261w, https:\/\/folhadosudeste.com\/site\/wp-content\/uploads\/2022\/03\/whatsapp-image-2022-02-23-at-16.12.10-768x882.jpeg 768w, https:\/\/folhadosudeste.com\/site\/wp-content\/uploads\/2022\/03\/whatsapp-image-2022-02-23-at-16.12.10-891x1024.jpeg 891w\" sizes=\"auto, (max-width: 742px) 100vw, 742px\" \/><\/a><figcaption id=\"caption-attachment-80485\" class=\"wp-caption-text\">Modelo foi anunciado, nesta quarta-feira (23), pelo governo federal. N\u00famero do documento ser\u00e1 unificado no pa\u00eds por meio do CPF<\/figcaption><\/figure>\n<p class=\"content-head__subtitle\">Novo modelo da carteira de identidade anunciado pelo governo federal \u2014 Foto: MJ\/Divulga\u00e7\u00e3o<\/p>\n<p>O governo federal anunciou, nesta quarta-feira (23), um novo modelo de carteira de identidade para o Brasil. O objetivo \u00e9 unificar o n\u00famero do documento em todas as unidades da federa\u00e7\u00e3o por meio do Cadastro de Pessoas F\u00edsicas (CPF).<\/p>\n<p>O decreto que regulamenta a lei foi publicado no Di\u00e1rio Oficial da Uni\u00e3o, durante a tarde. O prazo para que os institutos de identifica\u00e7\u00e3o estejam aptos para emitir o novo documento vai at\u00e9 mar\u00e7o do ano que vem.<\/p>\n<p><!--more--><\/p>\n<h2>Veja o que muda na nova carteira de identidade<\/h2>\n<ul>\n<li>\n<h3>O que \u00e9 a nova carteira de identidade?<\/h3>\n<p>O novo RG ser\u00e1 estabelecido por meio de decreto do governo federal, previsto para entrar em vigor em 1\u00b0 de mar\u00e7o. Os institutos de identifica\u00e7\u00e3o tem at\u00e9 mar\u00e7o de 2023 para se adequar. O documento trar\u00e1 uma identifica\u00e7\u00e3o \u00fanica por meio do CPF para todo pa\u00eds e poder\u00e1 ser consultado pela internet, a partir do recebimento.<\/li>\n<li>\n<h3>O que muda?<\/h3>\n<p>Com a nova documenta\u00e7\u00e3o, a numera\u00e7\u00e3o ser\u00e1 \u00fanica e a autenticidade poder\u00e1 ser checada por QR code, inclusive offline. Ou seja, apenas o CPF ser\u00e1 considerado.<\/li>\n<\/ul>\n<p>Atualmente, as pessoas retiram a carteira de identidade em uma unidade da federa\u00e7\u00e3o com um n\u00famero, por\u00e9m, em caso de perda e solicita\u00e7\u00e3o em outro estado, por exemplo, a numera\u00e7\u00e3o vem diferente. Na pr\u00e1tica, atualmente \u00e9 poss\u00edvel ter 27 n\u00fameros de RG no Brasil.<\/p>\n<p>A medida prev\u00ea ainda que a nova carteira de identidade poder\u00e1 ser considerada um documento de viagem, j\u00e1 que vai entrar no padr\u00e3o internacional. O documento ter\u00e1 c\u00f3digo MRZ (Machine Readable Zone), o mesmo que consta nos passaportes, e poder\u00e1 ser lido por equipamentos.<\/p>\n<p>No entanto, governo federal informou que o RG poder\u00e1 ser considerado apenas em viagens internacionais a pa\u00edses do Mercosul e que a mudan\u00e7a \u00e9 apenas no sentido de facilitar a verifica\u00e7\u00e3o da validade do documento. Portanto, o passaporte ainda se faz necess\u00e1rio.<\/p>\n<ul>\n<li>\n<h3>Como obter a nova carteira de identidade?<\/h3>\n<p>O governo federal informou que as secretarias de Seguran\u00e7a P\u00fablica de cada estado e do DF ser\u00e3o respons\u00e1veis pela disponibiliza\u00e7\u00e3o do novo RG. O prazo para que os institutos de identifica\u00e7\u00e3o se adequem \u00e0 nova norma \u00e9 at\u00e9 3 de mar\u00e7o de 2023.<\/li>\n<\/ul>\n<p>Essa \u00e9 a data limite para que os \u00f3rg\u00e3os estabele\u00e7am um esquema de fornecimento do novo documento. O Executivo disse ainda que a emiss\u00e3o dever\u00e1 ser gratuita.<\/p>\n<ul>\n<li>\n<h3>O que acontece com a carteira de identidade atual?<\/h3>\n<p>De acordo com a norma estabelecida pelo governo federal, o RG atual continuar\u00e1 valendo por at\u00e9 10 anos para popula\u00e7\u00e3o de at\u00e9 60 anos. Para quem tem mais de 60 aos, o documento ainda ser\u00e1 aceito &#8220;por prazo indeterminado&#8221;.<\/li>\n<li>\n<h3>Qual motivo da unifica\u00e7\u00e3o entre RG e CPF?<\/h3>\n<p>O governo federal informou que a mudan\u00e7a vai &#8220;simplificar a vida do cidad\u00e3o&#8221;, al\u00e9m de &#8220;coibir fraudes&#8221;. Segundo o Executivo, como o documento permite checagem da autenticidade por QR Code, ele \u00e9 mais seguro.<\/li>\n<li>\n<h3>O que acontece se uma pessoa solicitar a carteira de identidade sem ter CPF?<\/h3>\n<p>O \u00f3rg\u00e3o de identifica\u00e7\u00e3o local vai realizar, de imediato, a inscri\u00e7\u00e3o do cidad\u00e3o no CPF, segundo o decreto. A orienta\u00e7\u00e3o \u00e9 de que as regras da Receita Federal sejam seguidas.<\/li>\n<li>\n<h3>A nova identidade substitui algum outro documento, como a carteira de habilita\u00e7\u00e3o, por exemplo?<\/h3>\n<p>O governo federal informou que o novo RG n\u00e3o substitui nenhum tipo de documento que est\u00e1 em vigor, apenas a pr\u00f3pria identidade atual. A Carteira Nacional de Habilita\u00e7\u00e3o (CNH), por exemplo, ainda ser\u00e1 necess\u00e1ria, j\u00e1 que tem uma finalidade diferente.<\/li>\n<li>\n<h3>Quais documentos ser\u00e3o exigidos para a expedi\u00e7\u00e3o do novo RG?<\/h3>\n<p>Para obter a nova identidade, o requerente dever\u00e1 apresentar a certid\u00e3o de nascimento ou de casamento em formato f\u00edsico ou digital. O documento ser\u00e1 expedido em papel de seguran\u00e7a ou em cart\u00e3o de policarbonato (pl\u00e1stico), al\u00e9m do formato digital.<\/li>\n<\/ul>\n<h2>O que consta na nova carteira de identidade?<\/h2>\n<p><a href=\"http:\/\/folhadosudeste.com\/site\/wp-content\/uploads\/2022\/03\/noo-rg.jpg\"><img loading=\"lazy\" decoding=\"async\" class=\"alignnone size-full wp-image-80486\" src=\"http:\/\/folhadosudeste.com\/site\/wp-content\/uploads\/2022\/03\/noo-rg.jpg\" alt=\"\" width=\"1000\" height=\"706\" srcset=\"https:\/\/folhadosudeste.com\/site\/wp-content\/uploads\/2022\/03\/noo-rg.jpg 1000w, https:\/\/folhadosudeste.com\/site\/wp-content\/uploads\/2022\/03\/noo-rg-300x212.jpg 300w, https:\/\/folhadosudeste.com\/site\/wp-content\/uploads\/2022\/03\/noo-rg-768x542.jpg 768w\" sizes=\"auto, (max-width: 1000px) 100vw, 1000px\" \/><\/a><\/p>\n<p>Novo modelo da carteira de identidade brasileira \u2014 Foto: DOU\/Reprodu\u00e7\u00e3o<\/p>\n<ol class=\"content-ordered-list theme-ordered-list-color-primary\">\n<li>Armas da Rep\u00fablica Federativa do Brasil, a inscri\u00e7\u00e3o &#8220;Rep\u00fablica Federativa do Brasil&#8221; e a inscri\u00e7\u00e3o &#8220;Governo Federal&#8221;;<\/li>\n<li>Identifica\u00e7\u00e3o do ente federativo que a expediu;<\/li>\n<li>Identifica\u00e7\u00e3o do \u00f3rg\u00e3o expedidor;<\/li>\n<li>N\u00famero do registro geral nacional;<\/li>\n<li>Nome, a filia\u00e7\u00e3o, o sexo, a nacionalidade, o local e a data de nascimento do titular;<\/li>\n<li>N\u00famero \u00fanico da matr\u00edcula de nascimento ou de casamento do titular ou, se n\u00e3o houver, de forma resumida, a comarca, o cart\u00f3rio, o livro, a folha e o n\u00famero do registro de nascimento ou casamento;<\/li>\n<li>Fotografia, em propor\u00e7\u00e3o que observe o formato 3&#215;4 cm, de acordo com o padr\u00e3o da Organiza\u00e7\u00e3o Internacional da Avia\u00e7\u00e3o Civil (OACI), a assinatura e a impress\u00e3o digital do polegar direito do titular;<\/li>\n<li>Assinatura do dirigente do \u00f3rg\u00e3o expedidor;<\/li>\n<li>Express\u00e3o &#8220;V\u00e1lida em todo o territ\u00f3rio nacional&#8221;;<\/li>\n<li>Data de validade, o local e a data de expedi\u00e7\u00e3o do documento;<\/li>\n<li>C\u00f3digo de barras bidimensional no padr\u00e3o QR Code;<\/li>\n<li>Zona de leitura mec\u00e2nica, de acordo com o padr\u00e3o estabelecido pela OACI.<\/li>\n<\/ol>\n<p>Fonte: g1.globo.com<\/p>\n","protected":false},"excerpt":{"rendered":"<p>Novo modelo da carteira de identidade anunciado pelo governo federal \u2014 Foto: MJ\/Divulga\u00e7\u00e3o O governo federal anunciou, nesta quarta-feira (23), um novo modelo de carteira de identidade para o Brasil. O objetivo \u00e9 unificar o n\u00famero do documento em todas as unidades da federa\u00e7\u00e3o por meio do Cadastro de Pessoas F\u00edsicas (CPF). O decreto que [&hellip;]<\/p>\n","protected":false},"author":6,"featured_media":0,"comment_status":"open","ping_status":"closed","sticky":false,"template":"","format":"standard","meta":{"_joinchat":[],"footnotes":""},"categories":[1],"tags":[],"class_list":["post-80484","post","type-post","status-publish","format-standard","hentry","category-sem-categoria"],"_links":{"self":[{"href":"https:\/\/folhadosudeste.com\/site\/index.php?rest_route=\/wp\/v2\/posts\/80484","targetHints":{"allow":["GET"]}}],"collection":[{"href":"https:\/\/folhadosudeste.com\/site\/index.php?rest_route=\/wp\/v2\/posts"}],"about":[{"href":"https:\/\/folhadosudeste.com\/site\/index.php?rest_route=\/wp\/v2\/types\/post"}],"author":[{"embeddable":true,"href":"https:\/\/folhadosudeste.com\/site\/index.php?rest_route=\/wp\/v2\/users\/6"}],"replies":[{"embeddable":true,"href":"https:\/\/folhadosudeste.com\/site\/index.php?rest_route=%2Fwp%2Fv2%2Fcomments&post=80484"}],"version-history":[{"count":5,"href":"https:\/\/folhadosudeste.com\/site\/index.php?rest_route=\/wp\/v2\/posts\/80484\/revisions"}],"predecessor-version":[{"id":80491,"href":"https:\/\/folhadosudeste.com\/site\/index.php?rest_route=\/wp\/v2\/posts\/80484\/revisions\/80491"}],"wp:attachment":[{"href":"https:\/\/folhadosudeste.com\/site\/index.php?rest_route=%2Fwp%2Fv2%2Fmedia&parent=80484"}],"wp:term":[{"taxonomy":"category","embeddable":true,"href":"https:\/\/folhadosudeste.com\/site\/index.php?rest_route=%2Fwp%2Fv2%2Fcategories&post=80484"},{"taxonomy":"post_tag","embeddable":true,"href":"https:\/\/folhadosudeste.com\/site\/index.php?rest_route=%2Fwp%2Fv2%2Ftags&post=80484"}],"curies":[{"name":"wp","href":"https:\/\/api.w.org\/{rel}","templated":true}]}}