{"id":80500,"date":"2022-03-04T16:52:32","date_gmt":"2022-03-04T16:52:32","guid":{"rendered":"http:\/\/folhadosudeste.com\/site\/?p=80500"},"modified":"2022-03-04T16:52:32","modified_gmt":"2022-03-04T16:52:32","slug":"camara-de-muriae-se-reune-com-hospital-sao-paulo-para-discutir-aprovacao-de-recurso-de-r-2-milhoes-para-atendimento-a-populacao","status":"publish","type":"post","link":"https:\/\/folhadosudeste.com\/site\/?p=80500","title":{"rendered":"C\u00e2mara de Muria\u00e9 se re\u00fane com Hospital S\u00e3o Paulo para discutir aprova\u00e7\u00e3o de recurso de R$ 2 milh\u00f5es para atendimento \u00e0 popula\u00e7\u00e3o"},"content":{"rendered":"<p><a href=\"http:\/\/folhadosudeste.com\/site\/wp-content\/uploads\/2022\/03\/DSC_0027.jpg\"><img loading=\"lazy\" decoding=\"async\" class=\"alignnone size-full wp-image-80501\" src=\"http:\/\/folhadosudeste.com\/site\/wp-content\/uploads\/2022\/03\/DSC_0027.jpg\" alt=\"\" width=\"800\" height=\"534\" srcset=\"https:\/\/folhadosudeste.com\/site\/wp-content\/uploads\/2022\/03\/DSC_0027.jpg 800w, https:\/\/folhadosudeste.com\/site\/wp-content\/uploads\/2022\/03\/DSC_0027-300x200.jpg 300w, https:\/\/folhadosudeste.com\/site\/wp-content\/uploads\/2022\/03\/DSC_0027-768x513.jpg 768w, https:\/\/folhadosudeste.com\/site\/wp-content\/uploads\/2022\/03\/DSC_0027-120x80.jpg 120w, https:\/\/folhadosudeste.com\/site\/wp-content\/uploads\/2022\/03\/DSC_0027-345x230.jpg 345w\" sizes=\"auto, (max-width: 800px) 100vw, 800px\" \/><\/a><\/p>\n<p style=\"font-weight: 400;\">Nesta sexta-feira, dia 04 de mar\u00e7o, o presidente da C\u00e2mara de Muria\u00e9, Ciso (PL), acompanhado dos vereadores Anderson (PSD), Celsinho (PSD), Evandro Cheroso (Cidadania), Forim (Solidariedade) e Valdinei Lacerda (PSD) estiveram reunidos com a dire\u00e7\u00e3o e funcion\u00e1rios de diversos setores da Casa de Caridade Hospital S\u00e3o Paulo (HSP) para discutir o Projeto Lei 001\/2022. Este projeto autoriza o chefe do Poder Executivo Municipal a efetivar abertura de Cr\u00e9dito Adicional Suplementar na Lei Or\u00e7ament\u00e1ria de 2021, destinando R$ 2 milh\u00f5es ao HSP.<\/p>\n<p><!--more--><\/p>\n<p style=\"font-weight: 400;\">O motivo do encontro foi esclarecer as d\u00favidas dos legisladores quanto ao uso do recurso e sua fonte. \u201cNossa preocupa\u00e7\u00e3o \u00e9 que a popula\u00e7\u00e3o tenha o melhor atendimento poss\u00edvel no Hospital S\u00e3o Paulo e, para tanto, precis\u00e1vamos saber como seria destinado este recurso, o que foi prontamente apresentado em n\u00fameros e extratos e a outra preocupa\u00e7\u00e3o \u00e9 que o projeto prev\u00ea a retirada dos recursos da Unidade de Pronto Atendimento (UPA), o que consideramos preocupante, pois conforme vimos na reuni\u00e3o, a sa\u00fade p\u00fablica em Muria\u00e9 carece de mais recursos e n\u00e3o remanejamentos de uma unidade para a outra\u201d, explicou o presidente Ciso.<\/p>\n<p style=\"font-weight: 400;\">Durante a reuni\u00e3o, a diretoria do HSP apresentou informa\u00e7\u00f5es que recebeu de representantes do Executivo de que a UPA j\u00e1 vem recebendo recursos para manuten\u00e7\u00e3o de suas atividades e, portanto, n\u00e3o haver\u00e1 preju\u00edzo em seu atendimento.<\/p>\n<p style=\"font-weight: 400;\">Diante dos dados apresentados, os vereadores constataram que o recurso proposto pelo Executivo (R$ 2 milh\u00f5es) ainda \u00e9 insuficiente para que a institui\u00e7\u00e3o possa oferecer o melhor atendimento poss\u00edvel \u00e0 popula\u00e7\u00e3o, ampliando aos servi\u00e7os de ambulat\u00f3rio.<\/p>\n<p style=\"font-weight: 400;\">\u201cEstamos fazendo nosso papel de questionar, verificar e entender a real necessidade da destina\u00e7\u00e3o de recursos do povo para as institui\u00e7\u00f5es de sa\u00fade de Muria\u00e9, pois este deve ser um das atribui\u00e7\u00f5es nossa, como vereador\u201d, explica Valdinei Lacerda. \u201cQuando protelamos a vota\u00e7\u00e3o de um projeto como este, nosso objetivo n\u00e3o \u00e9 prejudicar ningu\u00e9m, pelo contr\u00e1rio, buscamos entendimento e clareza para tomarmos a decis\u00e3o que melhor favore\u00e7a o povo de Muria\u00e9\u201d, explicou o vereador Forim. \u201cE precisamos, como leigos que somos em sa\u00fade, entender os dados, saber como funciona o sistema, verificar de perto as reais car\u00eancias para buscarmos mecanismos de promo\u00e7\u00e3o do atendimento de sa\u00fade em nossa cidade\u201d, complementa o vereador Anderson.<\/p>\n<p style=\"font-weight: 400;\">\u201cDesde de que todas as unidades tenham garantidas os recursos para que possam oferecer o melhor atendimento gratuito poss\u00edvel ao povo, n\u00e3o retirando recurso de uma para outra, estamos favor\u00e1veis ao projeto\u201d, posiciona-se o vereador Celsinho. \u201cMas \u00e9 importante destacar que vamos estar sempre atentos, cobrando, fiscalizando e discutindo com bastante cuidado, pois estamos lidando com o dinheiro p\u00fablico e com a sa\u00fade do povo e precisamos ser cuidadosos com isso\u201d, afirma o vereador Evandro Cheroso.<\/p>\n<p style=\"font-weight: 400;\">O di\u00e1logo claro e transparente entre as duas partes possibilitou o entendimento do Legislativo quanto \u00e0 urg\u00eancia na aprova\u00e7\u00e3o deste recurso. Por isso, ao t\u00e9rmino da reuni\u00e3o, o presidente Ciso garantiu a inclus\u00e3o do projeto na pauta da pr\u00f3xima sess\u00e3o, na ter\u00e7a-feira, dia 8 de mar\u00e7o, para discuss\u00e3o e vota\u00e7\u00e3o.&nbsp;<\/p>\n<p><a href=\"http:\/\/folhadosudeste.com\/site\/wp-content\/uploads\/2022\/03\/DSC_0047.jpg\"><img loading=\"lazy\" decoding=\"async\" class=\"alignnone size-full wp-image-80502\" src=\"http:\/\/folhadosudeste.com\/site\/wp-content\/uploads\/2022\/03\/DSC_0047.jpg\" alt=\"\" width=\"800\" height=\"534\" srcset=\"https:\/\/folhadosudeste.com\/site\/wp-content\/uploads\/2022\/03\/DSC_0047.jpg 800w, https:\/\/folhadosudeste.com\/site\/wp-content\/uploads\/2022\/03\/DSC_0047-300x200.jpg 300w, https:\/\/folhadosudeste.com\/site\/wp-content\/uploads\/2022\/03\/DSC_0047-768x513.jpg 768w, https:\/\/folhadosudeste.com\/site\/wp-content\/uploads\/2022\/03\/DSC_0047-120x80.jpg 120w, https:\/\/folhadosudeste.com\/site\/wp-content\/uploads\/2022\/03\/DSC_0047-345x230.jpg 345w\" sizes=\"auto, (max-width: 800px) 100vw, 800px\" \/><\/a> <a href=\"http:\/\/folhadosudeste.com\/site\/wp-content\/uploads\/2022\/03\/DSC_0019.jpg\"><img loading=\"lazy\" decoding=\"async\" class=\"alignnone size-full wp-image-80503\" src=\"http:\/\/folhadosudeste.com\/site\/wp-content\/uploads\/2022\/03\/DSC_0019.jpg\" alt=\"\" width=\"700\" height=\"467\" srcset=\"https:\/\/folhadosudeste.com\/site\/wp-content\/uploads\/2022\/03\/DSC_0019.jpg 700w, https:\/\/folhadosudeste.com\/site\/wp-content\/uploads\/2022\/03\/DSC_0019-300x200.jpg 300w, https:\/\/folhadosudeste.com\/site\/wp-content\/uploads\/2022\/03\/DSC_0019-120x80.jpg 120w, https:\/\/folhadosudeste.com\/site\/wp-content\/uploads\/2022\/03\/DSC_0019-345x230.jpg 345w\" sizes=\"auto, (max-width: 700px) 100vw, 700px\" \/><\/a> <a href=\"http:\/\/folhadosudeste.com\/site\/wp-content\/uploads\/2022\/03\/DSC_0033.jpg\"><img loading=\"lazy\" decoding=\"async\" class=\"alignnone size-full wp-image-80504\" src=\"http:\/\/folhadosudeste.com\/site\/wp-content\/uploads\/2022\/03\/DSC_0033.jpg\" alt=\"\" width=\"800\" height=\"534\" srcset=\"https:\/\/folhadosudeste.com\/site\/wp-content\/uploads\/2022\/03\/DSC_0033.jpg 800w, https:\/\/folhadosudeste.com\/site\/wp-content\/uploads\/2022\/03\/DSC_0033-300x200.jpg 300w, https:\/\/folhadosudeste.com\/site\/wp-content\/uploads\/2022\/03\/DSC_0033-768x513.jpg 768w, https:\/\/folhadosudeste.com\/site\/wp-content\/uploads\/2022\/03\/DSC_0033-120x80.jpg 120w, https:\/\/folhadosudeste.com\/site\/wp-content\/uploads\/2022\/03\/DSC_0033-345x230.jpg 345w\" sizes=\"auto, (max-width: 800px) 100vw, 800px\" \/><\/a> <a href=\"http:\/\/folhadosudeste.com\/site\/wp-content\/uploads\/2022\/03\/DSC_0037.jpg\"><img loading=\"lazy\" decoding=\"async\" class=\"alignnone size-full wp-image-80505\" src=\"http:\/\/folhadosudeste.com\/site\/wp-content\/uploads\/2022\/03\/DSC_0037.jpg\" alt=\"\" width=\"800\" height=\"534\" srcset=\"https:\/\/folhadosudeste.com\/site\/wp-content\/uploads\/2022\/03\/DSC_0037.jpg 800w, https:\/\/folhadosudeste.com\/site\/wp-content\/uploads\/2022\/03\/DSC_0037-300x200.jpg 300w, https:\/\/folhadosudeste.com\/site\/wp-content\/uploads\/2022\/03\/DSC_0037-768x513.jpg 768w, https:\/\/folhadosudeste.com\/site\/wp-content\/uploads\/2022\/03\/DSC_0037-120x80.jpg 120w, https:\/\/folhadosudeste.com\/site\/wp-content\/uploads\/2022\/03\/DSC_0037-345x230.jpg 345w\" sizes=\"auto, (max-width: 800px) 100vw, 800px\" \/><\/a> <a href=\"http:\/\/folhadosudeste.com\/site\/wp-content\/uploads\/2022\/03\/DSC_0040.jpg\"><img loading=\"lazy\" decoding=\"async\" class=\"alignnone size-full wp-image-80506\" src=\"http:\/\/folhadosudeste.com\/site\/wp-content\/uploads\/2022\/03\/DSC_0040.jpg\" alt=\"\" width=\"800\" height=\"534\" srcset=\"https:\/\/folhadosudeste.com\/site\/wp-content\/uploads\/2022\/03\/DSC_0040.jpg 800w, https:\/\/folhadosudeste.com\/site\/wp-content\/uploads\/2022\/03\/DSC_0040-300x200.jpg 300w, https:\/\/folhadosudeste.com\/site\/wp-content\/uploads\/2022\/03\/DSC_0040-768x513.jpg 768w, https:\/\/folhadosudeste.com\/site\/wp-content\/uploads\/2022\/03\/DSC_0040-120x80.jpg 120w, https:\/\/folhadosudeste.com\/site\/wp-content\/uploads\/2022\/03\/DSC_0040-345x230.jpg 345w\" sizes=\"auto, (max-width: 800px) 100vw, 800px\" \/><\/a> <a href=\"http:\/\/folhadosudeste.com\/site\/wp-content\/uploads\/2022\/03\/DSC_0045.jpg\"><img loading=\"lazy\" decoding=\"async\" class=\"alignnone size-full wp-image-80507\" src=\"http:\/\/folhadosudeste.com\/site\/wp-content\/uploads\/2022\/03\/DSC_0045.jpg\" alt=\"\" width=\"800\" height=\"534\" srcset=\"https:\/\/folhadosudeste.com\/site\/wp-content\/uploads\/2022\/03\/DSC_0045.jpg 800w, https:\/\/folhadosudeste.com\/site\/wp-content\/uploads\/2022\/03\/DSC_0045-300x200.jpg 300w, https:\/\/folhadosudeste.com\/site\/wp-content\/uploads\/2022\/03\/DSC_0045-768x513.jpg 768w, https:\/\/folhadosudeste.com\/site\/wp-content\/uploads\/2022\/03\/DSC_0045-120x80.jpg 120w, https:\/\/folhadosudeste.com\/site\/wp-content\/uploads\/2022\/03\/DSC_0045-345x230.jpg 345w\" sizes=\"auto, (max-width: 800px) 100vw, 800px\" \/><\/a><\/p>\n<p>Fonte: Assessoria de Comunica\u00e7\u00e3o da C\u00e2mara de Muria\u00e9\/Walace Nolasco<\/p>\n","protected":false},"excerpt":{"rendered":"<p>Nesta sexta-feira, dia 04 de mar\u00e7o, o presidente da C\u00e2mara de Muria\u00e9, Ciso (PL), acompanhado dos vereadores Anderson (PSD), Celsinho (PSD), Evandro Cheroso (Cidadania), Forim (Solidariedade) e Valdinei Lacerda (PSD) estiveram reunidos com a dire\u00e7\u00e3o e funcion\u00e1rios de diversos setores da Casa de Caridade Hospital S\u00e3o Paulo (HSP) para discutir o Projeto Lei 001\/2022. Este [&hellip;]<\/p>\n","protected":false},"author":6,"featured_media":0,"comment_status":"open","ping_status":"closed","sticky":false,"template":"","format":"standard","meta":{"_joinchat":[],"footnotes":""},"categories":[1],"tags":[],"class_list":["post-80500","post","type-post","status-publish","format-standard","hentry","category-sem-categoria"],"_links":{"self":[{"href":"https:\/\/folhadosudeste.com\/site\/index.php?rest_route=\/wp\/v2\/posts\/80500","targetHints":{"allow":["GET"]}}],"collection":[{"href":"https:\/\/folhadosudeste.com\/site\/index.php?rest_route=\/wp\/v2\/posts"}],"about":[{"href":"https:\/\/folhadosudeste.com\/site\/index.php?rest_route=\/wp\/v2\/types\/post"}],"author":[{"embeddable":true,"href":"https:\/\/folhadosudeste.com\/site\/index.php?rest_route=\/wp\/v2\/users\/6"}],"replies":[{"embeddable":true,"href":"https:\/\/folhadosudeste.com\/site\/index.php?rest_route=%2Fwp%2Fv2%2Fcomments&post=80500"}],"version-history":[{"count":1,"href":"https:\/\/folhadosudeste.com\/site\/index.php?rest_route=\/wp\/v2\/posts\/80500\/revisions"}],"predecessor-version":[{"id":80508,"href":"https:\/\/folhadosudeste.com\/site\/index.php?rest_route=\/wp\/v2\/posts\/80500\/revisions\/80508"}],"wp:attachment":[{"href":"https:\/\/folhadosudeste.com\/site\/index.php?rest_route=%2Fwp%2Fv2%2Fmedia&parent=80500"}],"wp:term":[{"taxonomy":"category","embeddable":true,"href":"https:\/\/folhadosudeste.com\/site\/index.php?rest_route=%2Fwp%2Fv2%2Fcategories&post=80500"},{"taxonomy":"post_tag","embeddable":true,"href":"https:\/\/folhadosudeste.com\/site\/index.php?rest_route=%2Fwp%2Fv2%2Ftags&post=80500"}],"curies":[{"name":"wp","href":"https:\/\/api.w.org\/{rel}","templated":true}]}}